{"id":6007,"date":"2025-02-14T02:32:22","date_gmt":"2025-02-14T02:32:22","guid":{"rendered":"https:\/\/pornuestrolaredo.com\/?p=6007"},"modified":"2025-02-14T02:32:35","modified_gmt":"2025-02-14T02:32:35","slug":"filmaran-en-2025-the-batman-de-matt-reeves","status":"publish","type":"post","link":"https:\/\/pornuestrolaredo.com\/?p=6007","title":{"rendered":"Filmar\u00e1n en 2025 The Batman, de Matt Reeves"},"content":{"rendered":"<p><strong>LONDRES.-<\/strong><em> El actor Robert Pattinson calm\u00f3 a millones de fans de DC al revelar que el rodaje de la segunda parte de The Batman, de Matt Reeves, est\u00e1 previsto para arrancar a finales de 2025.<\/p>\n<p>De acuerdo con Deadline, el histri\u00f3n dio esta noticia durante la alfombra roja en Londres de su nueva pel\u00edcula, Mickey 17, asegurando que la trama de dicha secuela &#8220;es genial&#8221;.<\/p>\n<p>Sin dar muchos detalles m\u00e1s, Pattinson se mostr\u00f3 emocionado de finalmente entrar de lleno a la producci\u00f3n de la pel\u00edcula, luego de varios retrasos en el calendario. &#8220;Todo parece tan lejano porque el Covid borr\u00f3 tres a\u00f1os&#8221;, reconoci\u00f3.<\/p>\n<p>Y es que apenas hace unas semanas, Warner Bros. retras\u00f3 la fecha de estreno de la cinta: del 2 de octubre de 2026 al 1 de octubre de 2027. Posteriormente, Reeves adelant\u00f3 en la alfombra roja de los Globos de Oro que The Batman II comenzar\u00eda a rodarse en &#8220;alg\u00fan momento de este a\u00f1o&#8221;. Ahora, Pattinson ya dio una fecha m\u00e1s pr\u00f3xima para la filmaci\u00f3n.<br \/>\nLa secuela se confirm\u00f3 por primera vez en CinemaCon, en abril de 2022, con el regreso de Pattinson en el personaje titular y Reeves en la direcci\u00f3n, junto con Mattson Tomlin como coguionista. <\/p>\n<p>La primera pel\u00edcula de este universo alternativo de DC, ideado por Reeves, recaud\u00f3 cerca de 800 millones de d\u00f3lares a nivel mundial para Warner Bros. y cosech\u00f3 cr\u00edticas generalmente positivas, as\u00ed como tres nominaciones al \u00d3scar.<\/p>\n<p>Sin embargo, antes de que se convierta de nueva cuenta en el &#8220;Caballero Oscuro&#8221;, Pattinson tiene previsto rodar la esperada pel\u00edcula The Odyssey, de Christopher Nolan.<\/p>\n","protected":false},"excerpt":{"rendered":"<p>El actor Robert Pattinson calm\u00f3 a millones de fans de DC durante la alfombra roja en Londres de su nueva pel\u00edcula, Mickey 17<\/p>\n","protected":false},"author":1,"featured_media":6008,"comment_status":"closed","ping_status":"closed","sticky":false,"template":"","format":"standard","meta":{"_crdt_document":"","_jetpack_memberships_contains_paid_content":false,"footnotes":"","jetpack_publicize_message":"","jetpack_publicize_feature_enabled":true,"jetpack_social_post_already_shared":true,"jetpack_social_options":{"image_generator_settings":{"template":"highway","default_image_id":0,"font":"","enabled":false},"version":2},"_wpas_customize_per_network":false},"categories":[34],"tags":[],"class_list":["post-6007","post","type-post","status-publish","format-standard","has-post-thumbnail","hentry","category-farandula"],"magazineBlocksPostFeaturedMedia":{"thumbnail":"https:\/\/pornuestrolaredo.com\/wp-content\/uploads\/2025\/02\/Stereo91-20250213-5-150x150.jpg","medium":"https:\/\/pornuestrolaredo.com\/wp-content\/uploads\/2025\/02\/Stereo91-20250213-5-300x200.jpg","medium_large":"https:\/\/pornuestrolaredo.com\/wp-content\/uploads\/2025\/02\/Stereo91-20250213-5-768x512.jpg","large":"https:\/\/pornuestrolaredo.com\/wp-content\/uploads\/2025\/02\/Stereo91-20250213-5.jpg","1536x1536":"https:\/\/pornuestrolaredo.com\/wp-content\/uploads\/2025\/02\/Stereo91-20250213-5.jpg","2048x2048":"https:\/\/pornuestrolaredo.com\/wp-content\/uploads\/2025\/02\/Stereo91-20250213-5.jpg","morenews-large":"https:\/\/pornuestrolaredo.com\/wp-content\/uploads\/2025\/02\/Stereo91-20250213-5.jpg","morenews-medium":"https:\/\/pornuestrolaredo.com\/wp-content\/uploads\/2025\/02\/Stereo91-20250213-5.jpg"},"magazineBlocksPostAuthor":{"name":"Redactor","avatar":"https:\/\/pornuestrolaredo.com\/wp-content\/litespeed\/avatar\/dca1d7ec750c399f025f23b0b314f4cf.jpg?ver=1777612120"},"magazineBlocksPostCommentsNumber":false,"magazineBlocksPostExcerpt":"El actor Robert Pattinson calm\u00f3 a millones de fans de DC durante la alfombra roja en Londres de su nueva pel\u00edcula, Mickey 17","magazineBlocksPostCategories":["Far\u00e1ndula"],"magazineBlocksPostViewCount":181,"magazineBlocksPostReadTime":2,"magazine_blocks_featured_image_url":{"full":["https:\/\/pornuestrolaredo.com\/wp-content\/uploads\/2025\/02\/Stereo91-20250213-5.jpg",960,640,false],"medium":["https:\/\/pornuestrolaredo.com\/wp-content\/uploads\/2025\/02\/Stereo91-20250213-5-300x200.jpg",300,200,true],"thumbnail":["https:\/\/pornuestrolaredo.com\/wp-content\/uploads\/2025\/02\/Stereo91-20250213-5-150x150.jpg",150,150,true]},"magazine_blocks_author":{"display_name":"Redactor","author_link":"https:\/\/pornuestrolaredo.com\/?author=1"},"magazine_blocks_comment":0,"magazine_blocks_author_image":"https:\/\/pornuestrolaredo.com\/wp-content\/litespeed\/avatar\/dca1d7ec750c399f025f23b0b314f4cf.jpg?ver=1777612120","magazine_blocks_category":"<a href=\"#\" class=\"category-link category-link-34\">Far\u00e1ndula<\/a>","jetpack_publicize_connections":[],"featured_image_urls":{"full":["https:\/\/pornuestrolaredo.com\/wp-content\/uploads\/2025\/02\/Stereo91-20250213-5.jpg",960,640,false],"thumbnail":["https:\/\/pornuestrolaredo.com\/wp-content\/uploads\/2025\/02\/Stereo91-20250213-5-150x150.jpg",150,150,true],"medium":["https:\/\/pornuestrolaredo.com\/wp-content\/uploads\/2025\/02\/Stereo91-20250213-5-300x200.jpg",300,200,true],"medium_large":["https:\/\/pornuestrolaredo.com\/wp-content\/uploads\/2025\/02\/Stereo91-20250213-5-768x512.jpg",640,427,true],"large":["https:\/\/pornuestrolaredo.com\/wp-content\/uploads\/2025\/02\/Stereo91-20250213-5.jpg",640,427,false],"1536x1536":["https:\/\/pornuestrolaredo.com\/wp-content\/uploads\/2025\/02\/Stereo91-20250213-5.jpg",960,640,false],"2048x2048":["https:\/\/pornuestrolaredo.com\/wp-content\/uploads\/2025\/02\/Stereo91-20250213-5.jpg",960,640,false],"morenews-large":["https:\/\/pornuestrolaredo.com\/wp-content\/uploads\/2025\/02\/Stereo91-20250213-5.jpg",825,550,false],"morenews-medium":["https:\/\/pornuestrolaredo.com\/wp-content\/uploads\/2025\/02\/Stereo91-20250213-5.jpg",590,393,false]},"author_info":{"info":["Redactor"]},"category_info":"<a href=\"https:\/\/pornuestrolaredo.com\/?cat=34\" rel=\"category\">Far\u00e1ndula<\/a>","tag_info":"Far\u00e1ndula","comment_count":"0","jetpack_featured_media_url":"https:\/\/pornuestrolaredo.com\/wp-content\/uploads\/2025\/02\/Stereo91-20250213-5.jpg","jetpack_sharing_enabled":true,"_links":{"self":[{"href":"https:\/\/pornuestrolaredo.com\/index.php?rest_route=\/wp\/v2\/posts\/6007","targetHints":{"allow":["GET"]}}],"collection":[{"href":"https:\/\/pornuestrolaredo.com\/index.php?rest_route=\/wp\/v2\/posts"}],"about":[{"href":"https:\/\/pornuestrolaredo.com\/index.php?rest_route=\/wp\/v2\/types\/post"}],"author":[{"embeddable":true,"href":"https:\/\/pornuestrolaredo.com\/index.php?rest_route=\/wp\/v2\/users\/1"}],"replies":[{"embeddable":true,"href":"https:\/\/pornuestrolaredo.com\/index.php?rest_route=%2Fwp%2Fv2%2Fcomments&post=6007"}],"version-history":[{"count":1,"href":"https:\/\/pornuestrolaredo.com\/index.php?rest_route=\/wp\/v2\/posts\/6007\/revisions"}],"predecessor-version":[{"id":6009,"href":"https:\/\/pornuestrolaredo.com\/index.php?rest_route=\/wp\/v2\/posts\/6007\/revisions\/6009"}],"wp:featuredmedia":[{"embeddable":true,"href":"https:\/\/pornuestrolaredo.com\/index.php?rest_route=\/wp\/v2\/media\/6008"}],"wp:attachment":[{"href":"https:\/\/pornuestrolaredo.com\/index.php?rest_route=%2Fwp%2Fv2%2Fmedia&parent=6007"}],"wp:term":[{"taxonomy":"category","embeddable":true,"href":"https:\/\/pornuestrolaredo.com\/index.php?rest_route=%2Fwp%2Fv2%2Fcategories&post=6007"},{"taxonomy":"post_tag","embeddable":true,"href":"https:\/\/pornuestrolaredo.com\/index.php?rest_route=%2Fwp%2Fv2%2Ftags&post=6007"}],"curies":[{"name":"wp","href":"https:\/\/api.w.org\/{rel}","templated":true}]}}