{"id":601,"date":"2022-10-15T20:10:45","date_gmt":"2022-10-15T20:10:45","guid":{"rendered":"https:\/\/pornuestrolaredo.com\/?p=601"},"modified":"2022-10-15T20:10:45","modified_gmt":"2022-10-15T20:10:45","slug":"dice-tamaulipas-adios-al-cubrebocas%ef%bf%bc","status":"publish","type":"post","link":"https:\/\/pornuestrolaredo.com\/?p=601","title":{"rendered":"Dice Tamaulipas adi\u00f3s al cubrebocas\ufffc"},"content":{"rendered":"\n<p class=\"wp-block-paragraph\"><strong><em>CIUDAD VICTORIA.<\/em><\/strong>&#8211; Las autoridades de Salud de Tamaulipas anunciaron que dejar\u00e1 de ser obligatorio el uso del cubrebocas en espacios cerrados, salvo en hospitales y consultorios, en donde los pacientes con enfermedades cr\u00f3nicas y empleados deber\u00e1n utilizarlo.<\/p>\n\n\n\n<p class=\"wp-block-paragraph\">El secretario de Salud de Tamaulipas, Vicente Joel Hern\u00e1ndez Navarro, dijo que el sem\u00e1foro epidemiol\u00f3gico en casi todo el estado es verde.<\/p>\n\n\n\n<p class=\"wp-block-paragraph\">El uso del cubrebocas ser\u00e1 de acuerdo al deseo de las personas que ingresen a los lugares cerrados, como supertiendas, restaurantes, gimnasios y otras instalaciones que atiendan al p\u00fablico.<\/p>\n\n\n\n<p class=\"wp-block-paragraph\">Hern\u00e1ndez Navarro dijo que solo se deja la medida en hospitales y consultorios, entre el personal m\u00e9dico, enfermeros y pacientes con alguna o varias comorbilidades.<\/p>\n\n\n\n<blockquote class=\"wp-block-quote is-layout-flow wp-block-quote-is-layout-flow\"><p>La gente que tiene comorbilidad hay que tener la responsabilidad de protegerse, sin que sea una situaci\u00f3n obligatoria, tenemos que quitarle la situaci\u00f3n de obligatorio al uso del cubrebocas&#8221;, indic\u00f3 el secretario.<\/p><\/blockquote>\n\n\n\n<p class=\"wp-block-paragraph\">En \u00e1reas comerciales y establecimientos, detall\u00f3 que los filtros sanitarios tambi\u00e9n ser\u00e1n \u00fanicamente sugeridos.<\/p>\n\n\n\n<blockquote class=\"wp-block-quote is-layout-flow wp-block-quote-is-layout-flow\"><p>Que ya no pongamos en los restaurantes: obligatorio el uso del cubrebocas&#8221;, asever\u00f3.<\/p><\/blockquote>\n\n\n\n<blockquote class=\"wp-block-quote is-layout-flow wp-block-quote-is-layout-flow\"><p>Hasta es una incongruencia&#8221;, critic\u00f3, &#8220;porque entramos con el cubrebocas y entramos y no lo quitamos y a comer, \u00bfno?&#8221;.<\/p><\/blockquote>\n\n\n\n<p class=\"wp-block-paragraph\">Dijo que solo quienes atiendan restaurantes, entre ellos meseros deber\u00e1n usar el cubrebocas para evitar contagios de coronavirus.<\/p>\n\n\n\n<p class=\"wp-block-paragraph\">A la reuni\u00f3n tambi\u00e9n acudi\u00f3 el gobernador Am\u00e9rico Villarreal Anaya, quien preside el Comit\u00e9 y quien fue m\u00e1s conservador en torno al uso del cubrebocas a diferencia del secretario.<\/p>\n\n\n\n<blockquote class=\"wp-block-quote is-layout-flow wp-block-quote-is-layout-flow\"><p>El hecho de poder conservar usar (obligatorio) el cubrebocas en espacios cerrados, no solo nos podr\u00e1 disminuir el padecimiento en concreto del Covid-19, sino de otros padecimientos de \u00edndole invernal&#8221;, se\u00f1al\u00f3.<\/p><\/blockquote>\n\n\n\n<p class=\"wp-block-paragraph\">Villarreal Anaya dijo que el uso del cubrebocas en lugares cerrados y de alta concurrencia es lo m\u00e1s recomendable.<\/p>\n\n\n\n<blockquote class=\"wp-block-quote is-layout-flow wp-block-quote-is-layout-flow\"><p>No s\u00f3lo por el propio hecho de disminuir los padecimientos inherentes al padecimiento del Covid&#8221;, advirti\u00f3, &#8220;las experiencias tambi\u00e9n nos han mostrado que los inviernos previos, los dos a\u00f1os previos de los del cubrebocas hizo que no hubiera pacientes hospitalizados o no hubiera defunciones por influenza, \u00bfpor qu\u00e9?, porque al mismo tiempo que nos protegemos contra el Covid esas medidas hicieron que no se presentar\u00e1 la influenza&#8221;. Adem\u00e1s, reiter\u00f3 el llamado a la poblaci\u00f3n en general del uso del gel antibacterial, la sana distancia y el saludo a la distancia para evitar la propagaci\u00f3n de virus.<\/p><\/blockquote>\n","protected":false},"excerpt":{"rendered":"<p>CIUDAD VICTORIA.&#8211; Las autoridades de Salud de Tamaulipas anunciaron que dejar\u00e1 de ser obligatorio el uso del cubrebocas<\/p>\n","protected":false},"author":1,"featured_media":602,"comment_status":"open","ping_status":"open","sticky":false,"template":"","format":"standard","meta":{"_crdt_document":"","_jetpack_memberships_contains_paid_content":false,"footnotes":"","jetpack_publicize_message":"Ya no ser\u00e1 obligatorio en lugares cerrados como supertiendas, restaurantes y gimnasios; los empleados de cl\u00ednicas, hospitales y meseros s\u00ed deben utilizarlo","jetpack_publicize_feature_enabled":true,"jetpack_social_post_already_shared":true,"jetpack_social_options":{"image_generator_settings":{"template":"highway","default_image_id":0,"font":"","enabled":false},"version":2},"_wpas_customize_per_network":false},"categories":[11],"tags":[],"class_list":["post-601","post","type-post","status-publish","format-standard","has-post-thumbnail","hentry","category-tamaulipas"],"magazineBlocksPostFeaturedMedia":{"thumbnail":"https:\/\/pornuestrolaredo.com\/wp-content\/uploads\/2022\/10\/Stereo91-20221015-3-150x150.jpeg","medium":"https:\/\/pornuestrolaredo.com\/wp-content\/uploads\/2022\/10\/Stereo91-20221015-3-300x157.jpeg","medium_large":"https:\/\/pornuestrolaredo.com\/wp-content\/uploads\/2022\/10\/Stereo91-20221015-3-768x402.jpeg","large":"https:\/\/pornuestrolaredo.com\/wp-content\/uploads\/2022\/10\/Stereo91-20221015-3-1024x536.jpeg","1536x1536":"https:\/\/pornuestrolaredo.com\/wp-content\/uploads\/2022\/10\/Stereo91-20221015-3.jpeg","2048x2048":"https:\/\/pornuestrolaredo.com\/wp-content\/uploads\/2022\/10\/Stereo91-20221015-3.jpeg","morenews-large":"https:\/\/pornuestrolaredo.com\/wp-content\/uploads\/2022\/10\/Stereo91-20221015-3.jpeg","morenews-medium":"https:\/\/pornuestrolaredo.com\/wp-content\/uploads\/2022\/10\/Stereo91-20221015-3.jpeg"},"magazineBlocksPostAuthor":{"name":"Redactor","avatar":"https:\/\/pornuestrolaredo.com\/wp-content\/litespeed\/avatar\/dca1d7ec750c399f025f23b0b314f4cf.jpg?ver=1777612120"},"magazineBlocksPostCommentsNumber":false,"magazineBlocksPostExcerpt":"CIUDAD VICTORIA.&#8211; Las autoridades de Salud de Tamaulipas anunciaron que dejar\u00e1 de ser obligatorio el uso del cubrebocas","magazineBlocksPostCategories":["Tamaulipas"],"magazineBlocksPostViewCount":124,"magazineBlocksPostReadTime":3,"magazine_blocks_featured_image_url":{"full":["https:\/\/pornuestrolaredo.com\/wp-content\/uploads\/2022\/10\/Stereo91-20221015-3.jpeg",1280,670,false],"medium":["https:\/\/pornuestrolaredo.com\/wp-content\/uploads\/2022\/10\/Stereo91-20221015-3-300x157.jpeg",300,157,true],"thumbnail":["https:\/\/pornuestrolaredo.com\/wp-content\/uploads\/2022\/10\/Stereo91-20221015-3-150x150.jpeg",150,150,true]},"magazine_blocks_author":{"display_name":"Redactor","author_link":"https:\/\/pornuestrolaredo.com\/?author=1"},"magazine_blocks_comment":0,"magazine_blocks_author_image":"https:\/\/pornuestrolaredo.com\/wp-content\/litespeed\/avatar\/dca1d7ec750c399f025f23b0b314f4cf.jpg?ver=1777612120","magazine_blocks_category":"<a href=\"#\" class=\"category-link category-link-11\">Tamaulipas<\/a>","jetpack_publicize_connections":[],"featured_image_urls":{"full":["https:\/\/pornuestrolaredo.com\/wp-content\/uploads\/2022\/10\/Stereo91-20221015-3.jpeg",1280,670,false],"thumbnail":["https:\/\/pornuestrolaredo.com\/wp-content\/uploads\/2022\/10\/Stereo91-20221015-3-150x150.jpeg",150,150,true],"medium":["https:\/\/pornuestrolaredo.com\/wp-content\/uploads\/2022\/10\/Stereo91-20221015-3-300x157.jpeg",300,157,true],"medium_large":["https:\/\/pornuestrolaredo.com\/wp-content\/uploads\/2022\/10\/Stereo91-20221015-3-768x402.jpeg",640,335,true],"large":["https:\/\/pornuestrolaredo.com\/wp-content\/uploads\/2022\/10\/Stereo91-20221015-3-1024x536.jpeg",640,335,true],"1536x1536":["https:\/\/pornuestrolaredo.com\/wp-content\/uploads\/2022\/10\/Stereo91-20221015-3.jpeg",1280,670,false],"2048x2048":["https:\/\/pornuestrolaredo.com\/wp-content\/uploads\/2022\/10\/Stereo91-20221015-3.jpeg",1280,670,false],"morenews-large":["https:\/\/pornuestrolaredo.com\/wp-content\/uploads\/2022\/10\/Stereo91-20221015-3.jpeg",825,432,false],"morenews-medium":["https:\/\/pornuestrolaredo.com\/wp-content\/uploads\/2022\/10\/Stereo91-20221015-3.jpeg",590,309,false]},"author_info":{"info":["Redactor"]},"category_info":"<a href=\"https:\/\/pornuestrolaredo.com\/?cat=11\" rel=\"category\">Tamaulipas<\/a>","tag_info":"Tamaulipas","comment_count":"0","jetpack_featured_media_url":"https:\/\/pornuestrolaredo.com\/wp-content\/uploads\/2022\/10\/Stereo91-20221015-3.jpeg","jetpack_sharing_enabled":true,"_links":{"self":[{"href":"https:\/\/pornuestrolaredo.com\/index.php?rest_route=\/wp\/v2\/posts\/601","targetHints":{"allow":["GET"]}}],"collection":[{"href":"https:\/\/pornuestrolaredo.com\/index.php?rest_route=\/wp\/v2\/posts"}],"about":[{"href":"https:\/\/pornuestrolaredo.com\/index.php?rest_route=\/wp\/v2\/types\/post"}],"author":[{"embeddable":true,"href":"https:\/\/pornuestrolaredo.com\/index.php?rest_route=\/wp\/v2\/users\/1"}],"replies":[{"embeddable":true,"href":"https:\/\/pornuestrolaredo.com\/index.php?rest_route=%2Fwp%2Fv2%2Fcomments&post=601"}],"version-history":[{"count":1,"href":"https:\/\/pornuestrolaredo.com\/index.php?rest_route=\/wp\/v2\/posts\/601\/revisions"}],"predecessor-version":[{"id":603,"href":"https:\/\/pornuestrolaredo.com\/index.php?rest_route=\/wp\/v2\/posts\/601\/revisions\/603"}],"wp:featuredmedia":[{"embeddable":true,"href":"https:\/\/pornuestrolaredo.com\/index.php?rest_route=\/wp\/v2\/media\/602"}],"wp:attachment":[{"href":"https:\/\/pornuestrolaredo.com\/index.php?rest_route=%2Fwp%2Fv2%2Fmedia&parent=601"}],"wp:term":[{"taxonomy":"category","embeddable":true,"href":"https:\/\/pornuestrolaredo.com\/index.php?rest_route=%2Fwp%2Fv2%2Fcategories&post=601"},{"taxonomy":"post_tag","embeddable":true,"href":"https:\/\/pornuestrolaredo.com\/index.php?rest_route=%2Fwp%2Fv2%2Ftags&post=601"}],"curies":[{"name":"wp","href":"https:\/\/api.w.org\/{rel}","templated":true}]}}