{"id":6010,"date":"2025-02-14T17:53:44","date_gmt":"2025-02-14T17:53:44","guid":{"rendered":"https:\/\/pornuestrolaredo.com\/?p=6010"},"modified":"2025-02-14T17:53:44","modified_gmt":"2025-02-14T17:53:44","slug":"hospitalizan-al-papa-francisco-2","status":"publish","type":"post","link":"https:\/\/pornuestrolaredo.com\/?p=6010","title":{"rendered":"Hospitalizan al Papa Francisco"},"content":{"rendered":"<p><strong><em>CIUDAD DEL VATICANO.-<\/em><\/strong> El Papa Francisco, de 88 a\u00f1os, fue trasladado este viernes a un hospital para someterse a pruebas y continuar con el tratamiento de la bronquitis que padece, inform\u00f3 El Vaticano.<\/p>\n<blockquote><p>Esta ma\u00f1ana, al t\u00e9rmino de sus audiencias, el Papa Francisco ha sido ingresado en el Policl\u00ednico Agostino Gemelli para someterse a algunas pruebas diagn\u00f3sticas necesarias y continuar en ambiente hospitalario su tratamiento contra la bronquitis que a\u00fan padece&#8221;, dijo la Santa Sede en un comunicado.<\/p><\/blockquote>\n<p>Francisco es Papa desde 2013 y ha sufrido gripe y otros problemas de salud varias veces en los \u00faltimos dos a\u00f1os.<\/p>\n<p>A principios de este mes, Francisco dijo a los peregrinos en una audiencia semanal que sufr\u00eda un &#8220;fuerte resfriado&#8221;, que El Vaticano describi\u00f3 m\u00e1s tarde como bronquitis.<br \/>\nEl Papa ha mantenido su agenda diaria de citas a pesar de su enfermedad, teniendo reuniones en la residencia vaticana donde vive.<\/p>\n<p>Antes de acudir al hospital, este d\u00eda mantuvo un encuentro oficial con el Primer Ministro eslovaco, Robert Fico.<\/p>\n<p>Francisco tambi\u00e9n se reuni\u00f3 hoy por la ma\u00f1ana con el Cardenal Luis Tagle, alto funcionario del Vaticano, con un grupo filantr\u00f3pico cat\u00f3lico de Puerto Rico y con Mark Thompson, presidente y director ejecutivo del canal de noticias CNN.<\/p>\n<p>Una persona que asisti\u00f3 a una de las reuniones, que pidi\u00f3 no ser nombrada por tratarse de un asunto sensible, dijo que el Papa parec\u00eda estar luchando para hablar durante su encuentro.<\/p>\n<p>Francisco ha sufrido recientemente dos ca\u00eddas en su residencia vaticana: se golpe\u00f3 la barbilla en diciembre y se lesion\u00f3 el brazo en enero.<\/p>\n<p>El hospital Gemelli de Roma, el m\u00e1s grande de la ciudad, tiene una suite especial para tratar a los papas. Francisco pas\u00f3 all\u00ed nueve d\u00edas en junio de 2023, cuando fue operado de una hernia abdominal.<\/p>\n","protected":false},"excerpt":{"rendered":"<p>El Vaticano confirma que sufre bronquitis y que lo someter\u00e1n a pruebas y continuar\u00e1 con su tratamiento<\/p>\n","protected":false},"author":1,"featured_media":6011,"comment_status":"closed","ping_status":"closed","sticky":false,"template":"","format":"standard","meta":{"_crdt_document":"","_jetpack_memberships_contains_paid_content":false,"footnotes":"","jetpack_publicize_message":"","jetpack_publicize_feature_enabled":true,"jetpack_social_post_already_shared":true,"jetpack_social_options":{"image_generator_settings":{"template":"highway","default_image_id":0,"font":"","enabled":false},"version":2},"_wpas_customize_per_network":false},"categories":[9],"tags":[],"class_list":["post-6010","post","type-post","status-publish","format-standard","has-post-thumbnail","hentry","category-el-mundo"],"magazineBlocksPostFeaturedMedia":{"thumbnail":"https:\/\/pornuestrolaredo.com\/wp-content\/uploads\/2025\/02\/Stereo91-20250214-3-150x150.jpg","medium":"https:\/\/pornuestrolaredo.com\/wp-content\/uploads\/2025\/02\/Stereo91-20250214-3-300x179.jpg","medium_large":"https:\/\/pornuestrolaredo.com\/wp-content\/uploads\/2025\/02\/Stereo91-20250214-3-768x458.jpg","large":"https:\/\/pornuestrolaredo.com\/wp-content\/uploads\/2025\/02\/Stereo91-20250214-3-1000x597.jpg","1536x1536":"https:\/\/pornuestrolaredo.com\/wp-content\/uploads\/2025\/02\/Stereo91-20250214-3.jpg","2048x2048":"https:\/\/pornuestrolaredo.com\/wp-content\/uploads\/2025\/02\/Stereo91-20250214-3.jpg","morenews-large":"https:\/\/pornuestrolaredo.com\/wp-content\/uploads\/2025\/02\/Stereo91-20250214-3.jpg","morenews-medium":"https:\/\/pornuestrolaredo.com\/wp-content\/uploads\/2025\/02\/Stereo91-20250214-3.jpg"},"magazineBlocksPostAuthor":{"name":"Redactor","avatar":"https:\/\/pornuestrolaredo.com\/wp-content\/litespeed\/avatar\/dca1d7ec750c399f025f23b0b314f4cf.jpg?ver=1777612120"},"magazineBlocksPostCommentsNumber":false,"magazineBlocksPostExcerpt":"El Vaticano confirma que sufre bronquitis y que lo someter\u00e1n a pruebas y continuar\u00e1 con su tratamiento","magazineBlocksPostCategories":["El Mundo"],"magazineBlocksPostViewCount":154,"magazineBlocksPostReadTime":2,"magazine_blocks_featured_image_url":{"full":["https:\/\/pornuestrolaredo.com\/wp-content\/uploads\/2025\/02\/Stereo91-20250214-3.jpg",1024,611,false],"medium":["https:\/\/pornuestrolaredo.com\/wp-content\/uploads\/2025\/02\/Stereo91-20250214-3-300x179.jpg",300,179,true],"thumbnail":["https:\/\/pornuestrolaredo.com\/wp-content\/uploads\/2025\/02\/Stereo91-20250214-3-150x150.jpg",150,150,true]},"magazine_blocks_author":{"display_name":"Redactor","author_link":"https:\/\/pornuestrolaredo.com\/?author=1"},"magazine_blocks_comment":0,"magazine_blocks_author_image":"https:\/\/pornuestrolaredo.com\/wp-content\/litespeed\/avatar\/dca1d7ec750c399f025f23b0b314f4cf.jpg?ver=1777612120","magazine_blocks_category":"<a href=\"#\" class=\"category-link category-link-9\">El Mundo<\/a>","jetpack_publicize_connections":[],"featured_image_urls":{"full":["https:\/\/pornuestrolaredo.com\/wp-content\/uploads\/2025\/02\/Stereo91-20250214-3.jpg",1024,611,false],"thumbnail":["https:\/\/pornuestrolaredo.com\/wp-content\/uploads\/2025\/02\/Stereo91-20250214-3-150x150.jpg",150,150,true],"medium":["https:\/\/pornuestrolaredo.com\/wp-content\/uploads\/2025\/02\/Stereo91-20250214-3-300x179.jpg",300,179,true],"medium_large":["https:\/\/pornuestrolaredo.com\/wp-content\/uploads\/2025\/02\/Stereo91-20250214-3-768x458.jpg",640,382,true],"large":["https:\/\/pornuestrolaredo.com\/wp-content\/uploads\/2025\/02\/Stereo91-20250214-3-1000x597.jpg",640,382,true],"1536x1536":["https:\/\/pornuestrolaredo.com\/wp-content\/uploads\/2025\/02\/Stereo91-20250214-3.jpg",1024,611,false],"2048x2048":["https:\/\/pornuestrolaredo.com\/wp-content\/uploads\/2025\/02\/Stereo91-20250214-3.jpg",1024,611,false],"morenews-large":["https:\/\/pornuestrolaredo.com\/wp-content\/uploads\/2025\/02\/Stereo91-20250214-3.jpg",825,492,false],"morenews-medium":["https:\/\/pornuestrolaredo.com\/wp-content\/uploads\/2025\/02\/Stereo91-20250214-3.jpg",590,352,false]},"author_info":{"info":["Redactor"]},"category_info":"<a href=\"https:\/\/pornuestrolaredo.com\/?cat=9\" rel=\"category\">El Mundo<\/a>","tag_info":"El Mundo","comment_count":"0","jetpack_featured_media_url":"https:\/\/pornuestrolaredo.com\/wp-content\/uploads\/2025\/02\/Stereo91-20250214-3.jpg","jetpack_sharing_enabled":true,"_links":{"self":[{"href":"https:\/\/pornuestrolaredo.com\/index.php?rest_route=\/wp\/v2\/posts\/6010","targetHints":{"allow":["GET"]}}],"collection":[{"href":"https:\/\/pornuestrolaredo.com\/index.php?rest_route=\/wp\/v2\/posts"}],"about":[{"href":"https:\/\/pornuestrolaredo.com\/index.php?rest_route=\/wp\/v2\/types\/post"}],"author":[{"embeddable":true,"href":"https:\/\/pornuestrolaredo.com\/index.php?rest_route=\/wp\/v2\/users\/1"}],"replies":[{"embeddable":true,"href":"https:\/\/pornuestrolaredo.com\/index.php?rest_route=%2Fwp%2Fv2%2Fcomments&post=6010"}],"version-history":[{"count":1,"href":"https:\/\/pornuestrolaredo.com\/index.php?rest_route=\/wp\/v2\/posts\/6010\/revisions"}],"predecessor-version":[{"id":6012,"href":"https:\/\/pornuestrolaredo.com\/index.php?rest_route=\/wp\/v2\/posts\/6010\/revisions\/6012"}],"wp:featuredmedia":[{"embeddable":true,"href":"https:\/\/pornuestrolaredo.com\/index.php?rest_route=\/wp\/v2\/media\/6011"}],"wp:attachment":[{"href":"https:\/\/pornuestrolaredo.com\/index.php?rest_route=%2Fwp%2Fv2%2Fmedia&parent=6010"}],"wp:term":[{"taxonomy":"category","embeddable":true,"href":"https:\/\/pornuestrolaredo.com\/index.php?rest_route=%2Fwp%2Fv2%2Fcategories&post=6010"},{"taxonomy":"post_tag","embeddable":true,"href":"https:\/\/pornuestrolaredo.com\/index.php?rest_route=%2Fwp%2Fv2%2Ftags&post=6010"}],"curies":[{"name":"wp","href":"https:\/\/api.w.org\/{rel}","templated":true}]}}