{"id":6020,"date":"2025-02-15T22:01:53","date_gmt":"2025-02-15T22:01:53","guid":{"rendered":"https:\/\/pornuestrolaredo.com\/?p=6020"},"modified":"2025-02-15T22:01:53","modified_gmt":"2025-02-15T22:01:53","slug":"anuncian-conversaciones-de-paz-rusia-ucrania","status":"publish","type":"post","link":"https:\/\/pornuestrolaredo.com\/?p=6020","title":{"rendered":"Anuncian conversaciones de paz Rusia-Ucrania"},"content":{"rendered":"<p><strong><em>WASHINGTON.-<\/em><\/strong> Rusia y Ucracia se sentar\u00e1n junto a Estados Unidos para iniciar conversaciones de paz en Arabia Saudita, \u201cen breve\u201d, aseguraron este s\u00e1bado funcionarios de alto rango del gobierno del presidente estadounidense, Donald Trump.<\/p>\n<p>La versi\u00f3n fue dada a conocer por un legislador estadounidense y una fuente familiarizada con la planificaci\u00f3n que coincidieron en se\u00f1alar que la reuni\u00f3n ser\u00e1 en \u201clos pr\u00f3ximos d\u00edas\u201d.<\/p>\n<p>El secretario de Estado, Marco Rubio, el asesor de Seguridad Nacional de Estados Unidos, Mike Waltz, y el enviado de la Casa Blanca para Oriente Medio, Steve Witkoff, viajar\u00e1n a Arabia Saudita, dijo a Reuters en M\u00fanich el representante estadounidense Michael McCaul.<\/p>\n<p>Una fuente con conocimiento de los planes confirm\u00f3 las conversaciones.<\/p>\n<p>Rusia invadi\u00f3 a su vecina Ucrania en febrero de 2022. Ocupa alrededor de una quinta parte de ese pa\u00eds y ha exigido a Kiev que ceda territorio y sea permanentemente neutral en cualquier acuerdo de paz.<\/p>\n<p>Ucrania exige a Rusia que se retire de la zona conquistada y quiere ingresar en la OTAN o garant\u00edas de seguridad equivalentes para evitar que Mosc\u00fa vuelva a atacar.<\/p>\n<p>Rubio mantuvo una llamada telef\u00f3nica este s\u00e1bado con su hom\u00f3logo ruso, Sergei Lavrov, y hablaron del conflicto en Ucrania, informaron ambas partes. Acordaron contactos regulares para preparar una reuni\u00f3n entre el presidente ruso Vladimir Putin y Trump, dijo el Ministerio de Asuntos Exteriores de Rusia.<\/p>\n<p>McCaul, presidente de la Comisi\u00f3n de Asuntos Exteriores de la C\u00e1mara de Representantes, dijo que ten\u00eda entendido que el presidente ucraniano, Volodimir Zelenski, hab\u00eda sido invitado a participar en las conversaciones saud\u00edes.<\/p>\n<p>McCaul dijo que las conversaciones ten\u00edan como objetivo organizar una reuni\u00f3n con Trump, Putin y Zelenski &#8220;para finalmente traer la paz y poner fin a este conflicto&#8221;.<\/p>\n<p>Cuando se le pregunt\u00f3 sobre la reuni\u00f3n prevista entre funcionarios estadounidenses y rusos en Arabia Saudita, Zelenski -en Alemania para la Conferencia de Seguridad de M\u00fanich- dijo a los periodistas: &#8220;Puede que haya algo (sobre) la mesa, pero no sobre nuestra mesa. No he visto ninguna invitaci\u00f3n (&#8230; para) que Ucrania se re\u00fana con otros enviados&#8221;.<\/p>\n<p>Dijo que ser\u00eda extra\u00f1o para \u00e9l hablar con funcionarios estadounidenses y rusos en Arabia Saudita &#8220;si antes (no hemos) tenido ninguna negociaci\u00f3n entre nosotros y nuestros socios estrat\u00e9gicos. Que yo recuerde, Rusia no es nuestro socio estrat\u00e9gico&#8221;.<\/p>\n<p>Zelenski dijo ayer que visitar\u00eda Emiratos \u00c1rabes Unidos, Arabia Saudita y Turqu\u00eda, pero no precis\u00f3 cu\u00e1ndo. Sin embargo, el dirigente ucraniano dijo que no ten\u00eda previsto reunirse con funcionarios estadounidenses o rusos durante esas visitas.<\/p>\n<p>Zelenski dijo anteriormente que Ucrania nunca aceptar\u00eda ning\u00fan acuerdo de paz alcanzado a sus espaldas o sin la participaci\u00f3n de Kiev. Ucrania ha dicho en repetidas ocasiones que quiere reunirse con Estados Unidos y Europa para dise\u00f1ar una estrategia conjunta antes de cualquier reuni\u00f3n entre Trump y Putin.<\/p>\n<p>La apertura unilateral de Trump a Putin el mi\u00e9rcoles, acompa\u00f1ada de aparentes concesiones en las principales demandas de Ucrania, hizo saltar las alarmas tanto en Kiev como en los aliados europeos de la OTAN, que dijeron temer que la Casa Blanca pudiera llegar a un acuerdo sin contar con ellos.<\/p>\n<p>Los funcionarios europeos adoptaron una l\u00ednea excepcionalmente firme, diciendo que cualquier acuerdo ser\u00eda imposible de aplicar a menos que ellos y los ucranianos estuvieran incluidos en la negociaci\u00f3n del mismo.<\/p>\n<p>Trump, en declaraciones a los periodistas en la Casa Blanca el jueves, dijo que Ucrania tendr\u00eda un asiento en la mesa durante cualquier negociaci\u00f3n de paz con Rusia sobre el fin de la guerra.<\/p>\n<p>Las negociaciones sobre un acuerdo de minerales cr\u00edticos continuaron, con Zelenski diciendo que un proyecto de Washington no conten\u00eda las disposiciones de seguridad que Kiev necesitaba.<\/p>\n<p>Tres fuentes afirmaron que Estados Unidos hab\u00eda propuesto hacerse con la propiedad del 50% de los minerales cr\u00edticos de Ucrania.<\/p>\n","protected":false},"excerpt":{"rendered":"<p>Delegaci\u00f3n norteamericana, rusa y ucraniana se reunir\u00e1n en Arabia Saudita &#8216;en los pr\u00f3ximos d\u00edas&#8217;<\/p>\n","protected":false},"author":1,"featured_media":6021,"comment_status":"closed","ping_status":"closed","sticky":false,"template":"","format":"standard","meta":{"_crdt_document":"","_jetpack_memberships_contains_paid_content":false,"footnotes":"","jetpack_publicize_message":"","jetpack_publicize_feature_enabled":true,"jetpack_social_post_already_shared":true,"jetpack_social_options":{"image_generator_settings":{"template":"highway","default_image_id":0,"font":"","enabled":false},"version":2},"_wpas_customize_per_network":false},"categories":[9],"tags":[],"class_list":["post-6020","post","type-post","status-publish","format-standard","has-post-thumbnail","hentry","category-el-mundo"],"magazineBlocksPostFeaturedMedia":{"thumbnail":"https:\/\/pornuestrolaredo.com\/wp-content\/uploads\/2025\/02\/Stereo91-20250215-1-150x150.jpg","medium":"https:\/\/pornuestrolaredo.com\/wp-content\/uploads\/2025\/02\/Stereo91-20250215-1-300x200.jpg","medium_large":"https:\/\/pornuestrolaredo.com\/wp-content\/uploads\/2025\/02\/Stereo91-20250215-1-768x512.jpg","large":"https:\/\/pornuestrolaredo.com\/wp-content\/uploads\/2025\/02\/Stereo91-20250215-1.jpg","1536x1536":"https:\/\/pornuestrolaredo.com\/wp-content\/uploads\/2025\/02\/Stereo91-20250215-1.jpg","2048x2048":"https:\/\/pornuestrolaredo.com\/wp-content\/uploads\/2025\/02\/Stereo91-20250215-1.jpg","morenews-large":"https:\/\/pornuestrolaredo.com\/wp-content\/uploads\/2025\/02\/Stereo91-20250215-1.jpg","morenews-medium":"https:\/\/pornuestrolaredo.com\/wp-content\/uploads\/2025\/02\/Stereo91-20250215-1.jpg"},"magazineBlocksPostAuthor":{"name":"Redactor","avatar":"https:\/\/pornuestrolaredo.com\/wp-content\/litespeed\/avatar\/dca1d7ec750c399f025f23b0b314f4cf.jpg?ver=1777612120"},"magazineBlocksPostCommentsNumber":false,"magazineBlocksPostExcerpt":"Delegaci\u00f3n norteamericana, rusa y ucraniana se reunir\u00e1n en Arabia Saudita 'en los pr\u00f3ximos d\u00edas'","magazineBlocksPostCategories":["El Mundo"],"magazineBlocksPostViewCount":129,"magazineBlocksPostReadTime":4,"magazine_blocks_featured_image_url":{"full":["https:\/\/pornuestrolaredo.com\/wp-content\/uploads\/2025\/02\/Stereo91-20250215-1.jpg",960,640,false],"medium":["https:\/\/pornuestrolaredo.com\/wp-content\/uploads\/2025\/02\/Stereo91-20250215-1-300x200.jpg",300,200,true],"thumbnail":["https:\/\/pornuestrolaredo.com\/wp-content\/uploads\/2025\/02\/Stereo91-20250215-1-150x150.jpg",150,150,true]},"magazine_blocks_author":{"display_name":"Redactor","author_link":"https:\/\/pornuestrolaredo.com\/?author=1"},"magazine_blocks_comment":0,"magazine_blocks_author_image":"https:\/\/pornuestrolaredo.com\/wp-content\/litespeed\/avatar\/dca1d7ec750c399f025f23b0b314f4cf.jpg?ver=1777612120","magazine_blocks_category":"<a href=\"#\" class=\"category-link category-link-9\">El Mundo<\/a>","jetpack_publicize_connections":[],"featured_image_urls":{"full":["https:\/\/pornuestrolaredo.com\/wp-content\/uploads\/2025\/02\/Stereo91-20250215-1.jpg",960,640,false],"thumbnail":["https:\/\/pornuestrolaredo.com\/wp-content\/uploads\/2025\/02\/Stereo91-20250215-1-150x150.jpg",150,150,true],"medium":["https:\/\/pornuestrolaredo.com\/wp-content\/uploads\/2025\/02\/Stereo91-20250215-1-300x200.jpg",300,200,true],"medium_large":["https:\/\/pornuestrolaredo.com\/wp-content\/uploads\/2025\/02\/Stereo91-20250215-1-768x512.jpg",640,427,true],"large":["https:\/\/pornuestrolaredo.com\/wp-content\/uploads\/2025\/02\/Stereo91-20250215-1.jpg",640,427,false],"1536x1536":["https:\/\/pornuestrolaredo.com\/wp-content\/uploads\/2025\/02\/Stereo91-20250215-1.jpg",960,640,false],"2048x2048":["https:\/\/pornuestrolaredo.com\/wp-content\/uploads\/2025\/02\/Stereo91-20250215-1.jpg",960,640,false],"morenews-large":["https:\/\/pornuestrolaredo.com\/wp-content\/uploads\/2025\/02\/Stereo91-20250215-1.jpg",825,550,false],"morenews-medium":["https:\/\/pornuestrolaredo.com\/wp-content\/uploads\/2025\/02\/Stereo91-20250215-1.jpg",590,393,false]},"author_info":{"info":["Redactor"]},"category_info":"<a href=\"https:\/\/pornuestrolaredo.com\/?cat=9\" rel=\"category\">El Mundo<\/a>","tag_info":"El Mundo","comment_count":"0","jetpack_featured_media_url":"https:\/\/pornuestrolaredo.com\/wp-content\/uploads\/2025\/02\/Stereo91-20250215-1.jpg","jetpack_sharing_enabled":true,"_links":{"self":[{"href":"https:\/\/pornuestrolaredo.com\/index.php?rest_route=\/wp\/v2\/posts\/6020","targetHints":{"allow":["GET"]}}],"collection":[{"href":"https:\/\/pornuestrolaredo.com\/index.php?rest_route=\/wp\/v2\/posts"}],"about":[{"href":"https:\/\/pornuestrolaredo.com\/index.php?rest_route=\/wp\/v2\/types\/post"}],"author":[{"embeddable":true,"href":"https:\/\/pornuestrolaredo.com\/index.php?rest_route=\/wp\/v2\/users\/1"}],"replies":[{"embeddable":true,"href":"https:\/\/pornuestrolaredo.com\/index.php?rest_route=%2Fwp%2Fv2%2Fcomments&post=6020"}],"version-history":[{"count":1,"href":"https:\/\/pornuestrolaredo.com\/index.php?rest_route=\/wp\/v2\/posts\/6020\/revisions"}],"predecessor-version":[{"id":6022,"href":"https:\/\/pornuestrolaredo.com\/index.php?rest_route=\/wp\/v2\/posts\/6020\/revisions\/6022"}],"wp:featuredmedia":[{"embeddable":true,"href":"https:\/\/pornuestrolaredo.com\/index.php?rest_route=\/wp\/v2\/media\/6021"}],"wp:attachment":[{"href":"https:\/\/pornuestrolaredo.com\/index.php?rest_route=%2Fwp%2Fv2%2Fmedia&parent=6020"}],"wp:term":[{"taxonomy":"category","embeddable":true,"href":"https:\/\/pornuestrolaredo.com\/index.php?rest_route=%2Fwp%2Fv2%2Fcategories&post=6020"},{"taxonomy":"post_tag","embeddable":true,"href":"https:\/\/pornuestrolaredo.com\/index.php?rest_route=%2Fwp%2Fv2%2Ftags&post=6020"}],"curies":[{"name":"wp","href":"https:\/\/api.w.org\/{rel}","templated":true}]}}