{"id":6037,"date":"2025-02-18T19:23:24","date_gmt":"2025-02-18T19:23:24","guid":{"rendered":"https:\/\/pornuestrolaredo.com\/?p=6037"},"modified":"2025-02-18T19:23:24","modified_gmt":"2025-02-18T19:23:24","slug":"advierte-proteccion-civil-por-fuerte-descenso-de-temperatura","status":"publish","type":"post","link":"https:\/\/pornuestrolaredo.com\/?p=6037","title":{"rendered":"Advierte Protecci\u00f3n Civil  por fuerte descenso de temperatura"},"content":{"rendered":"<p><strong>NUEVO LAREDO.-<\/strong> La Direcci\u00f3n de Protecci\u00f3n Civil y Bomberos de Nuevo Laredo inform\u00f3 que a partir del mi\u00e9rcoles se registrar\u00e1 un descenso en la temperatura, acompa\u00f1ado de probabilidad de lluvias, debido a la interacci\u00f3n de una vaguada en niveles altos de la atm\u00f3sfera con la humedad de la corriente en chorro subtropical y una l\u00ednea seca sobre Coahuila.<\/p>\n<p>De acuerdo con el Servicio Meteorol\u00f3gico Nacional (SMN), este fen\u00f3meno afectar\u00e1 a la regi\u00f3n durante el fin de semana, con temperaturas m\u00ednimas de grados y m\u00e1ximas de 18 grados.<\/p>\n<p>Humberto Fern\u00e1ndez Diez de Pinos, director de la dependencia, inform\u00f3 que para el mi\u00e9rcoles, se espera una temperatura por la ma\u00f1ana de 4 grados, una m\u00e1xima de 11\u00b0C y una probabilidad de lluvias del 5 al 18%.<\/p>\n<p>El jueves, el term\u00f3metro descender\u00e1 a\u00fan m\u00e1s, alcanzando una m\u00ednima de 1 grado bajo cero,  una m\u00e1xima de 7\u00b0C, con la misma probabilidad de precipitaciones.<\/p>\n<p>El viernes, se prev\u00e9 un amanecer de apenas 1 grado, por la tarde una m\u00e1xima de 6 y 10% de probabilidad de lluvia.<\/p>\n<p>Protecci\u00f3n Civil exhort\u00f3 a la poblaci\u00f3n a tomar precauciones ante la llegada del frente fr\u00edo y recomend\u00f3 abrigarse adecuadamente, evitar cambios bruscos de temperatura y no utilizar anafres o braseros en espacios cerrados para prevenir intoxicaciones por mon\u00f3xido de carbono.<\/p>\n<p>Asimismo, advirti\u00f3 que al descender la temperatura a 10\u00b0C o menos, se activa el Operativo Carrusel, el cual brinda atenci\u00f3n a personas en situaci\u00f3n vulnerable.<\/p>\n<p>Las autoridades hicieron un llamado a la ciudadan\u00eda a permanecer atenta a los avisos oficiales y reportar cualquier emergencia al 911 o a los n\u00fameros de Protecci\u00f3n Civil y Bomberos.<\/p>\n","protected":false},"excerpt":{"rendered":"<p>Hay pron\u00f3stico de hasta 1 grado bajo cero y probabilidad de lluvias<\/p>\n","protected":false},"author":1,"featured_media":6038,"comment_status":"closed","ping_status":"closed","sticky":false,"template":"","format":"standard","meta":{"_crdt_document":"","_jetpack_memberships_contains_paid_content":false,"footnotes":"","jetpack_publicize_message":"","jetpack_publicize_feature_enabled":true,"jetpack_social_post_already_shared":true,"jetpack_social_options":{"image_generator_settings":{"template":"highway","default_image_id":0,"font":"","enabled":false},"version":2},"_wpas_customize_per_network":false},"categories":[4],"tags":[],"class_list":["post-6037","post","type-post","status-publish","format-standard","has-post-thumbnail","hentry","category-los-dos-laredos"],"magazineBlocksPostFeaturedMedia":{"thumbnail":"https:\/\/pornuestrolaredo.com\/wp-content\/uploads\/2025\/02\/PNL-20250218-1-150x150.jpg","medium":"https:\/\/pornuestrolaredo.com\/wp-content\/uploads\/2025\/02\/PNL-20250218-1-300x200.jpg","medium_large":"https:\/\/pornuestrolaredo.com\/wp-content\/uploads\/2025\/02\/PNL-20250218-1-768x513.jpg","large":"https:\/\/pornuestrolaredo.com\/wp-content\/uploads\/2025\/02\/PNL-20250218-1-1000x668.jpg","1536x1536":"https:\/\/pornuestrolaredo.com\/wp-content\/uploads\/2025\/02\/PNL-20250218-1-1536x1026.jpg","2048x2048":"https:\/\/pornuestrolaredo.com\/wp-content\/uploads\/2025\/02\/PNL-20250218-1.jpg","morenews-large":"https:\/\/pornuestrolaredo.com\/wp-content\/uploads\/2025\/02\/PNL-20250218-1.jpg","morenews-medium":"https:\/\/pornuestrolaredo.com\/wp-content\/uploads\/2025\/02\/PNL-20250218-1.jpg"},"magazineBlocksPostAuthor":{"name":"Redactor","avatar":"https:\/\/pornuestrolaredo.com\/wp-content\/litespeed\/avatar\/dca1d7ec750c399f025f23b0b314f4cf.jpg?ver=1777612120"},"magazineBlocksPostCommentsNumber":false,"magazineBlocksPostExcerpt":"Hay pron\u00f3stico de hasta 1 grado bajo cero y probabilidad de lluvias","magazineBlocksPostCategories":["Los dos Laredos"],"magazineBlocksPostViewCount":133,"magazineBlocksPostReadTime":2,"magazine_blocks_featured_image_url":{"full":["https:\/\/pornuestrolaredo.com\/wp-content\/uploads\/2025\/02\/PNL-20250218-1.jpg",1600,1069,false],"medium":["https:\/\/pornuestrolaredo.com\/wp-content\/uploads\/2025\/02\/PNL-20250218-1-300x200.jpg",300,200,true],"thumbnail":["https:\/\/pornuestrolaredo.com\/wp-content\/uploads\/2025\/02\/PNL-20250218-1-150x150.jpg",150,150,true]},"magazine_blocks_author":{"display_name":"Redactor","author_link":"https:\/\/pornuestrolaredo.com\/?author=1"},"magazine_blocks_comment":0,"magazine_blocks_author_image":"https:\/\/pornuestrolaredo.com\/wp-content\/litespeed\/avatar\/dca1d7ec750c399f025f23b0b314f4cf.jpg?ver=1777612120","magazine_blocks_category":"<a href=\"#\" class=\"category-link category-link-4\">Los dos Laredos<\/a>","jetpack_publicize_connections":[],"featured_image_urls":{"full":["https:\/\/pornuestrolaredo.com\/wp-content\/uploads\/2025\/02\/PNL-20250218-1.jpg",1600,1069,false],"thumbnail":["https:\/\/pornuestrolaredo.com\/wp-content\/uploads\/2025\/02\/PNL-20250218-1-150x150.jpg",150,150,true],"medium":["https:\/\/pornuestrolaredo.com\/wp-content\/uploads\/2025\/02\/PNL-20250218-1-300x200.jpg",300,200,true],"medium_large":["https:\/\/pornuestrolaredo.com\/wp-content\/uploads\/2025\/02\/PNL-20250218-1-768x513.jpg",640,428,true],"large":["https:\/\/pornuestrolaredo.com\/wp-content\/uploads\/2025\/02\/PNL-20250218-1-1000x668.jpg",640,428,true],"1536x1536":["https:\/\/pornuestrolaredo.com\/wp-content\/uploads\/2025\/02\/PNL-20250218-1-1536x1026.jpg",1536,1026,true],"2048x2048":["https:\/\/pornuestrolaredo.com\/wp-content\/uploads\/2025\/02\/PNL-20250218-1.jpg",1600,1069,false],"morenews-large":["https:\/\/pornuestrolaredo.com\/wp-content\/uploads\/2025\/02\/PNL-20250218-1.jpg",825,551,false],"morenews-medium":["https:\/\/pornuestrolaredo.com\/wp-content\/uploads\/2025\/02\/PNL-20250218-1.jpg",590,394,false]},"author_info":{"info":["Redactor"]},"category_info":"<a href=\"https:\/\/pornuestrolaredo.com\/?cat=4\" rel=\"category\">Los dos Laredos<\/a>","tag_info":"Los dos Laredos","comment_count":"0","jetpack_featured_media_url":"https:\/\/pornuestrolaredo.com\/wp-content\/uploads\/2025\/02\/PNL-20250218-1.jpg","jetpack_sharing_enabled":true,"_links":{"self":[{"href":"https:\/\/pornuestrolaredo.com\/index.php?rest_route=\/wp\/v2\/posts\/6037","targetHints":{"allow":["GET"]}}],"collection":[{"href":"https:\/\/pornuestrolaredo.com\/index.php?rest_route=\/wp\/v2\/posts"}],"about":[{"href":"https:\/\/pornuestrolaredo.com\/index.php?rest_route=\/wp\/v2\/types\/post"}],"author":[{"embeddable":true,"href":"https:\/\/pornuestrolaredo.com\/index.php?rest_route=\/wp\/v2\/users\/1"}],"replies":[{"embeddable":true,"href":"https:\/\/pornuestrolaredo.com\/index.php?rest_route=%2Fwp%2Fv2%2Fcomments&post=6037"}],"version-history":[{"count":1,"href":"https:\/\/pornuestrolaredo.com\/index.php?rest_route=\/wp\/v2\/posts\/6037\/revisions"}],"predecessor-version":[{"id":6039,"href":"https:\/\/pornuestrolaredo.com\/index.php?rest_route=\/wp\/v2\/posts\/6037\/revisions\/6039"}],"wp:featuredmedia":[{"embeddable":true,"href":"https:\/\/pornuestrolaredo.com\/index.php?rest_route=\/wp\/v2\/media\/6038"}],"wp:attachment":[{"href":"https:\/\/pornuestrolaredo.com\/index.php?rest_route=%2Fwp%2Fv2%2Fmedia&parent=6037"}],"wp:term":[{"taxonomy":"category","embeddable":true,"href":"https:\/\/pornuestrolaredo.com\/index.php?rest_route=%2Fwp%2Fv2%2Fcategories&post=6037"},{"taxonomy":"post_tag","embeddable":true,"href":"https:\/\/pornuestrolaredo.com\/index.php?rest_route=%2Fwp%2Fv2%2Ftags&post=6037"}],"curies":[{"name":"wp","href":"https:\/\/api.w.org\/{rel}","templated":true}]}}