{"id":6054,"date":"2025-02-20T03:22:41","date_gmt":"2025-02-20T03:22:41","guid":{"rendered":"https:\/\/pornuestrolaredo.com\/?p=6054"},"modified":"2025-02-20T03:22:41","modified_gmt":"2025-02-20T03:22:41","slug":"hay-mas-frio-en-eu-que-en-groenlandia","status":"publish","type":"post","link":"https:\/\/pornuestrolaredo.com\/?p=6054","title":{"rendered":"Hay m\u00e1s fr\u00edo en EU que en Groenlandia"},"content":{"rendered":"<p><strong><em>WASHINGTON.-<\/em><\/strong> El v\u00f3rtice polar alcanz\u00f3 el mi\u00e9rcoles su punto m\u00e1ximo en gran parte de Estados Unidos, con un predominio helado que hac\u00eda que la g\u00e9lida Groenlandia pareciera un lugar de vacaciones c\u00e1lido en comparaci\u00f3n. Incluso Marte ha estado m\u00e1s c\u00e1lido que Dakota del Norte esta semana.<\/p>\n<p>Pero hay esperanza. Se prev\u00e9 que algunas de las partes m\u00e1s fr\u00edas de Estados Unidos experimenten un aumento de temperatura de hasta 32 grados Celsius (90 grados Fahrenheit) la pr\u00f3xima semana, antes del previsto regreso de otro aire helado polar la primera semana de marzo, indicaron meteor\u00f3logos.<\/p>\n<p>Con una temperatura de 1 \u00baC (34 \u00baF), Nuuk, la capital de Groenlandia \u2014una isla gigantesca cubierta de hielo cercana al Polo Norte que el presidente Donald Trump intenta adquirir\u2014 estaba 6 \u00baC (11 \u00baF) m\u00e1s c\u00e1lida que la capital estadounidense de Washington, D.C., el mi\u00e9rcoles por la ma\u00f1ana. La temperatura m\u00ednima promedio del mi\u00e9rcoles en los estados contiguos de Estados Unidos fue de 10.2 \u00baC bajo cero (13.7 \u00baF), y se prev\u00e9 que la m\u00ednima promedio del jueves sea una d\u00e9cima de grado m\u00e1s fr\u00eda, indic\u00f3 el meteor\u00f3logo privado Ryan Maue, excient\u00edfico en jefe de la Oficina Nacional de Administraci\u00f3n Oce\u00e1nica y Atmosf\u00e9rica.<\/p>\n<p>Mientras tanto, partes de Groenlandia han estado experimentando su versi\u00f3n de una ola de calor invernal, con temperaturas de aproximadamente 5 \u00baC (41 \u00baF) en un glaciar al este de Nuuk desde el 12 de febrero, lo que ha provocado un deshielo sostenido, observ\u00f3 Jason Box, cient\u00edfico dan\u00e9s especializado en hielo. Eso es \u201calarmante\u201d, afirm\u00f3 por su parte Ted Scambos, cient\u00edfico de hielo de la Universidad de Colorado, quien se\u00f1al\u00f3 que, al igual que la temporada de incendios forestales, la temporada de deshielo en Groenlandia parece ser m\u00e1s de todo el a\u00f1o.<\/p>\n<blockquote><p>Nos est\u00e1n enviando el aire fr\u00edo que hay all\u00e1, nosotros les estamos enviando el aire c\u00e1lido a ellos\u201d, dijo Judah Cohen, director de pron\u00f3sticos estacionales en la firma privada Atmospheric and Environmental Research.<\/p><\/blockquote>\n<p>Nuuk se siente primaveral y m\u00e1s c\u00e1lida que la Navidad en el norte de Espa\u00f1a, observ\u00f3 Daniel Rodr\u00edguez, un espa\u00f1ol que se mud\u00f3 a Groenlandia en 2023.<\/p>\n<blockquote><p>Hace diez a\u00f1os hac\u00eda fr\u00edo y hab\u00eda mucha nieve, pero ahora es diferente\u201d, manifest\u00f3 Melina Moller-Olsen, una groenlandesa que ha vivido en Nuuk durante 41 a\u00f1os. \u201cNo me gusta porque amo el invierno\u201d.<\/p><\/blockquote>\n<p>El v\u00f3rtice polar \u2014que normalmente atrapa aire g\u00e9lido alrededor de la parte superior del globo terr\u00e1queo\u2014 se ha extendido por d\u00e9cima vez este invierno y por decimotercera vez desde octubre, por lo que el fr\u00edo ha llegado hasta el sur de Texas, se\u00f1al\u00f3 Cohen. Adem\u00e1s de eso, la alta presi\u00f3n y el clima c\u00e1lido en Groenlandia est\u00e1n ayudando a canalizar e intensificar el aire fr\u00edo, con una alta presi\u00f3n evidente hacia el sur hasta Estados Unidos, lo que lo hace a\u00fan m\u00e1s fr\u00edo, agreg\u00f3.<\/p>\n<blockquote><p>Estamos viendo lo peor del invierno\u201d, manifest\u00f3 Maue. \u201cEsto es extremo. Est\u00e1 al nivel m\u00e1s fr\u00edo que puede alcanzar en esta \u00e9poca del a\u00f1o en muchos lugares, desde las Dakotas hasta Texas\u201d.<\/p><\/blockquote>\n<p>El largo brote de aire polar alcanz\u00f3 su punto m\u00e1ximo el mi\u00e9rcoles en t\u00e9rminos de intensidad y extensi\u00f3n en Estados Unidos, se\u00f1al\u00f3 Andrew Orrison, meteor\u00f3logo del Centro de Pron\u00f3sticos Meteorol\u00f3gicos de la Administraci\u00f3n Nacional de Meteorolog\u00eda. Se rompieron r\u00e9cords y es posible que se rompan m\u00e1s, indicaron \u00e9l y otros meteor\u00f3logos. El martes, la ciudad de Bismarck, Dakota del Norte, estableci\u00f3 un r\u00e9cord de temperatura m\u00ednima de 39 grados bajo cero (tanto Fahrenheit como Celsius). El lunes, Bismarck tuvo una m\u00e1xima de 24 \u00baC bajo cero (11 \u00baF bajo cero). Ese mismo d\u00eda, el Cr\u00e1ter Gale en Marte se calent\u00f3 hasta una m\u00e1xima de 20 \u00baC bajo cero (4 \u00baF bajo cero), indic\u00f3 Maue.<\/p>\n<p>Hettinger, Dakota del Norte, fue el lugar m\u00e1s fr\u00edo de la naci\u00f3n el mi\u00e9rcoles, con 43 \u00baC bajo cero (45 \u00baF bajo cero), apunt\u00f3 Orrison. Pero para el domingo, esa parte de Dakota del Norte alcanzar\u00e1 unos 10 \u00baC (50 \u00baF), un giro de 32 \u00baC (90 \u00baF), agreg\u00f3 Orrison.<\/p>\n<p>Tomar\u00e1 un tiempo para que todo el mundo se descongele. El s\u00e1bado y el domingo, hasta 230 millones de estadounidenses sentir\u00e1n temperaturas bajo cero, indic\u00f3 Maue. Para el lunes, 143 millones de personas experimentar\u00e1n ese fr\u00edo, y para el martes s\u00f3lo 40 millones, agreg\u00f3. Y el martes, todos en Estados Unidos estar\u00e1n por encima de cero en alg\u00fan momento.<\/p>\n<blockquote><p>Seremos testigos de un aire del Pac\u00edfico mucho m\u00e1s c\u00e1lido que se tornar\u00e1 predominante\u201d, observ\u00f3 Maue. \u201cS\u00f3lo tiene que llegar aqu\u00ed. Est\u00e1 intentando\u201d.<\/p><\/blockquote>\n<p>A pesar de que la parte de Estados Unidos que se encuentra al este de las Monta\u00f1as Rocosas \u2014menos del 2% de la superficie del globo\u2014 ha estado en un congelamiento prolongado, el resto del mundo no. La Tierra entera el lunes estaba 0.45 \u00baC (0.8 \u00baF) m\u00e1s c\u00e1lida que el promedio de 1991 a 2020, seg\u00fan el servicio clim\u00e1tico europeo Copernicus.<\/p>\n<p>Los modelos de pron\u00f3stico por computadora indican que el v\u00f3rtice polar probablemente se extender\u00e1 nuevamente, enviando aire fr\u00edo hacia el sur en alg\u00fan lugar espec\u00edfico y probablemente hacia Estados Unidos, aproximadamente el 5 de marzo, se\u00f1al\u00f3 Cohen. Es bastante tarde para que el v\u00f3rtice polar se extienda, agreg\u00f3, pero \u201cesta temporada todo parece muy inusual\u201d.<\/p>\n<p>En general, en los \u00faltimos a\u00f1os ha habido m\u00e1s eventos de extensi\u00f3n del v\u00f3rtice polar y eso puede estar relacionado con un \u00c1rtico que se calienta cuatro veces m\u00e1s r\u00e1pido que el resto del globo debido al cambio clim\u00e1tico causado por el hombre, observ\u00f3 Cohen, y mencion\u00f3 un estudio efectuado en 2021. Otros factores m\u00e1s naturales, tales como La Ni\u00f1a \u2014el enfriamiento temporal del Pac\u00edfico central que altera el clima en todo el mundo\u2014 tambi\u00e9n parecen estar influyendo, agreg\u00f3.<\/p>\n<p>Al observar los \u00faltimos cinco inviernos, febrero \u2014que no suele ser tan fr\u00edo como enero\u2014 sigue registrando las temperaturas m\u00e1s fr\u00edas de la temporada, y \u00e9se es ciertamente el caso este a\u00f1o, se\u00f1al\u00f3 Maue.<\/p>\n","protected":false},"excerpt":{"rendered":"<p>Esta semana, la isla m\u00e1s grande del mundo y que se ubica cerca del Polo Norte experimenta una \u2018onda de calor\u2019 que causa deshielo sostenido<\/p>\n","protected":false},"author":1,"featured_media":6056,"comment_status":"closed","ping_status":"closed","sticky":false,"template":"","format":"standard","meta":{"_crdt_document":"","_jetpack_memberships_contains_paid_content":false,"footnotes":"","jetpack_publicize_message":"","jetpack_publicize_feature_enabled":true,"jetpack_social_post_already_shared":true,"jetpack_social_options":{"image_generator_settings":{"template":"highway","default_image_id":0,"font":"","enabled":false},"version":2},"_wpas_customize_per_network":false},"categories":[9],"tags":[],"class_list":["post-6054","post","type-post","status-publish","format-standard","has-post-thumbnail","hentry","category-el-mundo"],"magazineBlocksPostFeaturedMedia":{"thumbnail":"https:\/\/pornuestrolaredo.com\/wp-content\/uploads\/2025\/02\/Stereo91-20250219-4-150x150.jpg","medium":"https:\/\/pornuestrolaredo.com\/wp-content\/uploads\/2025\/02\/Stereo91-20250219-4-300x200.jpg","medium_large":"https:\/\/pornuestrolaredo.com\/wp-content\/uploads\/2025\/02\/Stereo91-20250219-4-768x512.jpg","large":"https:\/\/pornuestrolaredo.com\/wp-content\/uploads\/2025\/02\/Stereo91-20250219-4.jpg","1536x1536":"https:\/\/pornuestrolaredo.com\/wp-content\/uploads\/2025\/02\/Stereo91-20250219-4.jpg","2048x2048":"https:\/\/pornuestrolaredo.com\/wp-content\/uploads\/2025\/02\/Stereo91-20250219-4.jpg","morenews-large":"https:\/\/pornuestrolaredo.com\/wp-content\/uploads\/2025\/02\/Stereo91-20250219-4.jpg","morenews-medium":"https:\/\/pornuestrolaredo.com\/wp-content\/uploads\/2025\/02\/Stereo91-20250219-4.jpg"},"magazineBlocksPostAuthor":{"name":"Redactor","avatar":"https:\/\/pornuestrolaredo.com\/wp-content\/litespeed\/avatar\/dca1d7ec750c399f025f23b0b314f4cf.jpg?ver=1777612120"},"magazineBlocksPostCommentsNumber":false,"magazineBlocksPostExcerpt":"Esta semana, la isla m\u00e1s grande del mundo y que se ubica cerca del Polo Norte experimenta una \u2018onda de calor\u2019 que causa deshielo sostenido","magazineBlocksPostCategories":["El Mundo"],"magazineBlocksPostViewCount":123,"magazineBlocksPostReadTime":6,"magazine_blocks_featured_image_url":{"full":["https:\/\/pornuestrolaredo.com\/wp-content\/uploads\/2025\/02\/Stereo91-20250219-4.jpg",850,567,false],"medium":["https:\/\/pornuestrolaredo.com\/wp-content\/uploads\/2025\/02\/Stereo91-20250219-4-300x200.jpg",300,200,true],"thumbnail":["https:\/\/pornuestrolaredo.com\/wp-content\/uploads\/2025\/02\/Stereo91-20250219-4-150x150.jpg",150,150,true]},"magazine_blocks_author":{"display_name":"Redactor","author_link":"https:\/\/pornuestrolaredo.com\/?author=1"},"magazine_blocks_comment":0,"magazine_blocks_author_image":"https:\/\/pornuestrolaredo.com\/wp-content\/litespeed\/avatar\/dca1d7ec750c399f025f23b0b314f4cf.jpg?ver=1777612120","magazine_blocks_category":"<a href=\"#\" class=\"category-link category-link-9\">El Mundo<\/a>","jetpack_publicize_connections":[],"featured_image_urls":{"full":["https:\/\/pornuestrolaredo.com\/wp-content\/uploads\/2025\/02\/Stereo91-20250219-4.jpg",850,567,false],"thumbnail":["https:\/\/pornuestrolaredo.com\/wp-content\/uploads\/2025\/02\/Stereo91-20250219-4-150x150.jpg",150,150,true],"medium":["https:\/\/pornuestrolaredo.com\/wp-content\/uploads\/2025\/02\/Stereo91-20250219-4-300x200.jpg",300,200,true],"medium_large":["https:\/\/pornuestrolaredo.com\/wp-content\/uploads\/2025\/02\/Stereo91-20250219-4-768x512.jpg",640,427,true],"large":["https:\/\/pornuestrolaredo.com\/wp-content\/uploads\/2025\/02\/Stereo91-20250219-4.jpg",640,427,false],"1536x1536":["https:\/\/pornuestrolaredo.com\/wp-content\/uploads\/2025\/02\/Stereo91-20250219-4.jpg",850,567,false],"2048x2048":["https:\/\/pornuestrolaredo.com\/wp-content\/uploads\/2025\/02\/Stereo91-20250219-4.jpg",850,567,false],"morenews-large":["https:\/\/pornuestrolaredo.com\/wp-content\/uploads\/2025\/02\/Stereo91-20250219-4.jpg",825,550,false],"morenews-medium":["https:\/\/pornuestrolaredo.com\/wp-content\/uploads\/2025\/02\/Stereo91-20250219-4.jpg",590,394,false]},"author_info":{"info":["Redactor"]},"category_info":"<a href=\"https:\/\/pornuestrolaredo.com\/?cat=9\" rel=\"category\">El Mundo<\/a>","tag_info":"El Mundo","comment_count":"0","jetpack_featured_media_url":"https:\/\/pornuestrolaredo.com\/wp-content\/uploads\/2025\/02\/Stereo91-20250219-4.jpg","jetpack_sharing_enabled":true,"_links":{"self":[{"href":"https:\/\/pornuestrolaredo.com\/index.php?rest_route=\/wp\/v2\/posts\/6054","targetHints":{"allow":["GET"]}}],"collection":[{"href":"https:\/\/pornuestrolaredo.com\/index.php?rest_route=\/wp\/v2\/posts"}],"about":[{"href":"https:\/\/pornuestrolaredo.com\/index.php?rest_route=\/wp\/v2\/types\/post"}],"author":[{"embeddable":true,"href":"https:\/\/pornuestrolaredo.com\/index.php?rest_route=\/wp\/v2\/users\/1"}],"replies":[{"embeddable":true,"href":"https:\/\/pornuestrolaredo.com\/index.php?rest_route=%2Fwp%2Fv2%2Fcomments&post=6054"}],"version-history":[{"count":1,"href":"https:\/\/pornuestrolaredo.com\/index.php?rest_route=\/wp\/v2\/posts\/6054\/revisions"}],"predecessor-version":[{"id":6057,"href":"https:\/\/pornuestrolaredo.com\/index.php?rest_route=\/wp\/v2\/posts\/6054\/revisions\/6057"}],"wp:featuredmedia":[{"embeddable":true,"href":"https:\/\/pornuestrolaredo.com\/index.php?rest_route=\/wp\/v2\/media\/6056"}],"wp:attachment":[{"href":"https:\/\/pornuestrolaredo.com\/index.php?rest_route=%2Fwp%2Fv2%2Fmedia&parent=6054"}],"wp:term":[{"taxonomy":"category","embeddable":true,"href":"https:\/\/pornuestrolaredo.com\/index.php?rest_route=%2Fwp%2Fv2%2Fcategories&post=6054"},{"taxonomy":"post_tag","embeddable":true,"href":"https:\/\/pornuestrolaredo.com\/index.php?rest_route=%2Fwp%2Fv2%2Ftags&post=6054"}],"curies":[{"name":"wp","href":"https:\/\/api.w.org\/{rel}","templated":true}]}}