{"id":6058,"date":"2025-02-20T03:37:01","date_gmt":"2025-02-20T03:37:01","guid":{"rendered":"https:\/\/pornuestrolaredo.com\/?p=6058"},"modified":"2025-02-20T03:37:01","modified_gmt":"2025-02-20T03:37:01","slug":"6058","status":"publish","type":"post","link":"https:\/\/pornuestrolaredo.com\/?p=6058","title":{"rendered":""},"content":{"rendered":"<p><strong><em>CIUDAD DE M\u00c9XICO.-<\/em><\/strong> Tras ocho a\u00f1os de reseteo emocional, Miguel Bos\u00e9 est\u00e1 listo para emprender una gira que lo llevar\u00e1 por M\u00e9xico, Espa\u00f1a y Estados Unidos.<\/p>\n<p>En esos ocho a\u00f1os cambi\u00f3 de residencia de Panam\u00e1 a M\u00e9xico, se divorci\u00f3, sufri\u00f3 dos enormes p\u00e9rdidas por el fallecimiento de su madre Luc\u00eda y de su sobrina Bimba, y tuvo algunos problemas de salud, incluyendo dificultades con su voz por una infecci\u00f3n dental no detectada a tiempo.<\/p>\n<blockquote><p>Ha habido de todo, momentos muy duros, sobre todo muy duros, mucho tiempo y muy diversificados en muchos frentes, en lo personal, en lo f\u00edsico, en lo espiritual, lo emocional\u201d, dijo Bos\u00e9 en entrevista con The Associated Press en la Ciudad de M\u00e9xico.<\/p><\/blockquote>\n<blockquote><p>Puse pausa y dije \u2018aqu\u00ed se para todo, arreglo lo que tengo que arreglar, que es mucho\u2019\u201d, agreg\u00f3 sobre este silencio en sus giras. \u201cSobre todo cur\u00e1ndome y cuid\u00e1ndome y arreglando cosas, recuperando, d\u00e1ndole la vuelta a las energ\u00edas, porque hasta que no est\u00e1s bien t\u00fa, nada alrededor tuyo y nadie est\u00e1 bien\u201d.<\/p><\/blockquote>\n<p>Pero no dej\u00f3 de estar activo: escribi\u00f3 dos libros, hizo una serie documental y se mantuvo componiendo. Hasta que lleg\u00f3 el momento adecuado para volver a los escenarios. Bos\u00e9, que este a\u00f1o cumple 69, eligi\u00f3 nombrar Importante a su gira y adelant\u00f3 que tendr\u00e1 una puesta en escena audaz.<\/p>\n<blockquote><p>Esta gira es muy teatral, con partes, bloques definidos, muy equilibrado, cosas alegres, cosas dram\u00e1ticas, cosas comprometidas, emocional\u201d, se\u00f1al\u00f3 Bos\u00e9, quien comienza su gira el 27 de febrero en Quer\u00e9taro, se presentar\u00e1 el 14 y 15 de marzo en el Auditorio Nacional de la capital mexicana y comenzar\u00e1 la secci\u00f3n estadounidense de su gira en la segunda mitad del a\u00f1o.<\/p><\/blockquote>\n<p>El encuentro con Bos\u00e9 se realiz\u00f3 la misma semana en la que se dio a conocer la muerte de dos grandes estrellas femeninas de M\u00e9xico, la cantante Paquita la del Barrio y la bailarina de la \u00c9poca de Oro del cine mexicano Tongolele, cuya p\u00e9rdida lament\u00f3 por igual.<\/p>\n<blockquote><p>\u00a1Qu\u00e9 mujeres! Mis hijos (dicen): \u00a1Rata de dos patas! Se saben todas las canciones y tienen 14 a\u00f1os. F\u00edjate hasta d\u00f3nde ha llegado, mujer de car\u00e1cter, qu\u00e9 personalidad, qu\u00e9 fortaleza\u201d, dijo de Paquita. \u201cY Tongolele igual, qu\u00e9 belleza de mujer, qu\u00e9 osada, qu\u00e9 atrevida, \u00a1ese vientre!\u2026 en aquella \u00e9poca\u201d.<\/p><\/blockquote>\n<p>A prop\u00f3sito de criar a sus hijos (Tadeo y Diego) adolescentes en M\u00e9xico, Bos\u00e9 se dijo afortunado.<\/p>\n<blockquote><p>Es una maravilla porque si lo comparamos en este momento a la Europa de hoy, de este momento, Europa est\u00e1 muy mal\u201d, dijo. \u201cAqu\u00ed todav\u00eda se taquea, se mariachea, aqu\u00ed hay humanidad todav\u00eda, es un privilegio, una suerte que estemos aqu\u00ed\u201d.<\/p><\/blockquote>\n<p>Este fin de semana se celebrar\u00e1 en M\u00e9xico el festival de m\u00fasica electr\u00f3nica EDC. Bos\u00e9, quien dijo tener un coraz\u00f3n de robot como Wall\u00b7E, ha colaborado con DJs y productores como Above &#038; Beyond y sus canciones han sido remezcladas por Carl Cox, Ferry Corsten y Ti\u00ebsto, este \u00faltimo uno de los artistas principales de la edici\u00f3n 2025 del festival.<\/p>\n<blockquote><p>Yo trabajo pocas cosas ac\u00fasticas, muy pocas. Computadoras, ordenadores, electr\u00f3nica, sint\u00e9tica, mucho&#8230; Incluso las cosas que suenen m\u00e1s ac\u00fasticas son hechas a base de sampleos\u201d, dijo sobre el lado electr\u00f3nico de su m\u00fasica. \u201cHay una joya en \u2018Cardio\u2019, que es un \u00e1lbum paralelo (\u2018Cardio Remixes\u2019) donde cada uno de los temas m\u00e1s importantes de \u2018Cardio\u2019 los retomaron los Van Buurren y toda esa tanda de esa \u00e9poca de grandes DJs, hicieron remix o s\u00faper remix\u201d.<\/p><\/blockquote>\n","protected":false},"excerpt":{"rendered":"<p>Pese a los m\u00faltiples golpes que le ha dado la vida, jam\u00e1s dej\u00f3 de estar activo y hasta escribi\u00f3 dos libros<\/p>\n","protected":false},"author":1,"featured_media":6059,"comment_status":"closed","ping_status":"closed","sticky":false,"template":"","format":"standard","meta":{"_crdt_document":"","_jetpack_memberships_contains_paid_content":false,"footnotes":"","jetpack_publicize_message":"","jetpack_publicize_feature_enabled":true,"jetpack_social_post_already_shared":true,"jetpack_social_options":{"image_generator_settings":{"template":"highway","default_image_id":0,"font":"","enabled":false},"version":2},"_wpas_customize_per_network":false},"categories":[34],"tags":[],"class_list":["post-6058","post","type-post","status-publish","format-standard","has-post-thumbnail","hentry","category-farandula"],"magazineBlocksPostFeaturedMedia":{"thumbnail":"https:\/\/pornuestrolaredo.com\/wp-content\/uploads\/2025\/02\/107FM-20250219-5-150x150.jpg","medium":"https:\/\/pornuestrolaredo.com\/wp-content\/uploads\/2025\/02\/107FM-20250219-5-300x160.jpg","medium_large":"https:\/\/pornuestrolaredo.com\/wp-content\/uploads\/2025\/02\/107FM-20250219-5-768x411.jpg","large":"https:\/\/pornuestrolaredo.com\/wp-content\/uploads\/2025\/02\/107FM-20250219-5-1000x535.jpg","1536x1536":"https:\/\/pornuestrolaredo.com\/wp-content\/uploads\/2025\/02\/107FM-20250219-5.jpg","2048x2048":"https:\/\/pornuestrolaredo.com\/wp-content\/uploads\/2025\/02\/107FM-20250219-5.jpg","morenews-large":"https:\/\/pornuestrolaredo.com\/wp-content\/uploads\/2025\/02\/107FM-20250219-5.jpg","morenews-medium":"https:\/\/pornuestrolaredo.com\/wp-content\/uploads\/2025\/02\/107FM-20250219-5.jpg"},"magazineBlocksPostAuthor":{"name":"Redactor","avatar":"https:\/\/pornuestrolaredo.com\/wp-content\/litespeed\/avatar\/dca1d7ec750c399f025f23b0b314f4cf.jpg?ver=1777612120"},"magazineBlocksPostCommentsNumber":false,"magazineBlocksPostExcerpt":"Pese a los m\u00faltiples golpes que le ha dado la vida, jam\u00e1s dej\u00f3 de estar activo y hasta escribi\u00f3 dos libros","magazineBlocksPostCategories":["Far\u00e1ndula"],"magazineBlocksPostViewCount":122,"magazineBlocksPostReadTime":4,"magazine_blocks_featured_image_url":{"full":["https:\/\/pornuestrolaredo.com\/wp-content\/uploads\/2025\/02\/107FM-20250219-5.jpg",1440,770,false],"medium":["https:\/\/pornuestrolaredo.com\/wp-content\/uploads\/2025\/02\/107FM-20250219-5-300x160.jpg",300,160,true],"thumbnail":["https:\/\/pornuestrolaredo.com\/wp-content\/uploads\/2025\/02\/107FM-20250219-5-150x150.jpg",150,150,true]},"magazine_blocks_author":{"display_name":"Redactor","author_link":"https:\/\/pornuestrolaredo.com\/?author=1"},"magazine_blocks_comment":0,"magazine_blocks_author_image":"https:\/\/pornuestrolaredo.com\/wp-content\/litespeed\/avatar\/dca1d7ec750c399f025f23b0b314f4cf.jpg?ver=1777612120","magazine_blocks_category":"<a href=\"#\" class=\"category-link category-link-34\">Far\u00e1ndula<\/a>","jetpack_publicize_connections":[],"featured_image_urls":{"full":["https:\/\/pornuestrolaredo.com\/wp-content\/uploads\/2025\/02\/107FM-20250219-5.jpg",1440,770,false],"thumbnail":["https:\/\/pornuestrolaredo.com\/wp-content\/uploads\/2025\/02\/107FM-20250219-5-150x150.jpg",150,150,true],"medium":["https:\/\/pornuestrolaredo.com\/wp-content\/uploads\/2025\/02\/107FM-20250219-5-300x160.jpg",300,160,true],"medium_large":["https:\/\/pornuestrolaredo.com\/wp-content\/uploads\/2025\/02\/107FM-20250219-5-768x411.jpg",640,343,true],"large":["https:\/\/pornuestrolaredo.com\/wp-content\/uploads\/2025\/02\/107FM-20250219-5-1000x535.jpg",640,342,true],"1536x1536":["https:\/\/pornuestrolaredo.com\/wp-content\/uploads\/2025\/02\/107FM-20250219-5.jpg",1440,770,false],"2048x2048":["https:\/\/pornuestrolaredo.com\/wp-content\/uploads\/2025\/02\/107FM-20250219-5.jpg",1440,770,false],"morenews-large":["https:\/\/pornuestrolaredo.com\/wp-content\/uploads\/2025\/02\/107FM-20250219-5.jpg",825,441,false],"morenews-medium":["https:\/\/pornuestrolaredo.com\/wp-content\/uploads\/2025\/02\/107FM-20250219-5.jpg",590,315,false]},"author_info":{"info":["Redactor"]},"category_info":"<a href=\"https:\/\/pornuestrolaredo.com\/?cat=34\" rel=\"category\">Far\u00e1ndula<\/a>","tag_info":"Far\u00e1ndula","comment_count":"0","jetpack_featured_media_url":"https:\/\/pornuestrolaredo.com\/wp-content\/uploads\/2025\/02\/107FM-20250219-5.jpg","jetpack_sharing_enabled":true,"_links":{"self":[{"href":"https:\/\/pornuestrolaredo.com\/index.php?rest_route=\/wp\/v2\/posts\/6058","targetHints":{"allow":["GET"]}}],"collection":[{"href":"https:\/\/pornuestrolaredo.com\/index.php?rest_route=\/wp\/v2\/posts"}],"about":[{"href":"https:\/\/pornuestrolaredo.com\/index.php?rest_route=\/wp\/v2\/types\/post"}],"author":[{"embeddable":true,"href":"https:\/\/pornuestrolaredo.com\/index.php?rest_route=\/wp\/v2\/users\/1"}],"replies":[{"embeddable":true,"href":"https:\/\/pornuestrolaredo.com\/index.php?rest_route=%2Fwp%2Fv2%2Fcomments&post=6058"}],"version-history":[{"count":1,"href":"https:\/\/pornuestrolaredo.com\/index.php?rest_route=\/wp\/v2\/posts\/6058\/revisions"}],"predecessor-version":[{"id":6060,"href":"https:\/\/pornuestrolaredo.com\/index.php?rest_route=\/wp\/v2\/posts\/6058\/revisions\/6060"}],"wp:featuredmedia":[{"embeddable":true,"href":"https:\/\/pornuestrolaredo.com\/index.php?rest_route=\/wp\/v2\/media\/6059"}],"wp:attachment":[{"href":"https:\/\/pornuestrolaredo.com\/index.php?rest_route=%2Fwp%2Fv2%2Fmedia&parent=6058"}],"wp:term":[{"taxonomy":"category","embeddable":true,"href":"https:\/\/pornuestrolaredo.com\/index.php?rest_route=%2Fwp%2Fv2%2Fcategories&post=6058"},{"taxonomy":"post_tag","embeddable":true,"href":"https:\/\/pornuestrolaredo.com\/index.php?rest_route=%2Fwp%2Fv2%2Ftags&post=6058"}],"curies":[{"name":"wp","href":"https:\/\/api.w.org\/{rel}","templated":true}]}}