{"id":6065,"date":"2025-02-21T20:16:46","date_gmt":"2025-02-21T20:16:46","guid":{"rendered":"https:\/\/pornuestrolaredo.com\/?p=6065"},"modified":"2025-02-21T20:16:46","modified_gmt":"2025-02-21T20:16:46","slug":"abren-primera-gran-tienda-del-2025-en-nld","status":"publish","type":"post","link":"https:\/\/pornuestrolaredo.com\/?p=6065","title":{"rendered":"Abren primera gran tienda del 2025 en NLD"},"content":{"rendered":"<p>NUEVO LAREDO.- El primer gran supermercado del 2025 abri\u00f3 sus puertas en Nuevo Laredo, con una inversi\u00f3n superior a los 120 millones de pesos y dar\u00e1 empleo directo a 60 personas, en el poniente de Nuevo Laredo.<\/p>\n<p>La inauguraci\u00f3n se realiz\u00f3 esta ma\u00f1ana, en el sector poniente de Nuevo Laredo.<\/p>\n<p>Se trata de la cadena comercial Bodega Aurrera que inaugur\u00f3 su segunda sucursal, lo que traer\u00e1 consigo la generaci\u00f3n de cientos de empleos y un impulso a la econom\u00eda local.<\/p>\n<p>A la apertura asisti\u00f3 el secretario de Desarrollo Econ\u00f3mico, Rolando Guevara Gonz\u00e1lez, en representaci\u00f3n de la presidenta municipal, Carmen Lilia Canturosas Villarreal. <\/p>\n<p>Durante el evento, Guevara Gonz\u00e1lez destac\u00f3 la importancia de esta inversi\u00f3n para fortalecer el comercio y mejorar las oportunidades laborales en la regi\u00f3n.<\/p>\n<blockquote><p>Este evento no solo marca el crecimiento de una cadena comercial  de renombre sino tambi\u00e9n simboliza el progreso y desarrollo de nuestra ciudad, hemos tenido un ritmo de crecimiento ascendente en estos \u00faltimos a\u00f1os y la apertura de esta sucursal as\u00ed lo confirma, el grupo Walmart ha demostrado plena confianza en nuestro municipio al invertir de manera progresiva en nuestra ciudad\u201d, manifest\u00f3 Guevara Gonz\u00e1lez.<\/p><\/blockquote>\n<p>En tanto, Fernando Casta\u00f1\u00f3n Farill, encargado de Relaciones Institucionales para Walmart de M\u00e9xico y Centroam\u00e9rica, expres\u00f3 su agradecimiento al gobierno municipal por las facilidades otorgadas para la instalaci\u00f3n de la tienda en la ciudad, reafirmando el compromiso de la empresa con el crecimiento econ\u00f3mico local.<\/p>\n<p>Con esta inauguraci\u00f3n, Nuevo Laredo no solo refuerza su oferta comercial, sino que tambi\u00e9n se consolida como un punto estrat\u00e9gico para la inversi\u00f3n y el desarrollo en la frontera norte del pa\u00eds.<\/p>\n<p>Esta sucursal perif\u00e9rico se convierte en la segunda tienda en Nuevo Laredo, Casta\u00f1on Farril asegur\u00f3 que buscan expandir su cobertura departamental en esta frontera.<\/p>\n","protected":false},"excerpt":{"rendered":"<p>NUEVO LAREDO.- El primer gran supermercado del 2025 abri\u00f3 sus puertas en Nuevo Laredo, con una inversi\u00f3n superior<\/p>\n","protected":false},"author":1,"featured_media":6066,"comment_status":"closed","ping_status":"closed","sticky":false,"template":"","format":"standard","meta":{"_crdt_document":"","_jetpack_memberships_contains_paid_content":false,"footnotes":"","jetpack_publicize_message":"","jetpack_publicize_feature_enabled":true,"jetpack_social_post_already_shared":true,"jetpack_social_options":{"image_generator_settings":{"template":"highway","default_image_id":0,"font":"","enabled":false},"version":2},"_wpas_customize_per_network":false},"categories":[4],"tags":[],"class_list":["post-6065","post","type-post","status-publish","format-standard","has-post-thumbnail","hentry","category-los-dos-laredos"],"magazineBlocksPostFeaturedMedia":{"thumbnail":"https:\/\/pornuestrolaredo.com\/wp-content\/uploads\/2025\/02\/Stereo91-20250221-3-1-150x150.jpg","medium":"https:\/\/pornuestrolaredo.com\/wp-content\/uploads\/2025\/02\/Stereo91-20250221-3-1-300x200.jpg","medium_large":"https:\/\/pornuestrolaredo.com\/wp-content\/uploads\/2025\/02\/Stereo91-20250221-3-1-768x513.jpg","large":"https:\/\/pornuestrolaredo.com\/wp-content\/uploads\/2025\/02\/Stereo91-20250221-3-1.jpg","1536x1536":"https:\/\/pornuestrolaredo.com\/wp-content\/uploads\/2025\/02\/Stereo91-20250221-3-1.jpg","2048x2048":"https:\/\/pornuestrolaredo.com\/wp-content\/uploads\/2025\/02\/Stereo91-20250221-3-1.jpg","morenews-large":"https:\/\/pornuestrolaredo.com\/wp-content\/uploads\/2025\/02\/Stereo91-20250221-3-1.jpg","morenews-medium":"https:\/\/pornuestrolaredo.com\/wp-content\/uploads\/2025\/02\/Stereo91-20250221-3-1.jpg"},"magazineBlocksPostAuthor":{"name":"Redactor","avatar":"https:\/\/pornuestrolaredo.com\/wp-content\/litespeed\/avatar\/dca1d7ec750c399f025f23b0b314f4cf.jpg?ver=1777612120"},"magazineBlocksPostCommentsNumber":false,"magazineBlocksPostExcerpt":"NUEVO LAREDO.- El primer gran supermercado del 2025 abri\u00f3 sus puertas en Nuevo Laredo, con una inversi\u00f3n superior","magazineBlocksPostCategories":["Los dos Laredos"],"magazineBlocksPostViewCount":160,"magazineBlocksPostReadTime":2,"magazine_blocks_featured_image_url":{"full":["https:\/\/pornuestrolaredo.com\/wp-content\/uploads\/2025\/02\/Stereo91-20250221-3-1.jpg",850,568,false],"medium":["https:\/\/pornuestrolaredo.com\/wp-content\/uploads\/2025\/02\/Stereo91-20250221-3-1-300x200.jpg",300,200,true],"thumbnail":["https:\/\/pornuestrolaredo.com\/wp-content\/uploads\/2025\/02\/Stereo91-20250221-3-1-150x150.jpg",150,150,true]},"magazine_blocks_author":{"display_name":"Redactor","author_link":"https:\/\/pornuestrolaredo.com\/?author=1"},"magazine_blocks_comment":0,"magazine_blocks_author_image":"https:\/\/pornuestrolaredo.com\/wp-content\/litespeed\/avatar\/dca1d7ec750c399f025f23b0b314f4cf.jpg?ver=1777612120","magazine_blocks_category":"<a href=\"#\" class=\"category-link category-link-4\">Los dos Laredos<\/a>","jetpack_publicize_connections":[],"featured_image_urls":{"full":["https:\/\/pornuestrolaredo.com\/wp-content\/uploads\/2025\/02\/Stereo91-20250221-3-1.jpg",850,568,false],"thumbnail":["https:\/\/pornuestrolaredo.com\/wp-content\/uploads\/2025\/02\/Stereo91-20250221-3-1-150x150.jpg",150,150,true],"medium":["https:\/\/pornuestrolaredo.com\/wp-content\/uploads\/2025\/02\/Stereo91-20250221-3-1-300x200.jpg",300,200,true],"medium_large":["https:\/\/pornuestrolaredo.com\/wp-content\/uploads\/2025\/02\/Stereo91-20250221-3-1-768x513.jpg",640,428,true],"large":["https:\/\/pornuestrolaredo.com\/wp-content\/uploads\/2025\/02\/Stereo91-20250221-3-1.jpg",640,428,false],"1536x1536":["https:\/\/pornuestrolaredo.com\/wp-content\/uploads\/2025\/02\/Stereo91-20250221-3-1.jpg",850,568,false],"2048x2048":["https:\/\/pornuestrolaredo.com\/wp-content\/uploads\/2025\/02\/Stereo91-20250221-3-1.jpg",850,568,false],"morenews-large":["https:\/\/pornuestrolaredo.com\/wp-content\/uploads\/2025\/02\/Stereo91-20250221-3-1.jpg",825,551,false],"morenews-medium":["https:\/\/pornuestrolaredo.com\/wp-content\/uploads\/2025\/02\/Stereo91-20250221-3-1.jpg",590,394,false]},"author_info":{"info":["Redactor"]},"category_info":"<a href=\"https:\/\/pornuestrolaredo.com\/?cat=4\" rel=\"category\">Los dos Laredos<\/a>","tag_info":"Los dos Laredos","comment_count":"0","jetpack_featured_media_url":"https:\/\/pornuestrolaredo.com\/wp-content\/uploads\/2025\/02\/Stereo91-20250221-3-1.jpg","jetpack_sharing_enabled":true,"_links":{"self":[{"href":"https:\/\/pornuestrolaredo.com\/index.php?rest_route=\/wp\/v2\/posts\/6065","targetHints":{"allow":["GET"]}}],"collection":[{"href":"https:\/\/pornuestrolaredo.com\/index.php?rest_route=\/wp\/v2\/posts"}],"about":[{"href":"https:\/\/pornuestrolaredo.com\/index.php?rest_route=\/wp\/v2\/types\/post"}],"author":[{"embeddable":true,"href":"https:\/\/pornuestrolaredo.com\/index.php?rest_route=\/wp\/v2\/users\/1"}],"replies":[{"embeddable":true,"href":"https:\/\/pornuestrolaredo.com\/index.php?rest_route=%2Fwp%2Fv2%2Fcomments&post=6065"}],"version-history":[{"count":2,"href":"https:\/\/pornuestrolaredo.com\/index.php?rest_route=\/wp\/v2\/posts\/6065\/revisions"}],"predecessor-version":[{"id":6070,"href":"https:\/\/pornuestrolaredo.com\/index.php?rest_route=\/wp\/v2\/posts\/6065\/revisions\/6070"}],"wp:featuredmedia":[{"embeddable":true,"href":"https:\/\/pornuestrolaredo.com\/index.php?rest_route=\/wp\/v2\/media\/6066"}],"wp:attachment":[{"href":"https:\/\/pornuestrolaredo.com\/index.php?rest_route=%2Fwp%2Fv2%2Fmedia&parent=6065"}],"wp:term":[{"taxonomy":"category","embeddable":true,"href":"https:\/\/pornuestrolaredo.com\/index.php?rest_route=%2Fwp%2Fv2%2Fcategories&post=6065"},{"taxonomy":"post_tag","embeddable":true,"href":"https:\/\/pornuestrolaredo.com\/index.php?rest_route=%2Fwp%2Fv2%2Ftags&post=6065"}],"curies":[{"name":"wp","href":"https:\/\/api.w.org\/{rel}","templated":true}]}}