{"id":6078,"date":"2025-02-22T19:44:03","date_gmt":"2025-02-22T19:44:03","guid":{"rendered":"https:\/\/pornuestrolaredo.com\/?p=6078"},"modified":"2025-02-22T19:44:03","modified_gmt":"2025-02-22T19:44:03","slug":"el-papa-francisco-en-estado-critico","status":"publish","type":"post","link":"https:\/\/pornuestrolaredo.com\/?p=6078","title":{"rendered":"El papa Francisco, en estado cr\u00edtico"},"content":{"rendered":"<p><strong><em>ROMA.-<\/em><\/strong> El papa Francisco se encontraba el s\u00e1bado en estado delicado tras sufrir una larga crisis respiratoria asm\u00e1tica que requiri\u00f3 altos flujos de ox\u00edgeno, inform\u00f3 el Vaticano.<\/p>\n<p>El pont\u00edfice de 88 a\u00f1os de edad, que ha estado hospitalizado durante un semana con una compleja infecci\u00f3n respiratoria, tambi\u00e9n recibi\u00f3 transfusiones de sangre luego de que unos estudios mostraron una condici\u00f3n relacionada con la anemia, se\u00f1al\u00f3 el Vaticano en una actualizaci\u00f3n tard\u00eda.<\/p>\n<blockquote><p>El Santo Padre contin\u00faa alerta y ha pasado el d\u00eda en un sill\u00f3n aunque con m\u00e1s dolor que ayer. Por el momento el pron\u00f3stico es reservado\u201d, seg\u00fan el comunicado.<\/p><\/blockquote>\n<p>Horas antes, los m\u00e9dicos hab\u00edan dicho que Francisco estaba batallando contra una neumon\u00eda y una compleja infecci\u00f3n respiratoria que, seg\u00fan los m\u00e9dicos, sigue siendo impredecible y lo mantendr\u00e1 hospitalizado al menos una semana m\u00e1s.<\/p>\n<p>El Vaticano prosigui\u00f3 el s\u00e1bado con sus celebraciones del Jubileo sin el Papa.<\/p>\n<p>En una breve actualizaci\u00f3n emitida el s\u00e1bado temprano, se inform\u00f3 que Francisco hab\u00eda pasado buena noche.<\/p>\n<p>Sin embargo, los doctores han advertido que la principal amenaza que enfrenta el papa ser\u00eda la aparici\u00f3n de sepsis, una infecci\u00f3n grave de la sangre que puede producirse como complicaci\u00f3n de la neumon\u00eda. Pero hasta el viernes, no hab\u00eda evidencia de sepsis, y Francisco respond\u00eda a los diversos medicamentos que est\u00e1 tomando, inform\u00f3 su equipo m\u00e9dico en su primera actualizaci\u00f3n detallada sobre su estado.<\/p>\n<blockquote><p>No est\u00e1 fuera de peligro\u201d, explic\u00f3 su m\u00e9dico personal, Luigi Carbone. \u201cComo todos los pacientes d\u00e9biles, digo que siempre est\u00e1n en una balanza de oro: en otras palabras, se necesita muy poco para perder el equilibrio\u201d.<\/p><\/blockquote>\n<p>Francisco, que padece una enfermedad pulmonar cr\u00f3nica, fue ingresado en el hospital Gemelli el 14 de febrero despu\u00e9s del empeoramiento de la bronquitis.<\/p>\n<p>Los m\u00e9dicos le detectaron primero una compleja infecci\u00f3n respiratoria viral, bacteriana y f\u00fangica, y luego la aparici\u00f3n de neumon\u00eda en ambos pulmones. Le prescribieron \u201creposo absoluto\u201d y una combinaci\u00f3n de cortisona y antibi\u00f3ticos, junto con ox\u00edgeno suplementario cuando lo necesite.<\/p>\n<p>Carbone, quien organiz\u00f3 su atenci\u00f3n en el Vaticano junto a su enfermero personal, Massimiliano Strappetti, reconoci\u00f3 que el papa hab\u00eda insistido en quedarse en la Santa Sede para trabajar, incluso despu\u00e9s de enfermar, \u201cdebido a compromisos institucionales y privados\u201d. Antes de su hospitalizaci\u00f3n, fue atendido por un cardi\u00f3logo y un especialista en enfermedades infecciosas, adem\u00e1s de por su equipo m\u00e9dico personal.<\/p>\n<p>El doctor Sergio Alfieri, jefe de medicina y cirug\u00eda en el hospital Gemelli de Roma, dijo que la mayor amenaza que enfrenta Francisco es que alguno de los g\u00e9rmenes que se encuentran en su sistema respiratorio pase al torrente sangu\u00edneo y provoque una sepsis. La sepsis puede provocar insuficiencia org\u00e1nica y la muerte.<\/p>\n<blockquote><p>La sepsis, con sus problemas respiratorios y su edad, ser\u00eda realmente dif\u00edcil de superar\u201d, se\u00f1al\u00f3 Alfieri en una conferencia de prensa en el hospital el viernes.<\/p><\/blockquote>\n<blockquote><p>Los ingleses dicen \u2018toca madera\u2019, nosotros decimos \u2018toca hierro\u2019. Que cada uno toque lo que quiera\u201d, dijo mientras tocaba el micr\u00f3fono. \u201cPero este es el verdadero riesgo en estos casos: que estos g\u00e9rmenes pasen al torrente sangu\u00edneo\u201d.<\/p><\/blockquote>\n<blockquote><p>\u00c9l sabe que est\u00e1 en peligro\u201d, agreg\u00f3 Alfieri. \u201cY nos dijo que lo transmiti\u00e9ramos\u201d.<\/p><\/blockquote>\n<p>Mientras, los di\u00e1conos se reun\u00edan en el Vaticano para su fin de semana dentro de la agenda del Jubileo. Francisco enferm\u00f3 al inicio del A\u00f1o Santo vaticano, una celebraci\u00f3n de la catolicidad que ocurre cada 25 a\u00f1os. Este fin de semana, el religioso argentino deb\u00eda dedicarlo a los di\u00e1conos, un ministerio de la Iglesia que precede a la ordenaci\u00f3n al sacerdocio.<\/p>\n<p>En su lugar, el organizador del A\u00f1o Santo oficiar\u00e1 la misa del domingo, indic\u00f3 el Vaticano. Y por segundo fin de semana consecutivo, se espera que Francisco se salte su tradicional bendici\u00f3n del domingo al mediod\u00eda, que podr\u00eda haber realizado desde el hospital si el papa estuviera en condiciones de hacerlo.<\/p>\n<blockquote><p>Pese a que no est\u00e1 (f\u00edsicamente) aqu\u00ed, sabemos que est\u00e1 aqu\u00ed\u201d, dijo Luis Arnaldo Lopez Quirindongo, di\u00e1cono de Puerto Rico que se encontraba en el Vaticano el s\u00e1bado para las celebraciones por el Jubileo. \u201cSe est\u00e1 recuperando, pero est\u00e1 en nuestros corazones y nos est\u00e1 acompa\u00f1ando porque nuestras oraciones y las de \u00e9l van juntas\u201d.<\/p><\/blockquote>\n<p>M\u00e1s all\u00e1 de eso, los m\u00e9dicos adelantaron que su recuperaci\u00f3n tomar\u00e1 tiempo y que tendr\u00e1 que seguir viviendo con sus problemas respiratorios cr\u00f3nicos cuando regrese al Vaticano.<\/p>\n<blockquote><p>Tiene que superar esta infecci\u00f3n y todos esperamos que lo logre\u201d, dijo Alfieri. \u201cPero la realidad es que todas las posibilidades est\u00e1n abiertas\u201d.<\/p><\/blockquote>\n","protected":false},"excerpt":{"rendered":"<p>Sufre una larga crisis respiratoria asm\u00e1tica que requiri\u00f3 altos flujos de ox\u00edgeno, neumon\u00eda, anemia y hay riesgos de una infecci\u00f3n grave de la sangre<\/p>\n","protected":false},"author":1,"featured_media":6079,"comment_status":"closed","ping_status":"closed","sticky":false,"template":"","format":"standard","meta":{"_crdt_document":"","_jetpack_memberships_contains_paid_content":false,"footnotes":"","jetpack_publicize_message":"","jetpack_publicize_feature_enabled":true,"jetpack_social_post_already_shared":true,"jetpack_social_options":{"image_generator_settings":{"template":"highway","default_image_id":0,"font":"","enabled":false},"version":2},"_wpas_customize_per_network":false},"categories":[9],"tags":[],"class_list":["post-6078","post","type-post","status-publish","format-standard","has-post-thumbnail","hentry","category-el-mundo"],"magazineBlocksPostFeaturedMedia":{"thumbnail":"https:\/\/pornuestrolaredo.com\/wp-content\/uploads\/2025\/02\/Stereo91-20250222-2-150x150.jpg","medium":"https:\/\/pornuestrolaredo.com\/wp-content\/uploads\/2025\/02\/Stereo91-20250222-2-300x200.jpg","medium_large":"https:\/\/pornuestrolaredo.com\/wp-content\/uploads\/2025\/02\/Stereo91-20250222-2-768x512.jpg","large":"https:\/\/pornuestrolaredo.com\/wp-content\/uploads\/2025\/02\/Stereo91-20250222-2.jpg","1536x1536":"https:\/\/pornuestrolaredo.com\/wp-content\/uploads\/2025\/02\/Stereo91-20250222-2.jpg","2048x2048":"https:\/\/pornuestrolaredo.com\/wp-content\/uploads\/2025\/02\/Stereo91-20250222-2.jpg","morenews-large":"https:\/\/pornuestrolaredo.com\/wp-content\/uploads\/2025\/02\/Stereo91-20250222-2.jpg","morenews-medium":"https:\/\/pornuestrolaredo.com\/wp-content\/uploads\/2025\/02\/Stereo91-20250222-2.jpg"},"magazineBlocksPostAuthor":{"name":"Redactor","avatar":"https:\/\/pornuestrolaredo.com\/wp-content\/litespeed\/avatar\/dca1d7ec750c399f025f23b0b314f4cf.jpg?ver=1777612120"},"magazineBlocksPostCommentsNumber":false,"magazineBlocksPostExcerpt":"Sufre una larga crisis respiratoria asm\u00e1tica que requiri\u00f3 altos flujos de ox\u00edgeno, neumon\u00eda, anemia y hay riesgos de una infecci\u00f3n grave de la sangre","magazineBlocksPostCategories":["El Mundo"],"magazineBlocksPostViewCount":144,"magazineBlocksPostReadTime":5,"magazine_blocks_featured_image_url":{"full":["https:\/\/pornuestrolaredo.com\/wp-content\/uploads\/2025\/02\/Stereo91-20250222-2.jpg",980,653,false],"medium":["https:\/\/pornuestrolaredo.com\/wp-content\/uploads\/2025\/02\/Stereo91-20250222-2-300x200.jpg",300,200,true],"thumbnail":["https:\/\/pornuestrolaredo.com\/wp-content\/uploads\/2025\/02\/Stereo91-20250222-2-150x150.jpg",150,150,true]},"magazine_blocks_author":{"display_name":"Redactor","author_link":"https:\/\/pornuestrolaredo.com\/?author=1"},"magazine_blocks_comment":0,"magazine_blocks_author_image":"https:\/\/pornuestrolaredo.com\/wp-content\/litespeed\/avatar\/dca1d7ec750c399f025f23b0b314f4cf.jpg?ver=1777612120","magazine_blocks_category":"<a href=\"#\" class=\"category-link category-link-9\">El Mundo<\/a>","jetpack_publicize_connections":[],"featured_image_urls":{"full":["https:\/\/pornuestrolaredo.com\/wp-content\/uploads\/2025\/02\/Stereo91-20250222-2.jpg",980,653,false],"thumbnail":["https:\/\/pornuestrolaredo.com\/wp-content\/uploads\/2025\/02\/Stereo91-20250222-2-150x150.jpg",150,150,true],"medium":["https:\/\/pornuestrolaredo.com\/wp-content\/uploads\/2025\/02\/Stereo91-20250222-2-300x200.jpg",300,200,true],"medium_large":["https:\/\/pornuestrolaredo.com\/wp-content\/uploads\/2025\/02\/Stereo91-20250222-2-768x512.jpg",640,427,true],"large":["https:\/\/pornuestrolaredo.com\/wp-content\/uploads\/2025\/02\/Stereo91-20250222-2.jpg",640,426,false],"1536x1536":["https:\/\/pornuestrolaredo.com\/wp-content\/uploads\/2025\/02\/Stereo91-20250222-2.jpg",980,653,false],"2048x2048":["https:\/\/pornuestrolaredo.com\/wp-content\/uploads\/2025\/02\/Stereo91-20250222-2.jpg",980,653,false],"morenews-large":["https:\/\/pornuestrolaredo.com\/wp-content\/uploads\/2025\/02\/Stereo91-20250222-2.jpg",825,550,false],"morenews-medium":["https:\/\/pornuestrolaredo.com\/wp-content\/uploads\/2025\/02\/Stereo91-20250222-2.jpg",590,393,false]},"author_info":{"info":["Redactor"]},"category_info":"<a href=\"https:\/\/pornuestrolaredo.com\/?cat=9\" rel=\"category\">El Mundo<\/a>","tag_info":"El Mundo","comment_count":"0","jetpack_featured_media_url":"https:\/\/pornuestrolaredo.com\/wp-content\/uploads\/2025\/02\/Stereo91-20250222-2.jpg","jetpack_sharing_enabled":true,"_links":{"self":[{"href":"https:\/\/pornuestrolaredo.com\/index.php?rest_route=\/wp\/v2\/posts\/6078","targetHints":{"allow":["GET"]}}],"collection":[{"href":"https:\/\/pornuestrolaredo.com\/index.php?rest_route=\/wp\/v2\/posts"}],"about":[{"href":"https:\/\/pornuestrolaredo.com\/index.php?rest_route=\/wp\/v2\/types\/post"}],"author":[{"embeddable":true,"href":"https:\/\/pornuestrolaredo.com\/index.php?rest_route=\/wp\/v2\/users\/1"}],"replies":[{"embeddable":true,"href":"https:\/\/pornuestrolaredo.com\/index.php?rest_route=%2Fwp%2Fv2%2Fcomments&post=6078"}],"version-history":[{"count":1,"href":"https:\/\/pornuestrolaredo.com\/index.php?rest_route=\/wp\/v2\/posts\/6078\/revisions"}],"predecessor-version":[{"id":6080,"href":"https:\/\/pornuestrolaredo.com\/index.php?rest_route=\/wp\/v2\/posts\/6078\/revisions\/6080"}],"wp:featuredmedia":[{"embeddable":true,"href":"https:\/\/pornuestrolaredo.com\/index.php?rest_route=\/wp\/v2\/media\/6079"}],"wp:attachment":[{"href":"https:\/\/pornuestrolaredo.com\/index.php?rest_route=%2Fwp%2Fv2%2Fmedia&parent=6078"}],"wp:term":[{"taxonomy":"category","embeddable":true,"href":"https:\/\/pornuestrolaredo.com\/index.php?rest_route=%2Fwp%2Fv2%2Fcategories&post=6078"},{"taxonomy":"post_tag","embeddable":true,"href":"https:\/\/pornuestrolaredo.com\/index.php?rest_route=%2Fwp%2Fv2%2Ftags&post=6078"}],"curies":[{"name":"wp","href":"https:\/\/api.w.org\/{rel}","templated":true}]}}