{"id":6082,"date":"2025-02-24T20:37:06","date_gmt":"2025-02-24T20:37:06","guid":{"rendered":"https:\/\/pornuestrolaredo.com\/?p=6082"},"modified":"2025-02-24T20:37:06","modified_gmt":"2025-02-24T20:37:06","slug":"mejora-el-papa-y-reanuda-algunas-actividades","status":"publish","type":"post","link":"https:\/\/pornuestrolaredo.com\/?p=6082","title":{"rendered":"Mejora el Papa y reanuda algunas actividades"},"content":{"rendered":"<p><strong><em>CIUDAD DEL VATICANO.-<\/em><\/strong> El Papa Francisco mostr\u00f3 este lunes una leve mejor\u00eda en pruebas de laboratorio y reanud\u00f3 algunas actividades laborales, incluyendo llamar a una parroquia en la ciudad de Gaza con la que ha mantenido contacto desde que comenz\u00f3 la guerra, inform\u00f3 El Vaticano.<\/p>\n<p>El bolet\u00edn vespertino de la Santa Sede fue m\u00e1s optimista que en los \u00faltimos d\u00edas. Se\u00f1al\u00f3 que Francisco, de 88 a\u00f1os, que padece neumon\u00eda en ambos pulmones, no ha vuelto a sufrir crisis respiratorias. La leve insuficiencia renal detectada ayer no es motivo de preocupaci\u00f3n. Sigue recibiendo ox\u00edgeno suplementario y los m\u00e9dicos dicen que su pron\u00f3stico sigue siendo reservado.<\/p>\n<p>Recibi\u00f3 la Eucarist\u00eda por la ma\u00f1ana y reanud\u00f3 su trabajo por la tarde.<\/p>\n<blockquote><p>Por la tarde llam\u00f3 al p\u00e1rroco de la Parroquia de Gaza para expresarle su cercan\u00eda paternal&#8221;, se\u00f1ala el comunicado.<\/p><\/blockquote>\n<p>Este lunes por la ma\u00f1ana, El Vaticano hab\u00eda anunciado el inicio de las oraciones nocturnas por la salud del Papa en la Plaza de San Pedro, e invit\u00f3 a los romanos y a otras personas a unirse a ellas, ya que el Papa lucha contra una compleja infecci\u00f3n pulmonar y otras complicaciones. El n\u00famero dos del Vaticano, el Cardenal Pietro Parolin, ten\u00eda previsto dirigir la primera oraci\u00f3n el lunes por la noche.<\/p>\n<p>Francisco, que padece neumon\u00eda doble y una insuficiencia renal en sus primeras etapas, se encontraba despierto y de buen \u00e1nimo. No ten\u00eda dolor y no estaba recibiendo nutrici\u00f3n artificial, se indic\u00f3.<\/p>\n<blockquote><p>La noche ha transcurrido bien, el Papa ha dormido y est\u00e1 descansando&#8221;, se inform\u00f3 m\u00e1s temprano.<\/p><\/blockquote>\n<p>En el hospital Gemelli, donde Francisco se encuentra desde el 14 de febrero tras empeorar un ataque de bronquitis, el obispo Claudio GiulioDori presidi\u00f3 una misa emotiva, con lleno total, en la capilla que lleva el nombre de Juan Pablo II.<\/p>\n<p>Algunas de las aproximadamente 200 personas que asistieron vest\u00edan batas blancas de m\u00e9dico o uniformes quir\u00fargicos verdes; algunos se arrodillaron para orar.<\/p>\n<blockquote><p>Lo sentimos mucho. El Papa Francisco es un buen Papa, esperemos que lo logre. Esperemos&#8221;, dijo con voz entrecortada Filomena Ferraro, que el lunes visitaba a un familiar en el Gemelli.<\/p><\/blockquote>\n<blockquote><p>Nos unimos a \u00e9l con nuestras oraciones, pero \u00bfqu\u00e9 m\u00e1s podemos hacer?&#8221;.<\/p><\/blockquote>\n","protected":false},"excerpt":{"rendered":"<p>Francisco, de 88 a\u00f1os, que padece neumon\u00eda en ambos pulmones, no ha vuelto a sufrir crisis respiratorias<\/p>\n","protected":false},"author":1,"featured_media":6083,"comment_status":"closed","ping_status":"closed","sticky":false,"template":"","format":"standard","meta":{"_crdt_document":"","_jetpack_memberships_contains_paid_content":false,"footnotes":"","jetpack_publicize_message":"","jetpack_publicize_feature_enabled":true,"jetpack_social_post_already_shared":true,"jetpack_social_options":{"image_generator_settings":{"template":"highway","default_image_id":0,"font":"","enabled":false},"version":2},"_wpas_customize_per_network":false},"categories":[9],"tags":[],"class_list":["post-6082","post","type-post","status-publish","format-standard","has-post-thumbnail","hentry","category-el-mundo"],"magazineBlocksPostFeaturedMedia":{"thumbnail":"https:\/\/pornuestrolaredo.com\/wp-content\/uploads\/2025\/02\/Stereo91-20250224-1-150x150.jpg","medium":"https:\/\/pornuestrolaredo.com\/wp-content\/uploads\/2025\/02\/Stereo91-20250224-1-300x145.jpg","medium_large":"https:\/\/pornuestrolaredo.com\/wp-content\/uploads\/2025\/02\/Stereo91-20250224-1-768x372.jpg","large":"https:\/\/pornuestrolaredo.com\/wp-content\/uploads\/2025\/02\/Stereo91-20250224-1.jpg","1536x1536":"https:\/\/pornuestrolaredo.com\/wp-content\/uploads\/2025\/02\/Stereo91-20250224-1.jpg","2048x2048":"https:\/\/pornuestrolaredo.com\/wp-content\/uploads\/2025\/02\/Stereo91-20250224-1.jpg","morenews-large":"https:\/\/pornuestrolaredo.com\/wp-content\/uploads\/2025\/02\/Stereo91-20250224-1.jpg","morenews-medium":"https:\/\/pornuestrolaredo.com\/wp-content\/uploads\/2025\/02\/Stereo91-20250224-1.jpg"},"magazineBlocksPostAuthor":{"name":"Redactor","avatar":"https:\/\/pornuestrolaredo.com\/wp-content\/litespeed\/avatar\/dca1d7ec750c399f025f23b0b314f4cf.jpg?ver=1777612120"},"magazineBlocksPostCommentsNumber":false,"magazineBlocksPostExcerpt":"Francisco, de 88 a\u00f1os, que padece neumon\u00eda en ambos pulmones, no ha vuelto a sufrir crisis respiratorias","magazineBlocksPostCategories":["El Mundo"],"magazineBlocksPostViewCount":141,"magazineBlocksPostReadTime":2,"magazine_blocks_featured_image_url":{"full":["https:\/\/pornuestrolaredo.com\/wp-content\/uploads\/2025\/02\/Stereo91-20250224-1.jpg",960,465,false],"medium":["https:\/\/pornuestrolaredo.com\/wp-content\/uploads\/2025\/02\/Stereo91-20250224-1-300x145.jpg",300,145,true],"thumbnail":["https:\/\/pornuestrolaredo.com\/wp-content\/uploads\/2025\/02\/Stereo91-20250224-1-150x150.jpg",150,150,true]},"magazine_blocks_author":{"display_name":"Redactor","author_link":"https:\/\/pornuestrolaredo.com\/?author=1"},"magazine_blocks_comment":0,"magazine_blocks_author_image":"https:\/\/pornuestrolaredo.com\/wp-content\/litespeed\/avatar\/dca1d7ec750c399f025f23b0b314f4cf.jpg?ver=1777612120","magazine_blocks_category":"<a href=\"#\" class=\"category-link category-link-9\">El Mundo<\/a>","jetpack_publicize_connections":[],"featured_image_urls":{"full":["https:\/\/pornuestrolaredo.com\/wp-content\/uploads\/2025\/02\/Stereo91-20250224-1.jpg",960,465,false],"thumbnail":["https:\/\/pornuestrolaredo.com\/wp-content\/uploads\/2025\/02\/Stereo91-20250224-1-150x150.jpg",150,150,true],"medium":["https:\/\/pornuestrolaredo.com\/wp-content\/uploads\/2025\/02\/Stereo91-20250224-1-300x145.jpg",300,145,true],"medium_large":["https:\/\/pornuestrolaredo.com\/wp-content\/uploads\/2025\/02\/Stereo91-20250224-1-768x372.jpg",640,310,true],"large":["https:\/\/pornuestrolaredo.com\/wp-content\/uploads\/2025\/02\/Stereo91-20250224-1.jpg",640,310,false],"1536x1536":["https:\/\/pornuestrolaredo.com\/wp-content\/uploads\/2025\/02\/Stereo91-20250224-1.jpg",960,465,false],"2048x2048":["https:\/\/pornuestrolaredo.com\/wp-content\/uploads\/2025\/02\/Stereo91-20250224-1.jpg",960,465,false],"morenews-large":["https:\/\/pornuestrolaredo.com\/wp-content\/uploads\/2025\/02\/Stereo91-20250224-1.jpg",825,400,false],"morenews-medium":["https:\/\/pornuestrolaredo.com\/wp-content\/uploads\/2025\/02\/Stereo91-20250224-1.jpg",590,286,false]},"author_info":{"info":["Redactor"]},"category_info":"<a href=\"https:\/\/pornuestrolaredo.com\/?cat=9\" rel=\"category\">El Mundo<\/a>","tag_info":"El Mundo","comment_count":"0","jetpack_featured_media_url":"https:\/\/pornuestrolaredo.com\/wp-content\/uploads\/2025\/02\/Stereo91-20250224-1.jpg","jetpack_sharing_enabled":true,"_links":{"self":[{"href":"https:\/\/pornuestrolaredo.com\/index.php?rest_route=\/wp\/v2\/posts\/6082","targetHints":{"allow":["GET"]}}],"collection":[{"href":"https:\/\/pornuestrolaredo.com\/index.php?rest_route=\/wp\/v2\/posts"}],"about":[{"href":"https:\/\/pornuestrolaredo.com\/index.php?rest_route=\/wp\/v2\/types\/post"}],"author":[{"embeddable":true,"href":"https:\/\/pornuestrolaredo.com\/index.php?rest_route=\/wp\/v2\/users\/1"}],"replies":[{"embeddable":true,"href":"https:\/\/pornuestrolaredo.com\/index.php?rest_route=%2Fwp%2Fv2%2Fcomments&post=6082"}],"version-history":[{"count":1,"href":"https:\/\/pornuestrolaredo.com\/index.php?rest_route=\/wp\/v2\/posts\/6082\/revisions"}],"predecessor-version":[{"id":6084,"href":"https:\/\/pornuestrolaredo.com\/index.php?rest_route=\/wp\/v2\/posts\/6082\/revisions\/6084"}],"wp:featuredmedia":[{"embeddable":true,"href":"https:\/\/pornuestrolaredo.com\/index.php?rest_route=\/wp\/v2\/media\/6083"}],"wp:attachment":[{"href":"https:\/\/pornuestrolaredo.com\/index.php?rest_route=%2Fwp%2Fv2%2Fmedia&parent=6082"}],"wp:term":[{"taxonomy":"category","embeddable":true,"href":"https:\/\/pornuestrolaredo.com\/index.php?rest_route=%2Fwp%2Fv2%2Fcategories&post=6082"},{"taxonomy":"post_tag","embeddable":true,"href":"https:\/\/pornuestrolaredo.com\/index.php?rest_route=%2Fwp%2Fv2%2Ftags&post=6082"}],"curies":[{"name":"wp","href":"https:\/\/api.w.org\/{rel}","templated":true}]}}