{"id":6085,"date":"2025-02-24T20:54:50","date_gmt":"2025-02-24T20:54:50","guid":{"rendered":"https:\/\/pornuestrolaredo.com\/?p=6085"},"modified":"2025-02-24T20:54:50","modified_gmt":"2025-02-24T20:54:50","slug":"mexico-ya-no-se-arrodilla-ante-gobiernos-extranjeros","status":"publish","type":"post","link":"https:\/\/pornuestrolaredo.com\/?p=6085","title":{"rendered":"M\u00e9xico ya no se arrodilla ante gobiernos extranjeros"},"content":{"rendered":"<p><strong><em>CIUDAD DE M\u00c9XICO.-<\/em><\/strong> Al conmemorar el D\u00eda de la Bandera, la presidenta Claudia Sheinbaum afirm\u00f3 que Administraciones pasadas se arrodillaban ante los Gobiernos extranjeros y los ve\u00edan como ejemplo a seguir, pero eso se acab\u00f3 desde que gobierna la Cuarta Transformaci\u00f3n.<\/p>\n<blockquote><p>Ya no es como antes que los Gobiernos se arrodillaban ante Gobiernos extranjeros o que miraban fuera como ejemplo a seguir, ahora no. Desde que lleg\u00f3 la transformaci\u00f3n al Gobierno es claro que reivindicamos que a M\u00e9xico se le respeta, que no somos colonia ni protectorado de ning\u00fan pa\u00eds&#8221;, expres\u00f3 Sheinbaum durante la ceremonia ante la tensi\u00f3n y amenazas del Gobierno estadounidense.<\/p><\/blockquote>\n<p>Desde el Campo Marte, la Mandataria federal dijo que nunca traicionar\u00e1 la Bandera y que &#8220;ninguna fuerza en el mundo&#8221; doblegar\u00e1 al pueblo.<\/p>\n<blockquote><p>Porque adem\u00e1s somos uno solo gobierno, Fuerzas Armadas y pueblo. Nosotros no traicionamos, ni a nuestro pueblo, ni a nuestra patria, ni a nuestra Bandera. M\u00e9xico es un pa\u00eds grandioso y su pueblo es valeroso, sabemos que cuando nuestro pueblo se une en torno a su historia, su patria y su Bandera no hay fuerza en el mundo que pueda doblegar su esp\u00edritu&#8221;, mencion\u00f3.<br \/>\nLa titular del Ejecutivo federal record\u00f3 que, luego del anuncio de Estados Unidos que design\u00f3 a seis c\u00e1rteles mexicanos como grupos terroristas, envi\u00f3 una iniciativa de reforma a la Constituci\u00f3n para blindar la soberan\u00eda nacional e impedir el intervencionismo.<\/p><\/blockquote>\n<p>&#8220;Hace unos d\u00edas, envi\u00e9 al Congreso de la Uni\u00f3n una iniciativa de reforma constitucional para recordarle al mundo entero que M\u00e9xico es un pa\u00eds libre, independiente y soberano y que su pueblo no permite la violaci\u00f3n de su soberan\u00eda. La iniciativa establece que el pueblo de M\u00e9xico, bajo ninguna circunstancia, aceptar\u00e1 intervenciones, intromisiones o cualquier otro acto desde el extranjero que sea lesivo de la integridad, independencia y soberan\u00eda de la Naci\u00f3n, tales como golpes de Estado, injerencias en elecciones o la violaci\u00f3n del territorio mexicano, sea por tierra, agua, mar o espacio a\u00e9reo. <\/p>\n<blockquote><p>Tampoco consentir\u00e1 intervenci\u00f3n en investigaci\u00f3n y persecuci\u00f3n alguna sin la autorizaci\u00f3n y colaboraci\u00f3n expresa del Estado mexicano en el marco de las leyes aplicables. A cualquier extranjero que realice actividades al margen de la ley, vinculadas con los p\u00e1rrafos segundo y tercero que he le\u00eddo que se establecer\u00e1n en el art\u00edculo 40 de esta Constituci\u00f3n, se le impondr\u00e1 la pena m\u00e1s severa posible, as\u00ed como la medida cautelar de prisi\u00f3n preventiva oficiosa&#8221;, recalc\u00f3. <\/p><\/blockquote>\n<p>La presidenta estuvo acompa\u00f1ada por todo su Gabinete, as\u00ed como por los Secretarios de Defensa y Marina, y representantes del Poder Legislativo.<\/p>\n<p>Una vez m\u00e1s, el Poder Judicial estuvo ausente.<\/p>\n","protected":false},"excerpt":{"rendered":"<p>A la naci\u00f3n se le respeta, que no somos colonia ni protectorado de ning\u00fan pa\u00eds, advierte la presidenta Claudia Sheinbaum<\/p>\n","protected":false},"author":1,"featured_media":6086,"comment_status":"closed","ping_status":"closed","sticky":false,"template":"","format":"standard","meta":{"_crdt_document":"","_jetpack_memberships_contains_paid_content":false,"footnotes":"","jetpack_publicize_message":"","jetpack_publicize_feature_enabled":true,"jetpack_social_post_already_shared":true,"jetpack_social_options":{"image_generator_settings":{"template":"highway","default_image_id":0,"font":"","enabled":false},"version":2},"_wpas_customize_per_network":false},"categories":[33],"tags":[],"class_list":["post-6085","post","type-post","status-publish","format-standard","has-post-thumbnail","hentry","category-mexico"],"magazineBlocksPostFeaturedMedia":{"thumbnail":"https:\/\/pornuestrolaredo.com\/wp-content\/uploads\/2025\/02\/Stereo91-20250224-2-150x150.jpg","medium":"https:\/\/pornuestrolaredo.com\/wp-content\/uploads\/2025\/02\/Stereo91-20250224-2-300x188.jpg","medium_large":"https:\/\/pornuestrolaredo.com\/wp-content\/uploads\/2025\/02\/Stereo91-20250224-2-768x480.jpg","large":"https:\/\/pornuestrolaredo.com\/wp-content\/uploads\/2025\/02\/Stereo91-20250224-2-1000x625.jpg","1536x1536":"https:\/\/pornuestrolaredo.com\/wp-content\/uploads\/2025\/02\/Stereo91-20250224-2.jpg","2048x2048":"https:\/\/pornuestrolaredo.com\/wp-content\/uploads\/2025\/02\/Stereo91-20250224-2.jpg","morenews-large":"https:\/\/pornuestrolaredo.com\/wp-content\/uploads\/2025\/02\/Stereo91-20250224-2.jpg","morenews-medium":"https:\/\/pornuestrolaredo.com\/wp-content\/uploads\/2025\/02\/Stereo91-20250224-2.jpg"},"magazineBlocksPostAuthor":{"name":"Redactor","avatar":"https:\/\/pornuestrolaredo.com\/wp-content\/litespeed\/avatar\/dca1d7ec750c399f025f23b0b314f4cf.jpg?ver=1777612120"},"magazineBlocksPostCommentsNumber":false,"magazineBlocksPostExcerpt":"A la naci\u00f3n se le respeta, que no somos colonia ni protectorado de ning\u00fan pa\u00eds, advierte la presidenta Claudia Sheinbaum","magazineBlocksPostCategories":["Mexico"],"magazineBlocksPostViewCount":148,"magazineBlocksPostReadTime":3,"magazine_blocks_featured_image_url":{"full":["https:\/\/pornuestrolaredo.com\/wp-content\/uploads\/2025\/02\/Stereo91-20250224-2.jpg",1024,640,false],"medium":["https:\/\/pornuestrolaredo.com\/wp-content\/uploads\/2025\/02\/Stereo91-20250224-2-300x188.jpg",300,188,true],"thumbnail":["https:\/\/pornuestrolaredo.com\/wp-content\/uploads\/2025\/02\/Stereo91-20250224-2-150x150.jpg",150,150,true]},"magazine_blocks_author":{"display_name":"Redactor","author_link":"https:\/\/pornuestrolaredo.com\/?author=1"},"magazine_blocks_comment":0,"magazine_blocks_author_image":"https:\/\/pornuestrolaredo.com\/wp-content\/litespeed\/avatar\/dca1d7ec750c399f025f23b0b314f4cf.jpg?ver=1777612120","magazine_blocks_category":"<a href=\"#\" class=\"category-link category-link-33\">Mexico<\/a>","jetpack_publicize_connections":[],"featured_image_urls":{"full":["https:\/\/pornuestrolaredo.com\/wp-content\/uploads\/2025\/02\/Stereo91-20250224-2.jpg",1024,640,false],"thumbnail":["https:\/\/pornuestrolaredo.com\/wp-content\/uploads\/2025\/02\/Stereo91-20250224-2-150x150.jpg",150,150,true],"medium":["https:\/\/pornuestrolaredo.com\/wp-content\/uploads\/2025\/02\/Stereo91-20250224-2-300x188.jpg",300,188,true],"medium_large":["https:\/\/pornuestrolaredo.com\/wp-content\/uploads\/2025\/02\/Stereo91-20250224-2-768x480.jpg",640,400,true],"large":["https:\/\/pornuestrolaredo.com\/wp-content\/uploads\/2025\/02\/Stereo91-20250224-2-1000x625.jpg",640,400,true],"1536x1536":["https:\/\/pornuestrolaredo.com\/wp-content\/uploads\/2025\/02\/Stereo91-20250224-2.jpg",1024,640,false],"2048x2048":["https:\/\/pornuestrolaredo.com\/wp-content\/uploads\/2025\/02\/Stereo91-20250224-2.jpg",1024,640,false],"morenews-large":["https:\/\/pornuestrolaredo.com\/wp-content\/uploads\/2025\/02\/Stereo91-20250224-2.jpg",825,516,false],"morenews-medium":["https:\/\/pornuestrolaredo.com\/wp-content\/uploads\/2025\/02\/Stereo91-20250224-2.jpg",590,369,false]},"author_info":{"info":["Redactor"]},"category_info":"<a href=\"https:\/\/pornuestrolaredo.com\/?cat=33\" rel=\"category\">Mexico<\/a>","tag_info":"Mexico","comment_count":"0","jetpack_featured_media_url":"https:\/\/pornuestrolaredo.com\/wp-content\/uploads\/2025\/02\/Stereo91-20250224-2.jpg","jetpack_sharing_enabled":true,"_links":{"self":[{"href":"https:\/\/pornuestrolaredo.com\/index.php?rest_route=\/wp\/v2\/posts\/6085","targetHints":{"allow":["GET"]}}],"collection":[{"href":"https:\/\/pornuestrolaredo.com\/index.php?rest_route=\/wp\/v2\/posts"}],"about":[{"href":"https:\/\/pornuestrolaredo.com\/index.php?rest_route=\/wp\/v2\/types\/post"}],"author":[{"embeddable":true,"href":"https:\/\/pornuestrolaredo.com\/index.php?rest_route=\/wp\/v2\/users\/1"}],"replies":[{"embeddable":true,"href":"https:\/\/pornuestrolaredo.com\/index.php?rest_route=%2Fwp%2Fv2%2Fcomments&post=6085"}],"version-history":[{"count":1,"href":"https:\/\/pornuestrolaredo.com\/index.php?rest_route=\/wp\/v2\/posts\/6085\/revisions"}],"predecessor-version":[{"id":6087,"href":"https:\/\/pornuestrolaredo.com\/index.php?rest_route=\/wp\/v2\/posts\/6085\/revisions\/6087"}],"wp:featuredmedia":[{"embeddable":true,"href":"https:\/\/pornuestrolaredo.com\/index.php?rest_route=\/wp\/v2\/media\/6086"}],"wp:attachment":[{"href":"https:\/\/pornuestrolaredo.com\/index.php?rest_route=%2Fwp%2Fv2%2Fmedia&parent=6085"}],"wp:term":[{"taxonomy":"category","embeddable":true,"href":"https:\/\/pornuestrolaredo.com\/index.php?rest_route=%2Fwp%2Fv2%2Fcategories&post=6085"},{"taxonomy":"post_tag","embeddable":true,"href":"https:\/\/pornuestrolaredo.com\/index.php?rest_route=%2Fwp%2Fv2%2Ftags&post=6085"}],"curies":[{"name":"wp","href":"https:\/\/api.w.org\/{rel}","templated":true}]}}