{"id":6104,"date":"2025-02-26T19:59:25","date_gmt":"2025-02-26T19:59:25","guid":{"rendered":"https:\/\/pornuestrolaredo.com\/?p=6104"},"modified":"2025-02-26T19:59:25","modified_gmt":"2025-02-26T19:59:25","slug":"megapagon-en-chile-ordenan-toque-de-queda","status":"publish","type":"post","link":"https:\/\/pornuestrolaredo.com\/?p=6104","title":{"rendered":"Megapag\u00f3n en Chile; ordenan toque de queda"},"content":{"rendered":"<p><strong><em>SANTIAGO.- <\/em><\/strong>Chile se qued\u00f3 a oscuras. Un apag\u00f3n generalizado que afect\u00f3 ocho de cada 10 hogares deriv\u00f3 en un toque de queda ordenado por el Gabriel Boric, que fue levantado a las 6:00 de la ma\u00f1ana de este mi\u00e9rcoles.<\/p>\n<p>El apag\u00f3n generalizado que se mantuvo por siete horas y la incertidumbre de la poblaci\u00f3n fue creciendo con el transcurrir del tiempo, pues no se sab\u00eda a qu\u00e9 hora se iba a reponer el servicio. <\/p>\n<p>El corte de luz afect\u00f3 desde Arica y Parinacota, en el extremo norte del pa\u00eds sudamericano hasta la regi\u00f3n sure\u00f1a de Los Lagos. La grave situaci\u00f3n, que seg\u00fan el Coordinador El\u00e9ctrico Nacional (CEN) fue por una desconexi\u00f3n del sistema de transmisi\u00f3n de 500 kV en el Norte Chico, provoc\u00f3 un caos vial, oblig\u00f3 a la suspensi\u00f3n de las clases en las escuelas y tambi\u00e9n a la postergaci\u00f3n de la tercera jornada del Festival Internacional de la Canci\u00f3n de Vi\u00f1a del Mar. Un d\u00eda despu\u00e9s, las autoridades han informado que la luz ha regresado al 94% de los hogares, aunque todav\u00eda persisten m\u00e1s clientes sin luz, en especial en las regiones de Tarapac\u00e1 y Atacama.<\/p>\n<p>En una de las vocer\u00edas que durante el martes entreg\u00f3 el Coordinador El\u00e9ctrico Nacional (CEN), un organismo aut\u00f3nomo, se inform\u00f3 que la interrupci\u00f3n del suministro el\u00e9ctrico se produjo por una desconexi\u00f3n del sistema de transmisi\u00f3n de 500 kV en norte del pa\u00eds, entre Vallenar y Coquimbo. Tras el corte, en el que est\u00e1 el Grupo ISA y su filial ISA InterChile, se activ\u00f3 el Plan de Recuperaci\u00f3n de Servicio para reponer los consumos, pero pasadas las 22:00 y tras cuatro intentos, no hab\u00edan logrado la reconexi\u00f3n. El presidente del consejo directivo del CEN, Juan Carlos Olmedo, afirm\u00f3 que la desconexi\u00f3n se debi\u00f3 a \u201cuna operaci\u00f3n no deseada en el sistema de control y protecci\u00f3n de la l\u00ednea\u201d.<\/p>\n<p>Tras el toque de queda, que rigi\u00f3 entre las 10:00 de la noche del martes y las 6:00 de la ma\u00f1ana del mi\u00e9rcoles, se registraron 207 detenidos. La ministra del Interior, Carolina Toh\u00e1, ha informado en declaraciones a los medios de comunicaci\u00f3n que fallecieron tres personas electrodependientes, pero aclar\u00f3 que se debe investigar si los decesos est\u00e1n relacionados con los cortes de luz. \u201cSu fallecimiento no necesariamente est\u00e1 vinculado al corte; es algo que se tiene que establecer. Preliminarmente, la informaci\u00f3n indicar\u00eda que es altamente probable que no est\u00e9n vinculadas al corte\u201d, afirm\u00f3 desde La Moneda. La Fiscal\u00eda chilena abri\u00f3 una indagatoria por los fallecimientos, mientras que el Ministerio de Salud realizar\u00e1 una aditor\u00eda cl\u00ednica.<\/p>\n<p>El corte de luz ocurri\u00f3 a las 15:16 horas e implic\u00f3 que m\u00e1s de ocho millones de hogares quedaran sin electricidad, y la mitad de ellos comenz\u00f3 a recuperar el servicio cerca de las 10:00 de la noche del martes. La situaci\u00f3n gener\u00f3 un caos sin apenas precedentes, pues los chilenos de las regiones afectadas debieron salir de sus trabajos anticipadamente y miles de ellos tuvieron que caminar hacia sus hogares, pues los buses de la locomoci\u00f3n colectiva no daban abasto luego que la gran red de Metro de la Regi\u00f3n Metropolitana dej\u00f3 de funcionar. La in\u00e9dita emergencia tambi\u00e9n provoc\u00f3 una gran congesti\u00f3n vehicular pues los sem\u00e1foros se apagaron, aunque el aeropuerto de Santiago, los centros de salud y las c\u00e1rceles del pa\u00eds operaron con normalidad.<\/p>\n<p>Con el toque de queda unos 3 MIL militares se desplegaron durante la noche del martes y la madrugada del mi\u00e9rcoles para mantener el orden y la seguridad, seg\u00fan inform\u00f3 la subsecretar\u00eda de Defensa. Por las calles vac\u00edas, el ambiente despert\u00f3 los fantasmas que vivi\u00f3 Chile durante la pandemia.<\/p>\n<p>El apag\u00f3n ha ocurrido en el fin del verano chileno, que suele cerrarse con el gran evento del Festival de Vi\u00f1a del Mar. El corte de luz fue tan extenso que, cuando en algunos sectores de la capital regres\u00f3 el suministro, se escucharon gritos de los vecinos como si celebraran un gol.<\/p>\n","protected":false},"excerpt":{"rendered":"<p>Al menos ocho de cada 10 hogares se quedaron a oscuras durante siete horas y el ej\u00e9rcito y la polic\u00eda envi\u00f3 a sus efectivos a las calles<\/p>\n","protected":false},"author":1,"featured_media":6105,"comment_status":"closed","ping_status":"closed","sticky":false,"template":"","format":"standard","meta":{"_crdt_document":"","_jetpack_memberships_contains_paid_content":false,"footnotes":"","jetpack_publicize_message":"","jetpack_publicize_feature_enabled":true,"jetpack_social_post_already_shared":true,"jetpack_social_options":{"image_generator_settings":{"template":"highway","default_image_id":0,"font":"","enabled":false},"version":2},"_wpas_customize_per_network":false},"categories":[9],"tags":[],"class_list":["post-6104","post","type-post","status-publish","format-standard","has-post-thumbnail","hentry","category-el-mundo"],"magazineBlocksPostFeaturedMedia":{"thumbnail":"https:\/\/pornuestrolaredo.com\/wp-content\/uploads\/2025\/02\/Stereo91-20250226-4-150x150.jpg","medium":"https:\/\/pornuestrolaredo.com\/wp-content\/uploads\/2025\/02\/Stereo91-20250226-4-300x171.jpg","medium_large":"https:\/\/pornuestrolaredo.com\/wp-content\/uploads\/2025\/02\/Stereo91-20250226-4-768x439.jpg","large":"https:\/\/pornuestrolaredo.com\/wp-content\/uploads\/2025\/02\/Stereo91-20250226-4-1000x571.jpg","1536x1536":"https:\/\/pornuestrolaredo.com\/wp-content\/uploads\/2025\/02\/Stereo91-20250226-4.jpg","2048x2048":"https:\/\/pornuestrolaredo.com\/wp-content\/uploads\/2025\/02\/Stereo91-20250226-4.jpg","morenews-large":"https:\/\/pornuestrolaredo.com\/wp-content\/uploads\/2025\/02\/Stereo91-20250226-4.jpg","morenews-medium":"https:\/\/pornuestrolaredo.com\/wp-content\/uploads\/2025\/02\/Stereo91-20250226-4.jpg"},"magazineBlocksPostAuthor":{"name":"Redactor","avatar":"https:\/\/pornuestrolaredo.com\/wp-content\/litespeed\/avatar\/dca1d7ec750c399f025f23b0b314f4cf.jpg?ver=1777612120"},"magazineBlocksPostCommentsNumber":false,"magazineBlocksPostExcerpt":"Al menos ocho de cada 10 hogares se quedaron a oscuras durante siete horas y el ej\u00e9rcito y la polic\u00eda envi\u00f3 a sus efectivos a las calles","magazineBlocksPostCategories":["El Mundo"],"magazineBlocksPostViewCount":123,"magazineBlocksPostReadTime":4,"magazine_blocks_featured_image_url":{"full":["https:\/\/pornuestrolaredo.com\/wp-content\/uploads\/2025\/02\/Stereo91-20250226-4.jpg",1280,731,false],"medium":["https:\/\/pornuestrolaredo.com\/wp-content\/uploads\/2025\/02\/Stereo91-20250226-4-300x171.jpg",300,171,true],"thumbnail":["https:\/\/pornuestrolaredo.com\/wp-content\/uploads\/2025\/02\/Stereo91-20250226-4-150x150.jpg",150,150,true]},"magazine_blocks_author":{"display_name":"Redactor","author_link":"https:\/\/pornuestrolaredo.com\/?author=1"},"magazine_blocks_comment":0,"magazine_blocks_author_image":"https:\/\/pornuestrolaredo.com\/wp-content\/litespeed\/avatar\/dca1d7ec750c399f025f23b0b314f4cf.jpg?ver=1777612120","magazine_blocks_category":"<a href=\"#\" class=\"category-link category-link-9\">El Mundo<\/a>","jetpack_publicize_connections":[],"featured_image_urls":{"full":["https:\/\/pornuestrolaredo.com\/wp-content\/uploads\/2025\/02\/Stereo91-20250226-4.jpg",1280,731,false],"thumbnail":["https:\/\/pornuestrolaredo.com\/wp-content\/uploads\/2025\/02\/Stereo91-20250226-4-150x150.jpg",150,150,true],"medium":["https:\/\/pornuestrolaredo.com\/wp-content\/uploads\/2025\/02\/Stereo91-20250226-4-300x171.jpg",300,171,true],"medium_large":["https:\/\/pornuestrolaredo.com\/wp-content\/uploads\/2025\/02\/Stereo91-20250226-4-768x439.jpg",640,366,true],"large":["https:\/\/pornuestrolaredo.com\/wp-content\/uploads\/2025\/02\/Stereo91-20250226-4-1000x571.jpg",640,365,true],"1536x1536":["https:\/\/pornuestrolaredo.com\/wp-content\/uploads\/2025\/02\/Stereo91-20250226-4.jpg",1280,731,false],"2048x2048":["https:\/\/pornuestrolaredo.com\/wp-content\/uploads\/2025\/02\/Stereo91-20250226-4.jpg",1280,731,false],"morenews-large":["https:\/\/pornuestrolaredo.com\/wp-content\/uploads\/2025\/02\/Stereo91-20250226-4.jpg",825,471,false],"morenews-medium":["https:\/\/pornuestrolaredo.com\/wp-content\/uploads\/2025\/02\/Stereo91-20250226-4.jpg",590,337,false]},"author_info":{"info":["Redactor"]},"category_info":"<a href=\"https:\/\/pornuestrolaredo.com\/?cat=9\" rel=\"category\">El Mundo<\/a>","tag_info":"El Mundo","comment_count":"0","jetpack_featured_media_url":"https:\/\/pornuestrolaredo.com\/wp-content\/uploads\/2025\/02\/Stereo91-20250226-4.jpg","jetpack_sharing_enabled":true,"_links":{"self":[{"href":"https:\/\/pornuestrolaredo.com\/index.php?rest_route=\/wp\/v2\/posts\/6104","targetHints":{"allow":["GET"]}}],"collection":[{"href":"https:\/\/pornuestrolaredo.com\/index.php?rest_route=\/wp\/v2\/posts"}],"about":[{"href":"https:\/\/pornuestrolaredo.com\/index.php?rest_route=\/wp\/v2\/types\/post"}],"author":[{"embeddable":true,"href":"https:\/\/pornuestrolaredo.com\/index.php?rest_route=\/wp\/v2\/users\/1"}],"replies":[{"embeddable":true,"href":"https:\/\/pornuestrolaredo.com\/index.php?rest_route=%2Fwp%2Fv2%2Fcomments&post=6104"}],"version-history":[{"count":1,"href":"https:\/\/pornuestrolaredo.com\/index.php?rest_route=\/wp\/v2\/posts\/6104\/revisions"}],"predecessor-version":[{"id":6106,"href":"https:\/\/pornuestrolaredo.com\/index.php?rest_route=\/wp\/v2\/posts\/6104\/revisions\/6106"}],"wp:featuredmedia":[{"embeddable":true,"href":"https:\/\/pornuestrolaredo.com\/index.php?rest_route=\/wp\/v2\/media\/6105"}],"wp:attachment":[{"href":"https:\/\/pornuestrolaredo.com\/index.php?rest_route=%2Fwp%2Fv2%2Fmedia&parent=6104"}],"wp:term":[{"taxonomy":"category","embeddable":true,"href":"https:\/\/pornuestrolaredo.com\/index.php?rest_route=%2Fwp%2Fv2%2Fcategories&post=6104"},{"taxonomy":"post_tag","embeddable":true,"href":"https:\/\/pornuestrolaredo.com\/index.php?rest_route=%2Fwp%2Fv2%2Ftags&post=6104"}],"curies":[{"name":"wp","href":"https:\/\/api.w.org\/{rel}","templated":true}]}}