{"id":6107,"date":"2025-02-26T21:23:01","date_gmt":"2025-02-26T21:23:01","guid":{"rendered":"https:\/\/pornuestrolaredo.com\/?p=6107"},"modified":"2025-02-26T21:23:01","modified_gmt":"2025-02-26T21:23:01","slug":"trump-no-detendre-los-aranceles-a-mexico-y-canada","status":"publish","type":"post","link":"https:\/\/pornuestrolaredo.com\/?p=6107","title":{"rendered":"Trump: No detendr\u00e9 los aranceles a M\u00e9xico y Canad\u00e1"},"content":{"rendered":"<p><strong><em>WASHINGTON.- <\/em><\/strong>El presidente Donald Trump asegur\u00f3 este mi\u00e9rcoles que no detendr\u00e1 la imposici\u00f3n de aranceles de 25 por ciento contra M\u00e9xico y Canad\u00e1 a pesar de la ca\u00edda en los cruces de migrantes irregulares en la frontera e insisti\u00f3 en el da\u00f1o que el fentanilo traficado desde ambos pa\u00edses ha provocado a Estados Unidos.<\/p>\n<blockquote><p>No, no, no voy a detener los aranceles. No. Millones de personas han muerto a causa del fentanilo que entra por la frontera&#8221;, dijo Trump durante su primera reuni\u00f3n de Gabinete al ser cuestionado por los aranceles y la fecha l\u00edmite del 4 de marzo a partir de cuando los aranceles comenzar\u00edan a aplicarse<\/p><\/blockquote>\n<p>.<\/p>\n<blockquote><p>S\u00ed, ellos (M\u00e9xico) han sido buenos. Pero eso tambi\u00e9n se debe a nosotros, en gran parte a nosotros&#8221;, dijo Trump sobre la ca\u00edda de 94 por ciento en los cruces irregulares de migrantes respecto al nivel de 2024.<\/p><\/blockquote>\n<blockquote><p>Es muy dif\u00edcil cruzar la frontera, pero el da\u00f1o ya est\u00e1 hecho. Hemos perdido millones de personas debido al fentanilo. Viene principalmente de China, pero llega a trav\u00e9s de M\u00e9xico y Canad\u00e1&#8221;, insisti\u00f3 Trump.<\/p><\/blockquote>\n<p>Durante el encuentro, el secretario de Comercio, Howard Lutnick, que actualmente se analizan los avances hechos por el Gobierno mexicano en contra del tr\u00e1fico del fentanilo para evaluar si la pausa de 30 d\u00edas acordada con el Gobierno de la Presidenta Claudia Sheinbaum sobre los aranceles se extiende. <\/p>\n<p>A pesar de que Trump mencion\u00f3 la fecha del 2 de abril cuando se analizan aranceles rec\u00edprocos para todos los pa\u00edses, el secretario de Comercio Howard Lutnick dijo despu\u00e9s que la fecha del 4 de marzo sigue siendo clave para saber si la pausa sobre aranceles contra M\u00e9xico y Canad\u00e1 se extiende o no.<\/p>\n<blockquote><p>Bueno, tenemos lo relacionado con el fentanilo: es una pausa (desde el 3 de febrero). Si (M\u00e9xico y Canad\u00e1) pueden demostrarle al presidente que han hecho un excelente trabajo, eso es lo que har\u00e1n primero en 30 d\u00edas (desde el 3 de febrero)&#8221;, dijo Lutnick en la misma reuni\u00f3n que el presidente Trump.<\/p><\/blockquote>\n<blockquote><p>Se est\u00e1 trabajando duro en la frontera. Al final de esos 30 d\u00edas tienen que demostrarle al presidente que lo han satisfecho en ese sentido, si tienen una pausa o no&#8221;, a\u00f1adi\u00f3 Lutnick.<\/p><\/blockquote>\n","protected":false},"excerpt":{"rendered":"<p>Al presidente estadounidense no le convencen las acciones contra el fentanilo y la migraci\u00f3n ilegal<\/p>\n","protected":false},"author":1,"featured_media":6108,"comment_status":"closed","ping_status":"closed","sticky":false,"template":"","format":"standard","meta":{"_crdt_document":"","_jetpack_memberships_contains_paid_content":false,"footnotes":"","jetpack_publicize_message":"","jetpack_publicize_feature_enabled":true,"jetpack_social_post_already_shared":true,"jetpack_social_options":{"image_generator_settings":{"template":"highway","default_image_id":0,"font":"","enabled":false},"version":2},"_wpas_customize_per_network":false},"categories":[9],"tags":[],"class_list":["post-6107","post","type-post","status-publish","format-standard","has-post-thumbnail","hentry","category-el-mundo"],"magazineBlocksPostFeaturedMedia":{"thumbnail":"https:\/\/pornuestrolaredo.com\/wp-content\/uploads\/2025\/02\/Stereo91-20250226-6-150x150.jpg","medium":"https:\/\/pornuestrolaredo.com\/wp-content\/uploads\/2025\/02\/Stereo91-20250226-6-300x178.jpg","medium_large":"https:\/\/pornuestrolaredo.com\/wp-content\/uploads\/2025\/02\/Stereo91-20250226-6-768x455.jpg","large":"https:\/\/pornuestrolaredo.com\/wp-content\/uploads\/2025\/02\/Stereo91-20250226-6-1000x592.jpg","1536x1536":"https:\/\/pornuestrolaredo.com\/wp-content\/uploads\/2025\/02\/Stereo91-20250226-6.jpg","2048x2048":"https:\/\/pornuestrolaredo.com\/wp-content\/uploads\/2025\/02\/Stereo91-20250226-6.jpg","morenews-large":"https:\/\/pornuestrolaredo.com\/wp-content\/uploads\/2025\/02\/Stereo91-20250226-6.jpg","morenews-medium":"https:\/\/pornuestrolaredo.com\/wp-content\/uploads\/2025\/02\/Stereo91-20250226-6.jpg"},"magazineBlocksPostAuthor":{"name":"Redactor","avatar":"https:\/\/pornuestrolaredo.com\/wp-content\/litespeed\/avatar\/dca1d7ec750c399f025f23b0b314f4cf.jpg?ver=1777612120"},"magazineBlocksPostCommentsNumber":false,"magazineBlocksPostExcerpt":"Al presidente estadounidense no le convencen las acciones contra el fentanilo y la migraci\u00f3n ilegal","magazineBlocksPostCategories":["El Mundo"],"magazineBlocksPostViewCount":131,"magazineBlocksPostReadTime":2,"magazine_blocks_featured_image_url":{"full":["https:\/\/pornuestrolaredo.com\/wp-content\/uploads\/2025\/02\/Stereo91-20250226-6.jpg",1024,606,false],"medium":["https:\/\/pornuestrolaredo.com\/wp-content\/uploads\/2025\/02\/Stereo91-20250226-6-300x178.jpg",300,178,true],"thumbnail":["https:\/\/pornuestrolaredo.com\/wp-content\/uploads\/2025\/02\/Stereo91-20250226-6-150x150.jpg",150,150,true]},"magazine_blocks_author":{"display_name":"Redactor","author_link":"https:\/\/pornuestrolaredo.com\/?author=1"},"magazine_blocks_comment":0,"magazine_blocks_author_image":"https:\/\/pornuestrolaredo.com\/wp-content\/litespeed\/avatar\/dca1d7ec750c399f025f23b0b314f4cf.jpg?ver=1777612120","magazine_blocks_category":"<a href=\"#\" class=\"category-link category-link-9\">El Mundo<\/a>","jetpack_publicize_connections":[],"featured_image_urls":{"full":["https:\/\/pornuestrolaredo.com\/wp-content\/uploads\/2025\/02\/Stereo91-20250226-6.jpg",1024,606,false],"thumbnail":["https:\/\/pornuestrolaredo.com\/wp-content\/uploads\/2025\/02\/Stereo91-20250226-6-150x150.jpg",150,150,true],"medium":["https:\/\/pornuestrolaredo.com\/wp-content\/uploads\/2025\/02\/Stereo91-20250226-6-300x178.jpg",300,178,true],"medium_large":["https:\/\/pornuestrolaredo.com\/wp-content\/uploads\/2025\/02\/Stereo91-20250226-6-768x455.jpg",640,379,true],"large":["https:\/\/pornuestrolaredo.com\/wp-content\/uploads\/2025\/02\/Stereo91-20250226-6-1000x592.jpg",640,379,true],"1536x1536":["https:\/\/pornuestrolaredo.com\/wp-content\/uploads\/2025\/02\/Stereo91-20250226-6.jpg",1024,606,false],"2048x2048":["https:\/\/pornuestrolaredo.com\/wp-content\/uploads\/2025\/02\/Stereo91-20250226-6.jpg",1024,606,false],"morenews-large":["https:\/\/pornuestrolaredo.com\/wp-content\/uploads\/2025\/02\/Stereo91-20250226-6.jpg",825,488,false],"morenews-medium":["https:\/\/pornuestrolaredo.com\/wp-content\/uploads\/2025\/02\/Stereo91-20250226-6.jpg",590,349,false]},"author_info":{"info":["Redactor"]},"category_info":"<a href=\"https:\/\/pornuestrolaredo.com\/?cat=9\" rel=\"category\">El Mundo<\/a>","tag_info":"El Mundo","comment_count":"0","jetpack_featured_media_url":"https:\/\/pornuestrolaredo.com\/wp-content\/uploads\/2025\/02\/Stereo91-20250226-6.jpg","jetpack_sharing_enabled":true,"_links":{"self":[{"href":"https:\/\/pornuestrolaredo.com\/index.php?rest_route=\/wp\/v2\/posts\/6107","targetHints":{"allow":["GET"]}}],"collection":[{"href":"https:\/\/pornuestrolaredo.com\/index.php?rest_route=\/wp\/v2\/posts"}],"about":[{"href":"https:\/\/pornuestrolaredo.com\/index.php?rest_route=\/wp\/v2\/types\/post"}],"author":[{"embeddable":true,"href":"https:\/\/pornuestrolaredo.com\/index.php?rest_route=\/wp\/v2\/users\/1"}],"replies":[{"embeddable":true,"href":"https:\/\/pornuestrolaredo.com\/index.php?rest_route=%2Fwp%2Fv2%2Fcomments&post=6107"}],"version-history":[{"count":1,"href":"https:\/\/pornuestrolaredo.com\/index.php?rest_route=\/wp\/v2\/posts\/6107\/revisions"}],"predecessor-version":[{"id":6109,"href":"https:\/\/pornuestrolaredo.com\/index.php?rest_route=\/wp\/v2\/posts\/6107\/revisions\/6109"}],"wp:featuredmedia":[{"embeddable":true,"href":"https:\/\/pornuestrolaredo.com\/index.php?rest_route=\/wp\/v2\/media\/6108"}],"wp:attachment":[{"href":"https:\/\/pornuestrolaredo.com\/index.php?rest_route=%2Fwp%2Fv2%2Fmedia&parent=6107"}],"wp:term":[{"taxonomy":"category","embeddable":true,"href":"https:\/\/pornuestrolaredo.com\/index.php?rest_route=%2Fwp%2Fv2%2Fcategories&post=6107"},{"taxonomy":"post_tag","embeddable":true,"href":"https:\/\/pornuestrolaredo.com\/index.php?rest_route=%2Fwp%2Fv2%2Ftags&post=6107"}],"curies":[{"name":"wp","href":"https:\/\/api.w.org\/{rel}","templated":true}]}}