{"id":6110,"date":"2025-02-28T19:28:07","date_gmt":"2025-02-28T19:28:07","guid":{"rendered":"https:\/\/pornuestrolaredo.com\/?p=6110"},"modified":"2025-02-28T19:28:07","modified_gmt":"2025-02-28T19:28:07","slug":"sufre-el-papa-nuevo-problema-de-salud","status":"publish","type":"post","link":"https:\/\/pornuestrolaredo.com\/?p=6110","title":{"rendered":"Sufre el Papa nuevo problema de salud"},"content":{"rendered":"<p><strong>EL VATICANO.-<\/strong> El Papa Francisco sufri\u00f3 un espasmo bronquial e inhal\u00f3 v\u00f3mito por lo que se le dio ventilaci\u00f3n no invasiva, dice el Vaticano.<\/p>\n<blockquote><p>La condici\u00f3n respiratoria empeor\u00f3 despu\u00e9s del episodio. El Papa Francisco, prontamente aspirado, inici\u00f3 ventilaci\u00f3n mec\u00e1nica no invasiva con buena respuesta en el intercambio gaseoso&#8221;, dijo el Vaticano.<\/p><\/blockquote>\n<blockquote><p>Siempre alerta y consciente, colabor\u00f3 en las maniobras terap\u00e9uticas&#8221;.<\/p><\/blockquote>\n<p>El Pont\u00edfice, de 88 a\u00f1os, ha estado hospitalizado desde hace 15 d\u00edas por una doble neumon\u00eda. <\/p>\n<p>El Vaticano no ha dicho cu\u00e1nto tiempo permanecer\u00e1 en el hospital, pero anunci\u00f3 el viernes que Francisco no dirigir\u00eda el tradicional servicio del Mi\u00e9rcoles de Ceniza el 5 de marzo, lo que indica que su hospitalizaci\u00f3n podr\u00eda prolongarse hasta la pr\u00f3xima semana.<\/p>\n<p>El desarrollo marc\u00f3 un retroceso en lo que hab\u00edan sido dos d\u00edas sucesivos de informes cada vez m\u00e1s optimistas de los m\u00e9dicos que tratan a Francisco en el hospital Gemelli de Roma desde el 14 de febrero.<\/p>\n<p>El episodio, que ocurri\u00f3 a primera hora de la tarde, result\u00f3 en un &#8220;empeoramiento repentino de la situaci\u00f3n respiratoria&#8221;. Los m\u00e9dicos decidieron mantener su pron\u00f3stico como reservado.<\/p>\n<p>El Vaticano ya ha hecho planes alternativos para el Mi\u00e9rcoles de Ceniza de la pr\u00f3xima semana, dejando claro que Francisco a\u00fan tiene un largo camino por delante. El cardenal Angelo De Donatis, un funcionario del Vaticano y exvicario de Roma, presidir\u00e1 la ceremonia y procesi\u00f3n del 5 de marzo que inaugura la solemne temporada de Cuaresma previo a la Semana Santa.<\/p>\n<p>M\u00e1s temprano el viernes, Francisco hab\u00eda pasado la ma\u00f1ana alternando flujos altos de ox\u00edgeno suplementario con una m\u00e1scara y orando en la capilla. Hab\u00eda desayunado, le\u00eddo los peri\u00f3dicos del d\u00eda y estaba recibiendo fisioterapia respiratoria, seg\u00fan el Vaticano.<\/p>\n<p>Los m\u00e9dicos no volvieron a referirse a Francisco en &#8220;condici\u00f3n cr\u00edtica&#8221;, t\u00e9rmino que hab\u00eda estado ausente de sus declaraciones durante tres d\u00edas.<\/p>\n","protected":false},"excerpt":{"rendered":"<p>Reportan que tuvo un espasmo bronquial que le empeor\u00f3 su condici\u00f3n respiratoria<\/p>\n","protected":false},"author":1,"featured_media":6111,"comment_status":"closed","ping_status":"closed","sticky":false,"template":"","format":"standard","meta":{"_crdt_document":"","_jetpack_memberships_contains_paid_content":false,"footnotes":"","jetpack_publicize_message":"","jetpack_publicize_feature_enabled":true,"jetpack_social_post_already_shared":true,"jetpack_social_options":{"image_generator_settings":{"template":"highway","default_image_id":0,"font":"","enabled":false},"version":2},"_wpas_customize_per_network":false},"categories":[9],"tags":[],"class_list":["post-6110","post","type-post","status-publish","format-standard","has-post-thumbnail","hentry","category-el-mundo"],"magazineBlocksPostFeaturedMedia":{"thumbnail":"https:\/\/pornuestrolaredo.com\/wp-content\/uploads\/2025\/02\/Stereo91-20250228-3-150x150.jpg","medium":"https:\/\/pornuestrolaredo.com\/wp-content\/uploads\/2025\/02\/Stereo91-20250228-3-300x146.jpg","medium_large":"https:\/\/pornuestrolaredo.com\/wp-content\/uploads\/2025\/02\/Stereo91-20250228-3-768x374.jpg","large":"https:\/\/pornuestrolaredo.com\/wp-content\/uploads\/2025\/02\/Stereo91-20250228-3.jpg","1536x1536":"https:\/\/pornuestrolaredo.com\/wp-content\/uploads\/2025\/02\/Stereo91-20250228-3.jpg","2048x2048":"https:\/\/pornuestrolaredo.com\/wp-content\/uploads\/2025\/02\/Stereo91-20250228-3.jpg","morenews-large":"https:\/\/pornuestrolaredo.com\/wp-content\/uploads\/2025\/02\/Stereo91-20250228-3.jpg","morenews-medium":"https:\/\/pornuestrolaredo.com\/wp-content\/uploads\/2025\/02\/Stereo91-20250228-3.jpg"},"magazineBlocksPostAuthor":{"name":"Redactor","avatar":"https:\/\/pornuestrolaredo.com\/wp-content\/litespeed\/avatar\/dca1d7ec750c399f025f23b0b314f4cf.jpg?ver=1777612120"},"magazineBlocksPostCommentsNumber":false,"magazineBlocksPostExcerpt":"Reportan que tuvo un espasmo bronquial que le empeor\u00f3 su condici\u00f3n respiratoria","magazineBlocksPostCategories":["El Mundo"],"magazineBlocksPostViewCount":123,"magazineBlocksPostReadTime":2,"magazine_blocks_featured_image_url":{"full":["https:\/\/pornuestrolaredo.com\/wp-content\/uploads\/2025\/02\/Stereo91-20250228-3.jpg",960,468,false],"medium":["https:\/\/pornuestrolaredo.com\/wp-content\/uploads\/2025\/02\/Stereo91-20250228-3-300x146.jpg",300,146,true],"thumbnail":["https:\/\/pornuestrolaredo.com\/wp-content\/uploads\/2025\/02\/Stereo91-20250228-3-150x150.jpg",150,150,true]},"magazine_blocks_author":{"display_name":"Redactor","author_link":"https:\/\/pornuestrolaredo.com\/?author=1"},"magazine_blocks_comment":0,"magazine_blocks_author_image":"https:\/\/pornuestrolaredo.com\/wp-content\/litespeed\/avatar\/dca1d7ec750c399f025f23b0b314f4cf.jpg?ver=1777612120","magazine_blocks_category":"<a href=\"#\" class=\"category-link category-link-9\">El Mundo<\/a>","jetpack_publicize_connections":[],"featured_image_urls":{"full":["https:\/\/pornuestrolaredo.com\/wp-content\/uploads\/2025\/02\/Stereo91-20250228-3.jpg",960,468,false],"thumbnail":["https:\/\/pornuestrolaredo.com\/wp-content\/uploads\/2025\/02\/Stereo91-20250228-3-150x150.jpg",150,150,true],"medium":["https:\/\/pornuestrolaredo.com\/wp-content\/uploads\/2025\/02\/Stereo91-20250228-3-300x146.jpg",300,146,true],"medium_large":["https:\/\/pornuestrolaredo.com\/wp-content\/uploads\/2025\/02\/Stereo91-20250228-3-768x374.jpg",640,312,true],"large":["https:\/\/pornuestrolaredo.com\/wp-content\/uploads\/2025\/02\/Stereo91-20250228-3.jpg",640,312,false],"1536x1536":["https:\/\/pornuestrolaredo.com\/wp-content\/uploads\/2025\/02\/Stereo91-20250228-3.jpg",960,468,false],"2048x2048":["https:\/\/pornuestrolaredo.com\/wp-content\/uploads\/2025\/02\/Stereo91-20250228-3.jpg",960,468,false],"morenews-large":["https:\/\/pornuestrolaredo.com\/wp-content\/uploads\/2025\/02\/Stereo91-20250228-3.jpg",825,402,false],"morenews-medium":["https:\/\/pornuestrolaredo.com\/wp-content\/uploads\/2025\/02\/Stereo91-20250228-3.jpg",590,288,false]},"author_info":{"info":["Redactor"]},"category_info":"<a href=\"https:\/\/pornuestrolaredo.com\/?cat=9\" rel=\"category\">El Mundo<\/a>","tag_info":"El Mundo","comment_count":"0","jetpack_featured_media_url":"https:\/\/pornuestrolaredo.com\/wp-content\/uploads\/2025\/02\/Stereo91-20250228-3.jpg","jetpack_sharing_enabled":true,"_links":{"self":[{"href":"https:\/\/pornuestrolaredo.com\/index.php?rest_route=\/wp\/v2\/posts\/6110","targetHints":{"allow":["GET"]}}],"collection":[{"href":"https:\/\/pornuestrolaredo.com\/index.php?rest_route=\/wp\/v2\/posts"}],"about":[{"href":"https:\/\/pornuestrolaredo.com\/index.php?rest_route=\/wp\/v2\/types\/post"}],"author":[{"embeddable":true,"href":"https:\/\/pornuestrolaredo.com\/index.php?rest_route=\/wp\/v2\/users\/1"}],"replies":[{"embeddable":true,"href":"https:\/\/pornuestrolaredo.com\/index.php?rest_route=%2Fwp%2Fv2%2Fcomments&post=6110"}],"version-history":[{"count":1,"href":"https:\/\/pornuestrolaredo.com\/index.php?rest_route=\/wp\/v2\/posts\/6110\/revisions"}],"predecessor-version":[{"id":6112,"href":"https:\/\/pornuestrolaredo.com\/index.php?rest_route=\/wp\/v2\/posts\/6110\/revisions\/6112"}],"wp:featuredmedia":[{"embeddable":true,"href":"https:\/\/pornuestrolaredo.com\/index.php?rest_route=\/wp\/v2\/media\/6111"}],"wp:attachment":[{"href":"https:\/\/pornuestrolaredo.com\/index.php?rest_route=%2Fwp%2Fv2%2Fmedia&parent=6110"}],"wp:term":[{"taxonomy":"category","embeddable":true,"href":"https:\/\/pornuestrolaredo.com\/index.php?rest_route=%2Fwp%2Fv2%2Fcategories&post=6110"},{"taxonomy":"post_tag","embeddable":true,"href":"https:\/\/pornuestrolaredo.com\/index.php?rest_route=%2Fwp%2Fv2%2Ftags&post=6110"}],"curies":[{"name":"wp","href":"https:\/\/api.w.org\/{rel}","templated":true}]}}