{"id":6129,"date":"2025-03-04T06:33:00","date_gmt":"2025-03-04T06:33:00","guid":{"rendered":"https:\/\/pornuestrolaredo.com\/?p=6129"},"modified":"2025-03-04T06:33:00","modified_gmt":"2025-03-04T06:33:00","slug":"aplica-trump-aranceles-a-mexico-y-canada","status":"publish","type":"post","link":"https:\/\/pornuestrolaredo.com\/?p=6129","title":{"rendered":"Aplica Trump aranceles a M\u00e9xico y Canad\u00e1"},"content":{"rendered":"<p><strong>WASHINGTON .-<\/strong> Los aranceles que Donald Trump amenaz\u00f3 con imponer a Canad\u00e1 y M\u00e9xico entraron finalmente en vigor el martes, lo que dej\u00f3 a los mercados globales en alerta y propici\u00f3 costosas represalias por parte de los aliados norteamericanos de Estados Unidos.<\/p>\n<p>Desde poco despu\u00e9s de la medianoche, las importaciones de Canad\u00e1 y M\u00e9xico ser\u00e1n gravadas con un 25%, mientras que los productos energ\u00e9ticos canadienses tendr\u00e1n un arancel del 10%. Adem\u00e1s, el arancel del 10% que Trump impuso a las importaciones chinas en febrero se duplicar\u00e1 al 20%.<\/p>\n<p>En respuesta, el primer ministro de Canad\u00e1, Justin Trudeau, afirm\u00f3 que su pa\u00eds impondr\u00e1 aranceles a m\u00e1s de 100 mil millones de d\u00f3lares en productos estadounidenses en el transcurso de 21 d\u00edas. M\u00e9xico y China no explicaron de inmediato ninguna medida de represalia.<\/p>\n<p>Las acciones del presidente de Estados Unidos generaron temores de una mayor inflaci\u00f3n y la perspectiva de una devastadora guerra comercial, incluso cuando prometi\u00f3 al pa\u00eds que los impuestos sobre las importaciones son el camino m\u00e1s f\u00e1cil hacia la prosperidad nacional. Ha mostrado disposici\u00f3n a ignorar las advertencias de los economistas convencionales y poner en riesgo su propia aprobaci\u00f3n p\u00fablica, creyendo que los aranceles pueden solucionar lo que aqueja al pa\u00eds.<\/p>\n<blockquote><p>Es un arma muy poderosa que los pol\u00edticos no han utilizado porque o bien eran deshonestos, est\u00fapidos o estaban sobornados de alguna otra forma\u201d, dijo Trump el lunes en la Casa Blanca. \u201cY ahora las estamos utilizando\u201d.<\/p><\/blockquote>\n<p>Los aranceles a Canad\u00e1 y M\u00e9xico deb\u00edan haberse aplicado en febrero, pero Trump acord\u00f3 una pr\u00f3rroga de 30 d\u00edas para seguir negociando con los dos mayores socios comerciales de Washington. La raz\u00f3n declarada para los aranceles es abordar el tr\u00e1fico de drogas y la inmigraci\u00f3n ilegal, y ambos pa\u00edses afirman haber realizado avances en esos temas. Pero Trump tambi\u00e9n ha dicho que los aranceles solo bajar\u00e1n si se cierra el d\u00e9ficit comercial de Estados Unidos, un asunto que probablemente no se resolver\u00e1 en un plazo pol\u00edtico.<\/p>\n<p>Existe la posibilidad de que los aranceles sean de corta duraci\u00f3n si la econom\u00eda estadounidense se resiente, as\u00ed como existe la posibilidad de que se impongan m\u00e1s aranceles a la Uni\u00f3n Europea, India, a chips de computadora, autom\u00f3viles y medicamentos, como ha prometido Trump. El mandatario ha inyectado una volatilidad desconcertante a la econom\u00eda mundial, que se ha desequilibrado mientras la gente se pregunta qu\u00e9 har\u00e1 a continuaci\u00f3n.<\/p>\n<blockquote><p>Es ca\u00f3tico, especialmente en comparaci\u00f3n con la forma en la que se aplicaron los aranceles en la primera administraci\u00f3n (Trump)\u201d, dijo Michael House, copresidente de la divisi\u00f3n de comercio internacional del despacho de abogados Perkins Coie. \u201cEs impredecible. De hecho, no sabemos qu\u00e9 har\u00e1 el presidente\u201d.<\/p><\/blockquote>\n<p>Los legisladores dem\u00f3cratas criticaron de inmediato los aranceles, e incluso algunos senadores republicanos expresaron su preocupaci\u00f3n.<\/p>\n<p>Susan Collins, senadora republicada de Maine, se mostr\u00f3 \u201cmuy preocupada\u201d por la entrada en vigor de los aranceles debido a la proximidad de su estado con Canad\u00e1.<\/p>\n<blockquote><p>Las econom\u00edas de Maine y Canad\u00e1 est\u00e1n integradas\u201d, afirm\u00f3 Collins, que explic\u00f3 que gran parte de las langostas y ar\u00e1ndanos recogidos en la regi\u00f3n se procesan en Canad\u00e1 y se env\u00edan de regreso a Estados Unidos.<\/p><\/blockquote>\n<p>La econom\u00eda mundial est\u00e1 ahora sumida en los albores de lo que parece ser una guerra comercial.<\/p>\n<p>Incluso despu\u00e9s de que Trump anunciase el lunes que los aranceles segu\u00edan adelante, los funcionarios canadienses segu\u00edan en contacto con sus hom\u00f3logos estadounidenses.<\/p>\n<blockquote><p>El di\u00e1logo continuar\u00e1, pero estamos listos para responder\u201d, indic\u00f3 el ministro canadiense de Defensa, Bill Blair, en Ottawa mientras se dirig\u00eda a una reuni\u00f3n especial del gobierno sobre las relaciones con el pa\u00eds vecino. \u201cTodav\u00eda hay discusiones en marcha\u201d.<\/p><\/blockquote>\n<p>Poco despu\u00e9s de las declaraciones de Blair, Trudeau anunci\u00f3 que Canad\u00e1 impondr\u00eda aranceles del 25% a productos estadounidenses por valor de 155.000 millones de d\u00f3lares canadienses (107.000 millones de d\u00f3lares estadounidenses), comenzando con grav\u00e1menes a productos por importe de 30.000 millones de d\u00f3lares canadienses (21.000 millones de d\u00f3lares estadounidenses) de inmediato y sobre el monto restante en tres semanas.<\/p>\n<blockquote><p>Nuestros aranceles se mantendr\u00e1n en vigor hasta que se retire la acci\u00f3n comercial de Estados Unidos, y si los aranceles estadounidenses no cesan, estamos en discusiones activas y continuas con regiones y territorios para buscar varias medidas no arancelarias,\u201d dijo Trudeau.<\/p><\/blockquote>\n<p>Para poner fin a los aranceles impuestos el martes, la Casa Blanca desea ver una disminuci\u00f3n en las incautaciones de fentanilo dentro de Estados Unidos, no solo en las fronteras norte y sur. Los funcionarios gubernamentales apuntan que las incautaciones realizadas el mes pasado ensitios que van desde Luisiana hasta Nueva Jersey estaban ligadas a c\u00e1rteles extranjeros.<\/p>\n<p>Damon Pike, responsable de la divisi\u00f3n t\u00e9cnica para servicios de aduanas y comercio en la firma de impuestos y consultor\u00eda BDO, sugiri\u00f3 que la respuesta de los pa\u00edses afectados con sus propios impuestos a la importaci\u00f3n podr\u00eda elevar las tensiones y aumentar los puntos d\u00e9biles de la econom\u00eda.<\/p>\n<blockquote><p>Canad\u00e1 tiene su lista preparada\u201d, se\u00f1al\u00f3 Pike. \u201cLa UE tiene su lista preparada. Va a ser ojo por ojo\u201d.<\/p><\/blockquote>\n<p>El gobierno estadounidense ha sugerido que la inflaci\u00f3n no ser\u00e1 tan mala como afirman los economistas, y que los aranceles dan una raz\u00f3n a las empresas extranjeras para abrir f\u00e1bricas en el pa\u00eds. Trump anunci\u00f3 el lunes que el fabricante de chips inform\u00e1ticos Taiwan Semiconductor Manufacturing Company invertir\u00e1 100.000 millones de d\u00f3lares en producci\u00f3n nacional.<\/p>\n<p>Aun as\u00ed, puede llevar tiempo reubicar f\u00e1bricas repartidas por el mundo y capacitar a los trabajadores con las habilidades necesarias.<\/p>\n<p>Greg Ahearn, presidente y director general de The Toy Association, dijo que los aranceles del 20% sobre los productos chinos ser\u00e1n \u201cdevastadores\u201d para la industria del juguete, ya que casi el 80% de los juguetes vendidos en Estados Unidos se fabrican en China.<\/p>\n<blockquote><p>Hay una sofisticaci\u00f3n en la fabricaci\u00f3n, en las herramientas\u201d, apunt\u00f3. \u201cHay mucho trabajo artesanal que forma parte de estos juguetes que mucha gente no entiende (\u2026) la pintura de rostros, las m\u00e1scaras faciales, el tejido del cabello, las trenzas, el corte y la costura para que los mu\u00f1ecos de felpa se vean de cierta manera. Todo eso requiere mano de obra muy calificada que se ha transmitido a trav\u00e9s de generaciones en la cadena de suministro que existe con China\u201d.<\/p><\/blockquote>\n<p>Frente a un presidente que ha prometido resultados r\u00e1pidos, Ahearn lanz\u00f3 una advertencia sobre la rapidez con la que las f\u00e1bricas estadounidenses podr\u00edan igualar a sus rivales chinas.<\/p>\n<blockquote><p>Eso no se puede replicar de la noche a la ma\u00f1ana\u201d, manifest\u00f3.<\/p><\/blockquote>\n","protected":false},"excerpt":{"rendered":"<p>Las acciones del presidente de Estados Unidos generaron temores de una mayor inflaci\u00f3n y la perspectiva de una devastadora guerra comercial<\/p>\n","protected":false},"author":1,"featured_media":6130,"comment_status":"closed","ping_status":"closed","sticky":false,"template":"","format":"standard","meta":{"_crdt_document":"","_jetpack_memberships_contains_paid_content":false,"footnotes":"","jetpack_publicize_message":"","jetpack_publicize_feature_enabled":true,"jetpack_social_post_already_shared":true,"jetpack_social_options":{"image_generator_settings":{"template":"highway","default_image_id":0,"font":"","enabled":false},"version":2},"_wpas_customize_per_network":false},"categories":[9],"tags":[],"class_list":["post-6129","post","type-post","status-publish","format-standard","has-post-thumbnail","hentry","category-el-mundo"],"magazineBlocksPostFeaturedMedia":{"thumbnail":"https:\/\/pornuestrolaredo.com\/wp-content\/uploads\/2025\/03\/Stereo91-20250304-1-150x150.jpg","medium":"https:\/\/pornuestrolaredo.com\/wp-content\/uploads\/2025\/03\/Stereo91-20250304-1-300x169.jpg","medium_large":"https:\/\/pornuestrolaredo.com\/wp-content\/uploads\/2025\/03\/Stereo91-20250304-1-768x433.jpg","large":"https:\/\/pornuestrolaredo.com\/wp-content\/uploads\/2025\/03\/Stereo91-20250304-1.jpg","1536x1536":"https:\/\/pornuestrolaredo.com\/wp-content\/uploads\/2025\/03\/Stereo91-20250304-1.jpg","2048x2048":"https:\/\/pornuestrolaredo.com\/wp-content\/uploads\/2025\/03\/Stereo91-20250304-1.jpg","morenews-large":"https:\/\/pornuestrolaredo.com\/wp-content\/uploads\/2025\/03\/Stereo91-20250304-1.jpg","morenews-medium":"https:\/\/pornuestrolaredo.com\/wp-content\/uploads\/2025\/03\/Stereo91-20250304-1.jpg"},"magazineBlocksPostAuthor":{"name":"Redactor","avatar":"https:\/\/pornuestrolaredo.com\/wp-content\/litespeed\/avatar\/dca1d7ec750c399f025f23b0b314f4cf.jpg?ver=1777612120"},"magazineBlocksPostCommentsNumber":false,"magazineBlocksPostExcerpt":"Las acciones del presidente de Estados Unidos generaron temores de una mayor inflaci\u00f3n y la perspectiva de una devastadora guerra comercial","magazineBlocksPostCategories":["El Mundo"],"magazineBlocksPostViewCount":149,"magazineBlocksPostReadTime":6,"magazine_blocks_featured_image_url":{"full":["https:\/\/pornuestrolaredo.com\/wp-content\/uploads\/2025\/03\/Stereo91-20250304-1.jpg",980,552,false],"medium":["https:\/\/pornuestrolaredo.com\/wp-content\/uploads\/2025\/03\/Stereo91-20250304-1-300x169.jpg",300,169,true],"thumbnail":["https:\/\/pornuestrolaredo.com\/wp-content\/uploads\/2025\/03\/Stereo91-20250304-1-150x150.jpg",150,150,true]},"magazine_blocks_author":{"display_name":"Redactor","author_link":"https:\/\/pornuestrolaredo.com\/?author=1"},"magazine_blocks_comment":0,"magazine_blocks_author_image":"https:\/\/pornuestrolaredo.com\/wp-content\/litespeed\/avatar\/dca1d7ec750c399f025f23b0b314f4cf.jpg?ver=1777612120","magazine_blocks_category":"<a href=\"#\" class=\"category-link category-link-9\">El Mundo<\/a>","jetpack_publicize_connections":[],"featured_image_urls":{"full":["https:\/\/pornuestrolaredo.com\/wp-content\/uploads\/2025\/03\/Stereo91-20250304-1.jpg",980,552,false],"thumbnail":["https:\/\/pornuestrolaredo.com\/wp-content\/uploads\/2025\/03\/Stereo91-20250304-1-150x150.jpg",150,150,true],"medium":["https:\/\/pornuestrolaredo.com\/wp-content\/uploads\/2025\/03\/Stereo91-20250304-1-300x169.jpg",300,169,true],"medium_large":["https:\/\/pornuestrolaredo.com\/wp-content\/uploads\/2025\/03\/Stereo91-20250304-1-768x433.jpg",640,361,true],"large":["https:\/\/pornuestrolaredo.com\/wp-content\/uploads\/2025\/03\/Stereo91-20250304-1.jpg",640,360,false],"1536x1536":["https:\/\/pornuestrolaredo.com\/wp-content\/uploads\/2025\/03\/Stereo91-20250304-1.jpg",980,552,false],"2048x2048":["https:\/\/pornuestrolaredo.com\/wp-content\/uploads\/2025\/03\/Stereo91-20250304-1.jpg",980,552,false],"morenews-large":["https:\/\/pornuestrolaredo.com\/wp-content\/uploads\/2025\/03\/Stereo91-20250304-1.jpg",825,465,false],"morenews-medium":["https:\/\/pornuestrolaredo.com\/wp-content\/uploads\/2025\/03\/Stereo91-20250304-1.jpg",590,332,false]},"author_info":{"info":["Redactor"]},"category_info":"<a href=\"https:\/\/pornuestrolaredo.com\/?cat=9\" rel=\"category\">El Mundo<\/a>","tag_info":"El Mundo","comment_count":"0","jetpack_featured_media_url":"https:\/\/pornuestrolaredo.com\/wp-content\/uploads\/2025\/03\/Stereo91-20250304-1.jpg","jetpack_sharing_enabled":true,"_links":{"self":[{"href":"https:\/\/pornuestrolaredo.com\/index.php?rest_route=\/wp\/v2\/posts\/6129","targetHints":{"allow":["GET"]}}],"collection":[{"href":"https:\/\/pornuestrolaredo.com\/index.php?rest_route=\/wp\/v2\/posts"}],"about":[{"href":"https:\/\/pornuestrolaredo.com\/index.php?rest_route=\/wp\/v2\/types\/post"}],"author":[{"embeddable":true,"href":"https:\/\/pornuestrolaredo.com\/index.php?rest_route=\/wp\/v2\/users\/1"}],"replies":[{"embeddable":true,"href":"https:\/\/pornuestrolaredo.com\/index.php?rest_route=%2Fwp%2Fv2%2Fcomments&post=6129"}],"version-history":[{"count":1,"href":"https:\/\/pornuestrolaredo.com\/index.php?rest_route=\/wp\/v2\/posts\/6129\/revisions"}],"predecessor-version":[{"id":6131,"href":"https:\/\/pornuestrolaredo.com\/index.php?rest_route=\/wp\/v2\/posts\/6129\/revisions\/6131"}],"wp:featuredmedia":[{"embeddable":true,"href":"https:\/\/pornuestrolaredo.com\/index.php?rest_route=\/wp\/v2\/media\/6130"}],"wp:attachment":[{"href":"https:\/\/pornuestrolaredo.com\/index.php?rest_route=%2Fwp%2Fv2%2Fmedia&parent=6129"}],"wp:term":[{"taxonomy":"category","embeddable":true,"href":"https:\/\/pornuestrolaredo.com\/index.php?rest_route=%2Fwp%2Fv2%2Fcategories&post=6129"},{"taxonomy":"post_tag","embeddable":true,"href":"https:\/\/pornuestrolaredo.com\/index.php?rest_route=%2Fwp%2Fv2%2Ftags&post=6129"}],"curies":[{"name":"wp","href":"https:\/\/api.w.org\/{rel}","templated":true}]}}