{"id":6155,"date":"2025-03-04T20:55:46","date_gmt":"2025-03-04T20:55:46","guid":{"rendered":"https:\/\/pornuestrolaredo.com\/?p=6155"},"modified":"2025-03-04T20:55:46","modified_gmt":"2025-03-04T20:55:46","slug":"respondera-mexico-a-los-aranceles-de-trump","status":"publish","type":"post","link":"https:\/\/pornuestrolaredo.com\/?p=6155","title":{"rendered":"Responder\u00e1 M\u00e9xico a los aranceles de Trump"},"content":{"rendered":"<p><strong>CIUDAD DE M\u00c9XICO.-<\/strong> Tras la entrada en vigor de aranceles del 25 por ciento a productos mexicanos impuestos por Estados Unidos, la presidenta Claudia Sheinbaum dijo que responder\u00e1 a las medidas en una asamblea informativa el domingo.<\/p>\n<p>En su ma\u00f1anera, dijo que la decisi\u00f3n del Mandatario estadounidense fue unilateral y rechaz\u00f3 los se\u00f1alamientos difundidos en un comunicado por la Casa Blanca en el que se menciona que M\u00e9xico ha fracasado en combatir el narcotr\u00e1fico.<\/p>\n<p>Sin embargo, se\u00f1al\u00f3 que los impuestos impactan a compa\u00f1\u00edas nacionales y responder\u00e1 con medidas arancelarias y no arancelarias en la Plaza de la Constituci\u00f3n.<\/p>\n<p>&#8220;Quiero dejar claro el d\u00eda de hoy, que nosotros siempre buscaremos una soluci\u00f3n negociada, como lo hemos propuesto, en el marco de respeto a nuestra soberan\u00eda. Pero la decisi\u00f3n unilateral que toma Estados Unidos afecta a las empresas nacionales y extranjeras que operan en nuestro Pa\u00eds y afecta a nuestros pueblos. Por ello hemos decidido responder con medidas arancelarias y no arancelarias que anunciar\u00e9 en plaza p\u00fablica el pr\u00f3ximo domingo.<\/p>\n<blockquote><p>No es de ninguna manera o el prop\u00f3sito iniciar una confrontaci\u00f3n econ\u00f3mica o comercial, que desafortunadamente y lamentablemente es lo opuesto a lo que deber\u00edamos de estar haciendo, es decir integrar m\u00e1s nuestras econom\u00edas para fortalecer nuestra regi\u00f3n ante el avance econ\u00f3mico y comercial de otras regiones&#8221;, se\u00f1al\u00f3.<\/p><\/blockquote>\n<p>Sheinbaum convoc\u00f3 a la ciudadan\u00eda a una concentraci\u00f3n a mediod\u00eda el pr\u00f3ximo domingo para hacer frente al &#8220;desaf\u00edo&#8221;.<\/p>\n<blockquote><p>Convoco a las y los mexicanos a una asamblea informativa en el Z\u00f3calo de la Ciudad de M\u00e9xico el pr\u00f3ximo domingo a las 12 del d\u00eda para compartirles las acciones que emprenderemos y entre todos afrontar juntos este desaf\u00edo&#8221;, dijo.<\/p><\/blockquote>\n<p>La presidenta conden\u00f3 que su hom\u00f3logo estadounidense no haya pensado en el impacto de los aranceles que llevar\u00e1n al encarecimiento de productos y el freno a la creaci\u00f3n de empleos.<\/p>\n<blockquote><p>Es inconcebible que no se piense en el da\u00f1o que se va a causar tanto a ciudadanos y empresas de los Estados Unidos por el incremento en los precios de los art\u00edculos que se producen en nuestro Pa\u00eds, como tambi\u00e9n el da\u00f1o que se va a provocar por detener la creaci\u00f3n de empleos en ambos pa\u00edses.<\/p><\/blockquote>\n<blockquote><p>Nadie gana con esta decisi\u00f3n, por el contrario, afectan a los pueblos que representamos&#8221;, advirti\u00f3.<\/p><\/blockquote>\n<p>La jefa del Ejecutivo federal sugiri\u00f3 que se explorar\u00eda una v\u00eda jur\u00eddica porque la decisi\u00f3n de Trump viola el tratado comercial de M\u00e9xico con Estados Unidos. No obstante, detallar\u00e1 los alcances de su respuesta en cinco d\u00edas.<\/p>\n<p>Ayer, el presidente de Estados Unidos, Donald Trump, confirm\u00f3 que las tarifas a productos mexicanos y canadienses cobrar\u00edan vigencia desde los primeros minutos de este d\u00eda.<\/p>\n<blockquote><p>No queda espacio para M\u00e9xico ni para Canad\u00e1. Los aranceles ya est\u00e1n listos&#8221;, dijo Trump a pregunta directa en la Casa Blanca, durante un anuncio de inversi\u00f3n.<\/p><\/blockquote>\n<blockquote><p>Lo que tienen que hacer es construir sus plantas de autom\u00f3viles y otras cosas en Estados Unidos, en cuyo caso no habr\u00e1 aranceles&#8221;, agreg\u00f3.<\/p><\/blockquote>\n<p>La imposici\u00f3n de tasas de 25 por ciento para M\u00e9xico y Canad\u00e1, con vigencia desde esta madrugada, qued\u00f3 publicada en el Registro Federal desde el 10 de febrero, tras acordar una tregua de un mes con la presidenta Claudia Sheinbaum y el Primer Ministro Justin Trudeau.<\/p>\n<p>En el caso de M\u00e9xico, los productos afectados son veh\u00edculos y autopartes; electr\u00f3nicos y maquinaria; frutas, verduras y productos agr\u00edcolas; carnes y productos c\u00e1rnicos; bebidas y licores; textiles y confecciones; pl\u00e1sticos y productos qu\u00edmicos; as\u00ed como acero y aluminio.<\/p>\n<p>Adem\u00e1s de los aranceles del 25 por ciento a las importaciones de petr\u00f3leo de Canad\u00e1, EU le aplicar\u00e1 otra tarifa del 10 por ciento. En respuesta, el Gobierno canadiense anunci\u00f3 un paquete de aranceles contra productos fabricados en EU.<\/p>\n<p>Esta ma\u00f1ana, Sheinbaum reiter\u00f3 que los consumidores estadounidenses ser\u00e1n los m\u00e1s afectados con los aranceles de su presidente.<\/p>\n<blockquote><p>Lo que nosotros decimos es: esto va a afectar a los dos pa\u00edses y m\u00e1s, Canad\u00e1 tambi\u00e9n tiene su 25 por ciento, \u00bfa qui\u00e9n va a afectar m\u00e1s? A los estadounidenses, \u00bfpor qu\u00e9? Porque los productos no se pueden mover en un d\u00eda, su fabricaci\u00f3n, pues va a provocar un aumento de precios al consumidor.<\/p><\/blockquote>\n<blockquote><p>Entonces, \u00bfqu\u00e9 decimos nosotros? Al rev\u00e9s, deber\u00edamos estar promoviendo mayor integraci\u00f3n econ\u00f3mica que nos permita competir con Asia&#8221;, dijo.<\/p><\/blockquote>\n<blockquote><p>Porque juntos nos fortalecemos, separados no nos fortalecemos, no es solo que todo se vaya a producir all\u00e1, no es no es tan sencillo&#8221;, indic\u00f3.<\/p><\/blockquote>\n<p>En respuesta a que los aranceles permitir\u00e1n mayor producci\u00f3n en Estados Unidos, como ha se\u00f1alado Trump, Sheinbaum argument\u00f3 que un empresario que tiene una f\u00e1brica en Estados Unidos le cont\u00f3 la dificultad de conseguir mano de obra por el bono demogr\u00e1fico.<\/p>\n<blockquote><p>Es decir, ya no hay tanta gente tan joven que trabaje en las f\u00e1bricas y otros fen\u00f3menos que se generaron a partir de la pandemia, entonces por eso nos fortalece la integraci\u00f3n&#8221;, insisti\u00f3.<\/p><\/blockquote>\n<p>Apunt\u00f3 que no hay raz\u00f3n para sustentar las medidas en el tr\u00e1fico de fentanilo, debido a que las autoridades mexicanas combaten el mortal opioide sint\u00e9tico, cuyos decomisos han disminuido en los \u00faltimos cuatro meses.<\/p>\n<p>La presidenta explic\u00f3 de ahora en adelante solo se entrar\u00e1 en un aumento de precios en M\u00e9xico y Estados Unidos.<\/p>\n<blockquote><p>Esta idea de que solamente se generan empleos aqu\u00ed, pues no es correcto, se generan en los dos lados, precisamente por esta integraci\u00f3n, \u00bfqu\u00e9 va a pasar ahora? Estados Unidos impone 25 por ciento de impuesto a todas las exportaciones mexicanas sin distinci\u00f3n, entonces \u00bfqu\u00e9 quiere decir? Que lo que se produce aqu\u00ed, cuando se va a Estados Unidos, les va a costar Estados Unidos 25 por ciento m\u00e1s.<\/p><\/blockquote>\n<blockquote><p>Si nosotros ponemos el mismo impuesto de regreso, pues va a costar otro 25 por ciento regresarlo y volverlo a enviar, pues otro 25 por ciento, \u00bfqu\u00e9 va a pasar con eso? Pues va a encarecer los productos&#8221;, reiter\u00f3.<\/p><\/blockquote>\n<p>Adem\u00e1s, Sheinbaum dijo que &#8220;no es tan f\u00e1cil&#8221; trasladar las cadenas de producci\u00f3n de autopartes a territorio estadounidense porque los costos all\u00e1 son m\u00e1s altos y las armadoras requieren de tiempo para establecerse.<\/p>\n","protected":false},"excerpt":{"rendered":"<p>Anuncia la presidenta Claudia Sheinbaum que se aplicar\u00e1n medidas arancelarias y no arancelarias que ser\u00e1n anunciadas en el Z\u00f3calo<\/p>\n","protected":false},"author":1,"featured_media":6156,"comment_status":"closed","ping_status":"closed","sticky":false,"template":"","format":"standard","meta":{"_crdt_document":"","_jetpack_memberships_contains_paid_content":false,"footnotes":"","jetpack_publicize_message":"","jetpack_publicize_feature_enabled":true,"jetpack_social_post_already_shared":true,"jetpack_social_options":{"image_generator_settings":{"template":"highway","default_image_id":0,"font":"","enabled":false},"version":2},"_wpas_customize_per_network":false},"categories":[33],"tags":[],"class_list":["post-6155","post","type-post","status-publish","format-standard","has-post-thumbnail","hentry","category-mexico"],"magazineBlocksPostFeaturedMedia":{"thumbnail":"https:\/\/pornuestrolaredo.com\/wp-content\/uploads\/2025\/03\/Stereo91-20250304-2-150x150.jpg","medium":"https:\/\/pornuestrolaredo.com\/wp-content\/uploads\/2025\/03\/Stereo91-20250304-2-300x163.jpg","medium_large":"https:\/\/pornuestrolaredo.com\/wp-content\/uploads\/2025\/03\/Stereo91-20250304-2-768x417.jpg","large":"https:\/\/pornuestrolaredo.com\/wp-content\/uploads\/2025\/03\/Stereo91-20250304-2.jpg","1536x1536":"https:\/\/pornuestrolaredo.com\/wp-content\/uploads\/2025\/03\/Stereo91-20250304-2.jpg","2048x2048":"https:\/\/pornuestrolaredo.com\/wp-content\/uploads\/2025\/03\/Stereo91-20250304-2.jpg","morenews-large":"https:\/\/pornuestrolaredo.com\/wp-content\/uploads\/2025\/03\/Stereo91-20250304-2.jpg","morenews-medium":"https:\/\/pornuestrolaredo.com\/wp-content\/uploads\/2025\/03\/Stereo91-20250304-2.jpg"},"magazineBlocksPostAuthor":{"name":"Redactor","avatar":"https:\/\/pornuestrolaredo.com\/wp-content\/litespeed\/avatar\/dca1d7ec750c399f025f23b0b314f4cf.jpg?ver=1777612120"},"magazineBlocksPostCommentsNumber":false,"magazineBlocksPostExcerpt":"Anuncia la presidenta Claudia Sheinbaum que se aplicar\u00e1n medidas arancelarias y no arancelarias que ser\u00e1n anunciadas en el Z\u00f3calo","magazineBlocksPostCategories":["Mexico"],"magazineBlocksPostViewCount":138,"magazineBlocksPostReadTime":6,"magazine_blocks_featured_image_url":{"full":["https:\/\/pornuestrolaredo.com\/wp-content\/uploads\/2025\/03\/Stereo91-20250304-2.jpg",960,521,false],"medium":["https:\/\/pornuestrolaredo.com\/wp-content\/uploads\/2025\/03\/Stereo91-20250304-2-300x163.jpg",300,163,true],"thumbnail":["https:\/\/pornuestrolaredo.com\/wp-content\/uploads\/2025\/03\/Stereo91-20250304-2-150x150.jpg",150,150,true]},"magazine_blocks_author":{"display_name":"Redactor","author_link":"https:\/\/pornuestrolaredo.com\/?author=1"},"magazine_blocks_comment":0,"magazine_blocks_author_image":"https:\/\/pornuestrolaredo.com\/wp-content\/litespeed\/avatar\/dca1d7ec750c399f025f23b0b314f4cf.jpg?ver=1777612120","magazine_blocks_category":"<a href=\"#\" class=\"category-link category-link-33\">Mexico<\/a>","jetpack_publicize_connections":[],"featured_image_urls":{"full":["https:\/\/pornuestrolaredo.com\/wp-content\/uploads\/2025\/03\/Stereo91-20250304-2.jpg",960,521,false],"thumbnail":["https:\/\/pornuestrolaredo.com\/wp-content\/uploads\/2025\/03\/Stereo91-20250304-2-150x150.jpg",150,150,true],"medium":["https:\/\/pornuestrolaredo.com\/wp-content\/uploads\/2025\/03\/Stereo91-20250304-2-300x163.jpg",300,163,true],"medium_large":["https:\/\/pornuestrolaredo.com\/wp-content\/uploads\/2025\/03\/Stereo91-20250304-2-768x417.jpg",640,348,true],"large":["https:\/\/pornuestrolaredo.com\/wp-content\/uploads\/2025\/03\/Stereo91-20250304-2.jpg",640,347,false],"1536x1536":["https:\/\/pornuestrolaredo.com\/wp-content\/uploads\/2025\/03\/Stereo91-20250304-2.jpg",960,521,false],"2048x2048":["https:\/\/pornuestrolaredo.com\/wp-content\/uploads\/2025\/03\/Stereo91-20250304-2.jpg",960,521,false],"morenews-large":["https:\/\/pornuestrolaredo.com\/wp-content\/uploads\/2025\/03\/Stereo91-20250304-2.jpg",825,448,false],"morenews-medium":["https:\/\/pornuestrolaredo.com\/wp-content\/uploads\/2025\/03\/Stereo91-20250304-2.jpg",590,320,false]},"author_info":{"info":["Redactor"]},"category_info":"<a href=\"https:\/\/pornuestrolaredo.com\/?cat=33\" rel=\"category\">Mexico<\/a>","tag_info":"Mexico","comment_count":"0","jetpack_featured_media_url":"https:\/\/pornuestrolaredo.com\/wp-content\/uploads\/2025\/03\/Stereo91-20250304-2.jpg","jetpack_sharing_enabled":true,"_links":{"self":[{"href":"https:\/\/pornuestrolaredo.com\/index.php?rest_route=\/wp\/v2\/posts\/6155","targetHints":{"allow":["GET"]}}],"collection":[{"href":"https:\/\/pornuestrolaredo.com\/index.php?rest_route=\/wp\/v2\/posts"}],"about":[{"href":"https:\/\/pornuestrolaredo.com\/index.php?rest_route=\/wp\/v2\/types\/post"}],"author":[{"embeddable":true,"href":"https:\/\/pornuestrolaredo.com\/index.php?rest_route=\/wp\/v2\/users\/1"}],"replies":[{"embeddable":true,"href":"https:\/\/pornuestrolaredo.com\/index.php?rest_route=%2Fwp%2Fv2%2Fcomments&post=6155"}],"version-history":[{"count":1,"href":"https:\/\/pornuestrolaredo.com\/index.php?rest_route=\/wp\/v2\/posts\/6155\/revisions"}],"predecessor-version":[{"id":6157,"href":"https:\/\/pornuestrolaredo.com\/index.php?rest_route=\/wp\/v2\/posts\/6155\/revisions\/6157"}],"wp:featuredmedia":[{"embeddable":true,"href":"https:\/\/pornuestrolaredo.com\/index.php?rest_route=\/wp\/v2\/media\/6156"}],"wp:attachment":[{"href":"https:\/\/pornuestrolaredo.com\/index.php?rest_route=%2Fwp%2Fv2%2Fmedia&parent=6155"}],"wp:term":[{"taxonomy":"category","embeddable":true,"href":"https:\/\/pornuestrolaredo.com\/index.php?rest_route=%2Fwp%2Fv2%2Fcategories&post=6155"},{"taxonomy":"post_tag","embeddable":true,"href":"https:\/\/pornuestrolaredo.com\/index.php?rest_route=%2Fwp%2Fv2%2Ftags&post=6155"}],"curies":[{"name":"wp","href":"https:\/\/api.w.org\/{rel}","templated":true}]}}