{"id":6162,"date":"2025-03-05T18:18:59","date_gmt":"2025-03-05T18:18:59","guid":{"rendered":"https:\/\/pornuestrolaredo.com\/?p=6162"},"modified":"2025-03-05T18:18:59","modified_gmt":"2025-03-05T18:18:59","slug":"refuerzan-atencion-a-perros-y-gatos-en-situacion-de-calle","status":"publish","type":"post","link":"https:\/\/pornuestrolaredo.com\/?p=6162","title":{"rendered":"Refuerzan atenci\u00f3n a perros y gatos en situaci\u00f3n de calle"},"content":{"rendered":"<p><strong>NUEVO LAREDO.- <\/strong> La Direcci\u00f3n de Bienestar Animal reafirma su compromiso con la protecci\u00f3n y el bienestar de los animales callejeros a trav\u00e9s de diversas acciones y programas destinados a su atenci\u00f3n y cuidado para erradicar la sobrepoblaci\u00f3n de animales en la v\u00eda p\u00fablica.<\/p>\n<p>Mariza Zarate Flores, directora de Bienestar Animal se\u00f1al\u00f3 que, desde su creaci\u00f3n, la direcci\u00f3n ha llevado a cabo dos ferias de adopci\u00f3n: una enfocada en el bienestar animal y otra realizada en colaboraci\u00f3n con rescatistas, con el objetivo de fomentar la adopci\u00f3n responsable y ofrecer una segunda oportunidad a los animales en situaci\u00f3n de calle.<\/p>\n<blockquote><p>Una de las encomiendas de nuestra alcaldesa Carmen Lilia Canturosas Villarreal a nuestra direcci\u00f3n fue detener la propagaci\u00f3n de animalitos callejeros por medio de nuestras jornadas de esterilizaci\u00f3n, adem\u00e1s apoyar a la sociedad rescatista con estos servicios, nos enfocamos en los perros y gatos callejeros por ser los m\u00e1s vulnerables, quienes no tienen due\u00f1o ni un hogar digno\u201d, manifest\u00f3 Z\u00e1rate Flores.<\/p><\/blockquote>\n<p>Adem\u00e1s, se han implementado importantes acciones de rescate y atenci\u00f3n m\u00e9dica, logrando los siguientes resultados: 17 rescates de animales en situaci\u00f3n de riesgo, 84 consultas veterinarias, 165 servicios m\u00e9dicos especializados, 11 adopciones exitosas, 350 procedimientos de esterilizaci\u00f3n para el control de la poblaci\u00f3n animal y 1 cirug\u00eda ocular para mejorar la calidad de vida de un paciente.<\/p>\n<p>Estas acciones reflejan el compromiso del Gobierno Municipal en la garant\u00eda del derecho de los animales a una vida digna y saludable, esta dependencia continuar\u00e1 fortaleciendo sus iniciativas y promoviendo una cultura de respeto y cuidado animal en la comunidad.<\/p>\n","protected":false},"excerpt":{"rendered":"<p>Realiza la Direcci\u00f3n de Bienestar Animal acciones de rescate y atenci\u00f3n m\u00e9dica y dos ferias de adopci\u00f3n<\/p>\n","protected":false},"author":1,"featured_media":6163,"comment_status":"closed","ping_status":"closed","sticky":false,"template":"","format":"standard","meta":{"_crdt_document":"","_jetpack_memberships_contains_paid_content":false,"footnotes":"","jetpack_publicize_message":"","jetpack_publicize_feature_enabled":true,"jetpack_social_post_already_shared":true,"jetpack_social_options":{"image_generator_settings":{"template":"highway","default_image_id":0,"font":"","enabled":false},"version":2},"_wpas_customize_per_network":false},"categories":[4],"tags":[],"class_list":["post-6162","post","type-post","status-publish","format-standard","has-post-thumbnail","hentry","category-los-dos-laredos"],"magazineBlocksPostFeaturedMedia":{"thumbnail":"https:\/\/pornuestrolaredo.com\/wp-content\/uploads\/2025\/03\/Stereo91-20250305-2-150x150.jpg","medium":"https:\/\/pornuestrolaredo.com\/wp-content\/uploads\/2025\/03\/Stereo91-20250305-2-300x158.jpg","medium_large":"https:\/\/pornuestrolaredo.com\/wp-content\/uploads\/2025\/03\/Stereo91-20250305-2-768x404.jpg","large":"https:\/\/pornuestrolaredo.com\/wp-content\/uploads\/2025\/03\/Stereo91-20250305-2.jpg","1536x1536":"https:\/\/pornuestrolaredo.com\/wp-content\/uploads\/2025\/03\/Stereo91-20250305-2.jpg","2048x2048":"https:\/\/pornuestrolaredo.com\/wp-content\/uploads\/2025\/03\/Stereo91-20250305-2.jpg","morenews-large":"https:\/\/pornuestrolaredo.com\/wp-content\/uploads\/2025\/03\/Stereo91-20250305-2.jpg","morenews-medium":"https:\/\/pornuestrolaredo.com\/wp-content\/uploads\/2025\/03\/Stereo91-20250305-2.jpg"},"magazineBlocksPostAuthor":{"name":"Redactor","avatar":"https:\/\/pornuestrolaredo.com\/wp-content\/litespeed\/avatar\/dca1d7ec750c399f025f23b0b314f4cf.jpg?ver=1777612120"},"magazineBlocksPostCommentsNumber":false,"magazineBlocksPostExcerpt":"Realiza la Direcci\u00f3n de Bienestar Animal acciones de rescate y atenci\u00f3n m\u00e9dica y dos ferias de adopci\u00f3n","magazineBlocksPostCategories":["Los dos Laredos"],"magazineBlocksPostViewCount":147,"magazineBlocksPostReadTime":2,"magazine_blocks_featured_image_url":{"full":["https:\/\/pornuestrolaredo.com\/wp-content\/uploads\/2025\/03\/Stereo91-20250305-2.jpg",850,447,false],"medium":["https:\/\/pornuestrolaredo.com\/wp-content\/uploads\/2025\/03\/Stereo91-20250305-2-300x158.jpg",300,158,true],"thumbnail":["https:\/\/pornuestrolaredo.com\/wp-content\/uploads\/2025\/03\/Stereo91-20250305-2-150x150.jpg",150,150,true]},"magazine_blocks_author":{"display_name":"Redactor","author_link":"https:\/\/pornuestrolaredo.com\/?author=1"},"magazine_blocks_comment":0,"magazine_blocks_author_image":"https:\/\/pornuestrolaredo.com\/wp-content\/litespeed\/avatar\/dca1d7ec750c399f025f23b0b314f4cf.jpg?ver=1777612120","magazine_blocks_category":"<a href=\"#\" class=\"category-link category-link-4\">Los dos Laredos<\/a>","jetpack_publicize_connections":[],"featured_image_urls":{"full":["https:\/\/pornuestrolaredo.com\/wp-content\/uploads\/2025\/03\/Stereo91-20250305-2.jpg",850,447,false],"thumbnail":["https:\/\/pornuestrolaredo.com\/wp-content\/uploads\/2025\/03\/Stereo91-20250305-2-150x150.jpg",150,150,true],"medium":["https:\/\/pornuestrolaredo.com\/wp-content\/uploads\/2025\/03\/Stereo91-20250305-2-300x158.jpg",300,158,true],"medium_large":["https:\/\/pornuestrolaredo.com\/wp-content\/uploads\/2025\/03\/Stereo91-20250305-2-768x404.jpg",640,337,true],"large":["https:\/\/pornuestrolaredo.com\/wp-content\/uploads\/2025\/03\/Stereo91-20250305-2.jpg",640,337,false],"1536x1536":["https:\/\/pornuestrolaredo.com\/wp-content\/uploads\/2025\/03\/Stereo91-20250305-2.jpg",850,447,false],"2048x2048":["https:\/\/pornuestrolaredo.com\/wp-content\/uploads\/2025\/03\/Stereo91-20250305-2.jpg",850,447,false],"morenews-large":["https:\/\/pornuestrolaredo.com\/wp-content\/uploads\/2025\/03\/Stereo91-20250305-2.jpg",825,434,false],"morenews-medium":["https:\/\/pornuestrolaredo.com\/wp-content\/uploads\/2025\/03\/Stereo91-20250305-2.jpg",590,310,false]},"author_info":{"info":["Redactor"]},"category_info":"<a href=\"https:\/\/pornuestrolaredo.com\/?cat=4\" rel=\"category\">Los dos Laredos<\/a>","tag_info":"Los dos Laredos","comment_count":"0","jetpack_featured_media_url":"https:\/\/pornuestrolaredo.com\/wp-content\/uploads\/2025\/03\/Stereo91-20250305-2.jpg","jetpack_sharing_enabled":true,"_links":{"self":[{"href":"https:\/\/pornuestrolaredo.com\/index.php?rest_route=\/wp\/v2\/posts\/6162","targetHints":{"allow":["GET"]}}],"collection":[{"href":"https:\/\/pornuestrolaredo.com\/index.php?rest_route=\/wp\/v2\/posts"}],"about":[{"href":"https:\/\/pornuestrolaredo.com\/index.php?rest_route=\/wp\/v2\/types\/post"}],"author":[{"embeddable":true,"href":"https:\/\/pornuestrolaredo.com\/index.php?rest_route=\/wp\/v2\/users\/1"}],"replies":[{"embeddable":true,"href":"https:\/\/pornuestrolaredo.com\/index.php?rest_route=%2Fwp%2Fv2%2Fcomments&post=6162"}],"version-history":[{"count":1,"href":"https:\/\/pornuestrolaredo.com\/index.php?rest_route=\/wp\/v2\/posts\/6162\/revisions"}],"predecessor-version":[{"id":6164,"href":"https:\/\/pornuestrolaredo.com\/index.php?rest_route=\/wp\/v2\/posts\/6162\/revisions\/6164"}],"wp:featuredmedia":[{"embeddable":true,"href":"https:\/\/pornuestrolaredo.com\/index.php?rest_route=\/wp\/v2\/media\/6163"}],"wp:attachment":[{"href":"https:\/\/pornuestrolaredo.com\/index.php?rest_route=%2Fwp%2Fv2%2Fmedia&parent=6162"}],"wp:term":[{"taxonomy":"category","embeddable":true,"href":"https:\/\/pornuestrolaredo.com\/index.php?rest_route=%2Fwp%2Fv2%2Fcategories&post=6162"},{"taxonomy":"post_tag","embeddable":true,"href":"https:\/\/pornuestrolaredo.com\/index.php?rest_route=%2Fwp%2Fv2%2Ftags&post=6162"}],"curies":[{"name":"wp","href":"https:\/\/api.w.org\/{rel}","templated":true}]}}