{"id":6201,"date":"2025-03-07T21:01:12","date_gmt":"2025-03-07T21:01:12","guid":{"rendered":"https:\/\/pornuestrolaredo.com\/?p=6201"},"modified":"2025-03-07T21:01:12","modified_gmt":"2025-03-07T21:01:12","slug":"las-mujeres-no-quieren-ser-mas-pero-tampoco-menos","status":"publish","type":"post","link":"https:\/\/pornuestrolaredo.com\/?p=6201","title":{"rendered":"Las mujeres no quieren ser m\u00e1s, pero tampoco menos"},"content":{"rendered":"<p><strong>CIUDAD DE M\u00c9XICO.- <\/strong>Tras reivindicar el 8 de marzo como un d\u00eda de lucha por los derechos y contra la discriminaci\u00f3n, la presidenta Claudia Sheinbaum asegur\u00f3 que las mujeres no quieren ser m\u00e1s, pero tampoco menos.<\/p>\n<p>Este viernes, la mandataria encabez\u00f3 una ceremonia, en los jardines de Palacio Nacional, donde el Embajador de Pa\u00edses Bajos Wilfred Mohr, bautiz\u00f3 un tulip\u00e1n, con el nombre de &#8220;La Mujer Ind\u00edgena&#8221;.<\/p>\n<p>En su discurso, Sheinbaum agradeci\u00f3 el gesto y aprovech\u00f3 para anticipar su mensaje ante la conmemoraci\u00f3n y movilizaciones que se tienen programadas para ma\u00f1ana.<\/p>\n<blockquote><p>Angela Davis, una feminista y luchadora por los derechos civiles en Estados Unidos tiene un pensamiento que dice: &#8216;el feminismo quiere decir que se reconozca a las mujeres como personas&#8217; y esa es en esencia del D\u00eda Internacional de la Mujer: no queremos ser m\u00e1s, pero tampoco queremos ser menos&#8221;, expres\u00f3.<\/p><\/blockquote>\n<blockquote><p>Queremos que las mujeres tengamos acceso a la educaci\u00f3n, que las mujeres tengamos acceso a la salud, que tengamos acceso a una vida libre de violencia, queremos que las mujeres tengamos acceso a la cultura, queremos que las mujeres tengamos acceso a todos los derechos, que no ganemos menos que los hombres cuando realizamos el mismo trabajo&#8221;, agreg\u00f3.<\/p><\/blockquote>\n<p>La jefa del Ejecutivo federal consider\u00f3 que el 8M es un d\u00eda de reflexi\u00f3n y de lucha por los derechos de las mujeres, para poner fin a la discriminaci\u00f3n.<\/p>\n<blockquote><p>Para que nunca jam\u00e1s una mujer sea discriminada por su color de piel, para que nunca jam\u00e1s una mujer sea discriminada por ser ind\u00edgena, para que nunca una mujer sea discriminada por ser mujer&#8221;, manifest\u00f3.<\/p><\/blockquote>\n<p>Previamente, durante la conferencia ma\u00f1anera, la presidenta refiri\u00f3 que el Reino de los Pa\u00edses Bajos tienen la tradici\u00f3n de nombrar a un tulip\u00e1n con el nombre de una mujer.<\/p>\n<p>Explic\u00f3 que, cuando le ofrecieron que llevara su nombre, ella propuso que fuera el de &#8220;La Mujer Ind\u00edgena&#8221;.<\/p>\n<blockquote><p>Me propusieron nombrar el tulip\u00e1n a mi nombre y yo les dije que no lo nombraran con mi nombre, sino que le pusieran el tulip\u00e1n de &#8216;La Mujer Ind\u00edgena&#8217; y aceptaron&#8221;, expres\u00f3.<\/p><\/blockquote>\n<blockquote><p>Los Pa\u00edses Bajos reconocen a la mujer ind\u00edgena mexicana a trav\u00e9s de mi persona, pero mi persona es todas las mujeres ind\u00edgenas de M\u00e9xico. Creo que es simb\u00f3lico y muy relevante para nuestro Pa\u00eds&#8221;.<\/p><\/blockquote>\n<p>Al tomar la palabra el Embajador hizo un reconocimiento a los conocimientos ancestrales de las mujeres ind\u00edgenas.<\/p>\n<blockquote><p>Es un momento de inmenso orgullo honrar a la mujer ind\u00edgena mexicana a trav\u00e9s de su historia, sabidur\u00eda y fortaleza. Este a\u00f1o 2025, declarado el A\u00f1o de la Mujer Ind\u00edgena, nos brinda la oportunidad de honrar la conexi\u00f3n sagrada entre las mujeres ind\u00edgenas, la tierra y las flores.<\/p><\/blockquote>\n<blockquote><p>Ellas son guardianas del conocimiento ancestral y tejedoras de historias que florecen a trav\u00e9s de sus manos y protectoras de las tradiciones&#8221;, expuso.<\/p><\/blockquote>\n","protected":false},"excerpt":{"rendered":"<p>Reivindica la presidenta Claudia Sheinbaum el 8 de marzo como un d\u00eda de lucha por los derechos y contra la discriminaci\u00f3n<\/p>\n","protected":false},"author":1,"featured_media":6202,"comment_status":"closed","ping_status":"closed","sticky":false,"template":"","format":"standard","meta":{"_crdt_document":"","_jetpack_memberships_contains_paid_content":false,"footnotes":"","jetpack_publicize_message":"","jetpack_publicize_feature_enabled":true,"jetpack_social_post_already_shared":true,"jetpack_social_options":{"image_generator_settings":{"template":"highway","default_image_id":0,"font":"","enabled":false},"version":2},"_wpas_customize_per_network":false},"categories":[33],"tags":[],"class_list":["post-6201","post","type-post","status-publish","format-standard","has-post-thumbnail","hentry","category-mexico"],"magazineBlocksPostFeaturedMedia":{"thumbnail":"https:\/\/pornuestrolaredo.com\/wp-content\/uploads\/2025\/03\/Stereo91-20250307-5-150x150.jpg","medium":"https:\/\/pornuestrolaredo.com\/wp-content\/uploads\/2025\/03\/Stereo91-20250307-5-300x165.jpg","medium_large":"https:\/\/pornuestrolaredo.com\/wp-content\/uploads\/2025\/03\/Stereo91-20250307-5-768x422.jpg","large":"https:\/\/pornuestrolaredo.com\/wp-content\/uploads\/2025\/03\/Stereo91-20250307-5.jpg","1536x1536":"https:\/\/pornuestrolaredo.com\/wp-content\/uploads\/2025\/03\/Stereo91-20250307-5.jpg","2048x2048":"https:\/\/pornuestrolaredo.com\/wp-content\/uploads\/2025\/03\/Stereo91-20250307-5.jpg","morenews-large":"https:\/\/pornuestrolaredo.com\/wp-content\/uploads\/2025\/03\/Stereo91-20250307-5.jpg","morenews-medium":"https:\/\/pornuestrolaredo.com\/wp-content\/uploads\/2025\/03\/Stereo91-20250307-5.jpg"},"magazineBlocksPostAuthor":{"name":"Redactor","avatar":"https:\/\/pornuestrolaredo.com\/wp-content\/litespeed\/avatar\/dca1d7ec750c399f025f23b0b314f4cf.jpg?ver=1777612120"},"magazineBlocksPostCommentsNumber":false,"magazineBlocksPostExcerpt":"Reivindica la presidenta Claudia Sheinbaum el 8 de marzo como un d\u00eda de lucha por los derechos y contra la discriminaci\u00f3n","magazineBlocksPostCategories":["Mexico"],"magazineBlocksPostViewCount":144,"magazineBlocksPostReadTime":3,"magazine_blocks_featured_image_url":{"full":["https:\/\/pornuestrolaredo.com\/wp-content\/uploads\/2025\/03\/Stereo91-20250307-5.jpg",770,423,false],"medium":["https:\/\/pornuestrolaredo.com\/wp-content\/uploads\/2025\/03\/Stereo91-20250307-5-300x165.jpg",300,165,true],"thumbnail":["https:\/\/pornuestrolaredo.com\/wp-content\/uploads\/2025\/03\/Stereo91-20250307-5-150x150.jpg",150,150,true]},"magazine_blocks_author":{"display_name":"Redactor","author_link":"https:\/\/pornuestrolaredo.com\/?author=1"},"magazine_blocks_comment":0,"magazine_blocks_author_image":"https:\/\/pornuestrolaredo.com\/wp-content\/litespeed\/avatar\/dca1d7ec750c399f025f23b0b314f4cf.jpg?ver=1777612120","magazine_blocks_category":"<a href=\"#\" class=\"category-link category-link-33\">Mexico<\/a>","jetpack_publicize_connections":[],"featured_image_urls":{"full":["https:\/\/pornuestrolaredo.com\/wp-content\/uploads\/2025\/03\/Stereo91-20250307-5.jpg",770,423,false],"thumbnail":["https:\/\/pornuestrolaredo.com\/wp-content\/uploads\/2025\/03\/Stereo91-20250307-5-150x150.jpg",150,150,true],"medium":["https:\/\/pornuestrolaredo.com\/wp-content\/uploads\/2025\/03\/Stereo91-20250307-5-300x165.jpg",300,165,true],"medium_large":["https:\/\/pornuestrolaredo.com\/wp-content\/uploads\/2025\/03\/Stereo91-20250307-5-768x422.jpg",640,352,true],"large":["https:\/\/pornuestrolaredo.com\/wp-content\/uploads\/2025\/03\/Stereo91-20250307-5.jpg",640,352,false],"1536x1536":["https:\/\/pornuestrolaredo.com\/wp-content\/uploads\/2025\/03\/Stereo91-20250307-5.jpg",770,423,false],"2048x2048":["https:\/\/pornuestrolaredo.com\/wp-content\/uploads\/2025\/03\/Stereo91-20250307-5.jpg",770,423,false],"morenews-large":["https:\/\/pornuestrolaredo.com\/wp-content\/uploads\/2025\/03\/Stereo91-20250307-5.jpg",770,423,false],"morenews-medium":["https:\/\/pornuestrolaredo.com\/wp-content\/uploads\/2025\/03\/Stereo91-20250307-5.jpg",590,324,false]},"author_info":{"info":["Redactor"]},"category_info":"<a href=\"https:\/\/pornuestrolaredo.com\/?cat=33\" rel=\"category\">Mexico<\/a>","tag_info":"Mexico","comment_count":"0","jetpack_featured_media_url":"https:\/\/pornuestrolaredo.com\/wp-content\/uploads\/2025\/03\/Stereo91-20250307-5.jpg","jetpack_sharing_enabled":true,"_links":{"self":[{"href":"https:\/\/pornuestrolaredo.com\/index.php?rest_route=\/wp\/v2\/posts\/6201","targetHints":{"allow":["GET"]}}],"collection":[{"href":"https:\/\/pornuestrolaredo.com\/index.php?rest_route=\/wp\/v2\/posts"}],"about":[{"href":"https:\/\/pornuestrolaredo.com\/index.php?rest_route=\/wp\/v2\/types\/post"}],"author":[{"embeddable":true,"href":"https:\/\/pornuestrolaredo.com\/index.php?rest_route=\/wp\/v2\/users\/1"}],"replies":[{"embeddable":true,"href":"https:\/\/pornuestrolaredo.com\/index.php?rest_route=%2Fwp%2Fv2%2Fcomments&post=6201"}],"version-history":[{"count":1,"href":"https:\/\/pornuestrolaredo.com\/index.php?rest_route=\/wp\/v2\/posts\/6201\/revisions"}],"predecessor-version":[{"id":6203,"href":"https:\/\/pornuestrolaredo.com\/index.php?rest_route=\/wp\/v2\/posts\/6201\/revisions\/6203"}],"wp:featuredmedia":[{"embeddable":true,"href":"https:\/\/pornuestrolaredo.com\/index.php?rest_route=\/wp\/v2\/media\/6202"}],"wp:attachment":[{"href":"https:\/\/pornuestrolaredo.com\/index.php?rest_route=%2Fwp%2Fv2%2Fmedia&parent=6201"}],"wp:term":[{"taxonomy":"category","embeddable":true,"href":"https:\/\/pornuestrolaredo.com\/index.php?rest_route=%2Fwp%2Fv2%2Fcategories&post=6201"},{"taxonomy":"post_tag","embeddable":true,"href":"https:\/\/pornuestrolaredo.com\/index.php?rest_route=%2Fwp%2Fv2%2Ftags&post=6201"}],"curies":[{"name":"wp","href":"https:\/\/api.w.org\/{rel}","templated":true}]}}