{"id":6229,"date":"2025-03-10T01:00:33","date_gmt":"2025-03-10T06:00:33","guid":{"rendered":"https:\/\/pornuestrolaredo.com\/?p=6229"},"modified":"2025-03-10T01:03:30","modified_gmt":"2025-03-10T06:03:30","slug":"sera-nld-primera-sede-del-congreso-itinirante-de-tamaulipas","status":"publish","type":"post","link":"https:\/\/pornuestrolaredo.com\/?p=6229","title":{"rendered":"Ser\u00e1 NLD primera sede del Congreso Itinerante de Tamaulipas"},"content":{"rendered":"<p>NUEVO LAREDO.- Por primera vez en la historia de Tamaulipas, el Congreso del Estado trasladar\u00e1 sus sesiones a un municipio fuera de la capital, y Nuevo Laredo ser\u00e1 la sede inaugural de esta iniciativa.<\/p>\n<p>El presidente de la Junta de Gobierno del Congreso estatal, Humberto Prieto Herrera, anunci\u00f3 que las sesiones se llevar\u00e1n a cabo los d\u00edas 24 y 25 de marzo en el Auditorio Principal del Centro Cultural de Nuevo Laredo, como parte del Congreso Itinerante, un proyecto aprobado por unanimidad en el Pleno.<\/p>\n<p>La alcaldesa Carmen Lilia Canturosas Villarreal celebr\u00f3 este acontecimiento sin precedentes y destac\u00f3 que esta medida refuerza la importancia que representa Nuevo Laredo para Tamaulipas.<\/p>\n<p>Estoy sumamente orgullosa que el Pleno haya aprobado a nuestra ciudad como la primera sede del Congreso en la historia, eso habla de la importancia de nuestro municipio y del compromiso de los diputados de atender las peticiones ciudadanas para buscar un mejor Tamaulipas. Sin duda Nuevo Laredo contin\u00faa marcando precedentes en la entidad y recibiremos al Congreso con los brazos abiertos en esta frontera\u201d, destac\u00f3 la presidenta.<\/p>\n<p>El Congreso Itinerante es una iniciativa de la Legislatura 66, cuyo prop\u00f3sito es acercar el trabajo legislativo a la ciudadan\u00eda, permitiendo que los habitantes del municipio sean testigos directos de las sesiones de sus representantes.<\/p>\n<p>Adem\u00e1s, esta acci\u00f3n responde a las solicitudes de diversos municipios que han expresado su inter\u00e9s en conocer m\u00e1s de cerca el funcionamiento del Congreso estatal y participar en su proceso legislativo.<\/p>\n<p>Con esta medida, Nuevo Laredo se convierte en un referente de apertura y participaci\u00f3n ciudadana en Tamaulipas.<\/p>\n","protected":false},"excerpt":{"rendered":"<p>NUEVO LAREDO.- Por primera vez en la historia de Tamaulipas, el Congreso del Estado trasladar\u00e1 sus sesiones a<\/p>\n","protected":false},"author":1,"featured_media":6224,"comment_status":"open","ping_status":"open","sticky":false,"template":"","format":"standard","meta":{"_crdt_document":"","_jetpack_memberships_contains_paid_content":false,"footnotes":"","jetpack_publicize_message":"Los d\u00edas 24 y 25 de marzo, los diputados locales sesionar\u00e1n en esta ciudad, en el Auditorio Principal del Centro Cultural de Nuevo Laredo","jetpack_publicize_feature_enabled":true,"jetpack_social_post_already_shared":false,"jetpack_social_options":{"image_generator_settings":{"template":"highway","enabled":true,"token":"eyJpbWciOiJodHRwczpcL1wvcG9ybnVlc3Ryb2xhcmVkby5jb21cL3dwLWNvbnRlbnRcL3VwbG9hZHNcLzIwMjVcLzAzXC9TdGVyZW85MS0yMDI1MDMwOS0yLTEtMTAwMHg2NjcuanBnIiwidHh0IjoiU2VyXHUwMGUxIE5MRCBwcmltZXJhIHNlZGUgZGVsIENvbmdyZXNvIEl0aW5lcmFudGUgZGUgVGFtYXVsaXBhcyIsInRlbXBsYXRlIjoiaGlnaHdheSIsImJsb2dfaWQiOjIxMDA2OTUxOX0.WdpapjVhOoPWe59MVh2ZJSoz-dgz7gU-dR_BNir0KrQMQ"},"version":2},"_wpas_customize_per_network":false},"categories":[4],"tags":[],"class_list":["post-6229","post","type-post","status-publish","format-standard","has-post-thumbnail","hentry","category-los-dos-laredos"],"magazineBlocksPostFeaturedMedia":{"thumbnail":"https:\/\/pornuestrolaredo.com\/wp-content\/uploads\/2025\/03\/Stereo91-20250309-2-1-150x150.jpg","medium":"https:\/\/pornuestrolaredo.com\/wp-content\/uploads\/2025\/03\/Stereo91-20250309-2-1-300x200.jpg","medium_large":"https:\/\/pornuestrolaredo.com\/wp-content\/uploads\/2025\/03\/Stereo91-20250309-2-1-768x512.jpg","large":"https:\/\/pornuestrolaredo.com\/wp-content\/uploads\/2025\/03\/Stereo91-20250309-2-1-1000x667.jpg","1536x1536":"https:\/\/pornuestrolaredo.com\/wp-content\/uploads\/2025\/03\/Stereo91-20250309-2-1.jpg","2048x2048":"https:\/\/pornuestrolaredo.com\/wp-content\/uploads\/2025\/03\/Stereo91-20250309-2-1.jpg","morenews-large":"https:\/\/pornuestrolaredo.com\/wp-content\/uploads\/2025\/03\/Stereo91-20250309-2-1.jpg","morenews-medium":"https:\/\/pornuestrolaredo.com\/wp-content\/uploads\/2025\/03\/Stereo91-20250309-2-1.jpg"},"magazineBlocksPostAuthor":{"name":"Redactor","avatar":"https:\/\/pornuestrolaredo.com\/wp-content\/litespeed\/avatar\/dca1d7ec750c399f025f23b0b314f4cf.jpg?ver=1777612120"},"magazineBlocksPostCommentsNumber":false,"magazineBlocksPostExcerpt":"NUEVO LAREDO.- Por primera vez en la historia de Tamaulipas, el Congreso del Estado trasladar\u00e1 sus sesiones a","magazineBlocksPostCategories":["Los dos Laredos"],"magazineBlocksPostViewCount":136,"magazineBlocksPostReadTime":2,"magazine_blocks_featured_image_url":{"full":["https:\/\/pornuestrolaredo.com\/wp-content\/uploads\/2025\/03\/Stereo91-20250309-2-1.jpg",1200,800,false],"medium":["https:\/\/pornuestrolaredo.com\/wp-content\/uploads\/2025\/03\/Stereo91-20250309-2-1-300x200.jpg",300,200,true],"thumbnail":["https:\/\/pornuestrolaredo.com\/wp-content\/uploads\/2025\/03\/Stereo91-20250309-2-1-150x150.jpg",150,150,true]},"magazine_blocks_author":{"display_name":"Redactor","author_link":"https:\/\/pornuestrolaredo.com\/?author=1"},"magazine_blocks_comment":0,"magazine_blocks_author_image":"https:\/\/pornuestrolaredo.com\/wp-content\/litespeed\/avatar\/dca1d7ec750c399f025f23b0b314f4cf.jpg?ver=1777612120","magazine_blocks_category":"<a href=\"#\" class=\"category-link category-link-4\">Los dos Laredos<\/a>","jetpack_publicize_connections":[],"featured_image_urls":{"full":["https:\/\/pornuestrolaredo.com\/wp-content\/uploads\/2025\/03\/Stereo91-20250309-2-1.jpg",1200,800,false],"thumbnail":["https:\/\/pornuestrolaredo.com\/wp-content\/uploads\/2025\/03\/Stereo91-20250309-2-1-150x150.jpg",150,150,true],"medium":["https:\/\/pornuestrolaredo.com\/wp-content\/uploads\/2025\/03\/Stereo91-20250309-2-1-300x200.jpg",300,200,true],"medium_large":["https:\/\/pornuestrolaredo.com\/wp-content\/uploads\/2025\/03\/Stereo91-20250309-2-1-768x512.jpg",640,427,true],"large":["https:\/\/pornuestrolaredo.com\/wp-content\/uploads\/2025\/03\/Stereo91-20250309-2-1-1000x667.jpg",640,427,true],"1536x1536":["https:\/\/pornuestrolaredo.com\/wp-content\/uploads\/2025\/03\/Stereo91-20250309-2-1.jpg",1200,800,false],"2048x2048":["https:\/\/pornuestrolaredo.com\/wp-content\/uploads\/2025\/03\/Stereo91-20250309-2-1.jpg",1200,800,false],"morenews-large":["https:\/\/pornuestrolaredo.com\/wp-content\/uploads\/2025\/03\/Stereo91-20250309-2-1.jpg",825,550,false],"morenews-medium":["https:\/\/pornuestrolaredo.com\/wp-content\/uploads\/2025\/03\/Stereo91-20250309-2-1.jpg",590,393,false]},"author_info":{"info":["Redactor"]},"category_info":"<a href=\"https:\/\/pornuestrolaredo.com\/?cat=4\" rel=\"category\">Los dos Laredos<\/a>","tag_info":"Los dos Laredos","comment_count":"0","jetpack_featured_media_url":"https:\/\/pornuestrolaredo.com\/wp-content\/uploads\/2025\/03\/Stereo91-20250309-2-1.jpg","jetpack_sharing_enabled":true,"_links":{"self":[{"href":"https:\/\/pornuestrolaredo.com\/index.php?rest_route=\/wp\/v2\/posts\/6229","targetHints":{"allow":["GET"]}}],"collection":[{"href":"https:\/\/pornuestrolaredo.com\/index.php?rest_route=\/wp\/v2\/posts"}],"about":[{"href":"https:\/\/pornuestrolaredo.com\/index.php?rest_route=\/wp\/v2\/types\/post"}],"author":[{"embeddable":true,"href":"https:\/\/pornuestrolaredo.com\/index.php?rest_route=\/wp\/v2\/users\/1"}],"replies":[{"embeddable":true,"href":"https:\/\/pornuestrolaredo.com\/index.php?rest_route=%2Fwp%2Fv2%2Fcomments&post=6229"}],"version-history":[{"count":3,"href":"https:\/\/pornuestrolaredo.com\/index.php?rest_route=\/wp\/v2\/posts\/6229\/revisions"}],"predecessor-version":[{"id":6233,"href":"https:\/\/pornuestrolaredo.com\/index.php?rest_route=\/wp\/v2\/posts\/6229\/revisions\/6233"}],"wp:featuredmedia":[{"embeddable":true,"href":"https:\/\/pornuestrolaredo.com\/index.php?rest_route=\/wp\/v2\/media\/6224"}],"wp:attachment":[{"href":"https:\/\/pornuestrolaredo.com\/index.php?rest_route=%2Fwp%2Fv2%2Fmedia&parent=6229"}],"wp:term":[{"taxonomy":"category","embeddable":true,"href":"https:\/\/pornuestrolaredo.com\/index.php?rest_route=%2Fwp%2Fv2%2Fcategories&post=6229"},{"taxonomy":"post_tag","embeddable":true,"href":"https:\/\/pornuestrolaredo.com\/index.php?rest_route=%2Fwp%2Fv2%2Ftags&post=6229"}],"curies":[{"name":"wp","href":"https:\/\/api.w.org\/{rel}","templated":true}]}}