{"id":6236,"date":"2025-03-10T21:18:29","date_gmt":"2025-03-11T02:18:29","guid":{"rendered":"https:\/\/pornuestrolaredo.com\/?p=6236"},"modified":"2025-03-10T21:18:29","modified_gmt":"2025-03-11T02:18:29","slug":"fallece-el-principe-frederik-a-los-22-anos","status":"publish","type":"post","link":"https:\/\/pornuestrolaredo.com\/?p=6236","title":{"rendered":"Fallece el Pr\u00edncipe Frederik, a los 22 a\u00f1os"},"content":{"rendered":"<p><strong>LUXEMBURGO.-<\/strong> El Pr\u00edncipe Frederik, hijo del pr\u00edncipe Roberto de Luxemburgo, falleci\u00f3 a los 22 a\u00f1os de edad tras padecer POLG, extra\u00f1a enfermedad que afecta al cerebro, los nervios, los m\u00fasculos y el h\u00edgado.<\/p>\n<p>Frederik fue fundador de la Fundaci\u00f3n Polg, que se encargaba de apoyar investigaciones sobre la enfermedad, trastorno gen\u00e9tico que roba energ\u00eda a c\u00e9lulas del cuerpo.<\/p>\n<blockquote><p>El pasado viernes 28 de febrero, en el &#8216;D\u00eda de las Enfermedades Raras&#8217;, nuestro querido hijo nos llam\u00f3 a su habitaci\u00f3n para hablar con \u00e9l por \u00faltima vez. Frederik encontr\u00f3 la fuerza y el coraje para despedirse de cada uno de nosotros por turno: su hermano, Alexander; su hermana, Charlotte; yo; sus tres primos, Charly, Louis y Donall; su cu\u00f1ado, Mansour; y, por \u00faltimo, su t\u00eda Charlotte y su t\u00edo Mark.<\/p><\/blockquote>\n<blockquote><p>Ya le hab\u00eda dicho todo lo que sent\u00eda en su coraz\u00f3n a su extraordinaria madre, que no se hab\u00eda separado de \u00e9l en 15 a\u00f1os. Despu\u00e9s de regalarnos a cada uno de nosotros nuestras despedidas, algunas amables, algunas sabias, algunas instructivas, al m\u00e1s puro estilo de Frederik, nos dej\u00f3 colectivamente con una \u00faltima broma familiar.<\/p><\/blockquote>\n<p>Incluso en sus \u00faltimos momentos, su humor y su compasi\u00f3n sin l\u00edmites lo obligaron a dejarnos con una \u00faltima risa para animarnos a todos&#8221;, inform\u00f3 a trav\u00e9s de un comunicado The Polg Foundation.<\/p>\n<p>Frederik naci\u00f3 con la enfermedad mitocondrial POLG, escribi\u00f3 su padre, aunque su familia no lo sab\u00eda en ese momento.<\/p>\n","protected":false},"excerpt":{"rendered":"<p>Sufr\u00eda POLG, extra\u00f1a enfermedad que afecta al cerebro, los nervios, los m\u00fasculos y el h\u00edgado<\/p>\n","protected":false},"author":1,"featured_media":6237,"comment_status":"closed","ping_status":"closed","sticky":false,"template":"","format":"standard","meta":{"_crdt_document":"","_jetpack_memberships_contains_paid_content":false,"footnotes":"","jetpack_publicize_message":"","jetpack_publicize_feature_enabled":true,"jetpack_social_post_already_shared":true,"jetpack_social_options":{"image_generator_settings":{"template":"highway","default_image_id":0,"font":"","enabled":false},"version":2},"_wpas_customize_per_network":false},"categories":[9],"tags":[],"class_list":["post-6236","post","type-post","status-publish","format-standard","has-post-thumbnail","hentry","category-el-mundo"],"magazineBlocksPostFeaturedMedia":{"thumbnail":"https:\/\/pornuestrolaredo.com\/wp-content\/uploads\/2025\/03\/107FM-20250310-2-150x150.jpg","medium":"https:\/\/pornuestrolaredo.com\/wp-content\/uploads\/2025\/03\/107FM-20250310-2-300x200.jpg","medium_large":"https:\/\/pornuestrolaredo.com\/wp-content\/uploads\/2025\/03\/107FM-20250310-2-768x512.jpg","large":"https:\/\/pornuestrolaredo.com\/wp-content\/uploads\/2025\/03\/107FM-20250310-2.jpg","1536x1536":"https:\/\/pornuestrolaredo.com\/wp-content\/uploads\/2025\/03\/107FM-20250310-2.jpg","2048x2048":"https:\/\/pornuestrolaredo.com\/wp-content\/uploads\/2025\/03\/107FM-20250310-2.jpg","morenews-large":"https:\/\/pornuestrolaredo.com\/wp-content\/uploads\/2025\/03\/107FM-20250310-2.jpg","morenews-medium":"https:\/\/pornuestrolaredo.com\/wp-content\/uploads\/2025\/03\/107FM-20250310-2.jpg"},"magazineBlocksPostAuthor":{"name":"Redactor","avatar":"https:\/\/pornuestrolaredo.com\/wp-content\/litespeed\/avatar\/dca1d7ec750c399f025f23b0b314f4cf.jpg?ver=1777612120"},"magazineBlocksPostCommentsNumber":false,"magazineBlocksPostExcerpt":"Sufr\u00eda POLG, extra\u00f1a enfermedad que afecta al cerebro, los nervios, los m\u00fasculos y el h\u00edgado","magazineBlocksPostCategories":["El Mundo"],"magazineBlocksPostViewCount":141,"magazineBlocksPostReadTime":2,"magazine_blocks_featured_image_url":{"full":["https:\/\/pornuestrolaredo.com\/wp-content\/uploads\/2025\/03\/107FM-20250310-2.jpg",960,640,false],"medium":["https:\/\/pornuestrolaredo.com\/wp-content\/uploads\/2025\/03\/107FM-20250310-2-300x200.jpg",300,200,true],"thumbnail":["https:\/\/pornuestrolaredo.com\/wp-content\/uploads\/2025\/03\/107FM-20250310-2-150x150.jpg",150,150,true]},"magazine_blocks_author":{"display_name":"Redactor","author_link":"https:\/\/pornuestrolaredo.com\/?author=1"},"magazine_blocks_comment":0,"magazine_blocks_author_image":"https:\/\/pornuestrolaredo.com\/wp-content\/litespeed\/avatar\/dca1d7ec750c399f025f23b0b314f4cf.jpg?ver=1777612120","magazine_blocks_category":"<a href=\"#\" class=\"category-link category-link-9\">El Mundo<\/a>","jetpack_publicize_connections":[],"featured_image_urls":{"full":["https:\/\/pornuestrolaredo.com\/wp-content\/uploads\/2025\/03\/107FM-20250310-2.jpg",960,640,false],"thumbnail":["https:\/\/pornuestrolaredo.com\/wp-content\/uploads\/2025\/03\/107FM-20250310-2-150x150.jpg",150,150,true],"medium":["https:\/\/pornuestrolaredo.com\/wp-content\/uploads\/2025\/03\/107FM-20250310-2-300x200.jpg",300,200,true],"medium_large":["https:\/\/pornuestrolaredo.com\/wp-content\/uploads\/2025\/03\/107FM-20250310-2-768x512.jpg",640,427,true],"large":["https:\/\/pornuestrolaredo.com\/wp-content\/uploads\/2025\/03\/107FM-20250310-2.jpg",640,427,false],"1536x1536":["https:\/\/pornuestrolaredo.com\/wp-content\/uploads\/2025\/03\/107FM-20250310-2.jpg",960,640,false],"2048x2048":["https:\/\/pornuestrolaredo.com\/wp-content\/uploads\/2025\/03\/107FM-20250310-2.jpg",960,640,false],"morenews-large":["https:\/\/pornuestrolaredo.com\/wp-content\/uploads\/2025\/03\/107FM-20250310-2.jpg",825,550,false],"morenews-medium":["https:\/\/pornuestrolaredo.com\/wp-content\/uploads\/2025\/03\/107FM-20250310-2.jpg",590,393,false]},"author_info":{"info":["Redactor"]},"category_info":"<a href=\"https:\/\/pornuestrolaredo.com\/?cat=9\" rel=\"category\">El Mundo<\/a>","tag_info":"El Mundo","comment_count":"0","jetpack_featured_media_url":"https:\/\/pornuestrolaredo.com\/wp-content\/uploads\/2025\/03\/107FM-20250310-2.jpg","jetpack_sharing_enabled":true,"_links":{"self":[{"href":"https:\/\/pornuestrolaredo.com\/index.php?rest_route=\/wp\/v2\/posts\/6236","targetHints":{"allow":["GET"]}}],"collection":[{"href":"https:\/\/pornuestrolaredo.com\/index.php?rest_route=\/wp\/v2\/posts"}],"about":[{"href":"https:\/\/pornuestrolaredo.com\/index.php?rest_route=\/wp\/v2\/types\/post"}],"author":[{"embeddable":true,"href":"https:\/\/pornuestrolaredo.com\/index.php?rest_route=\/wp\/v2\/users\/1"}],"replies":[{"embeddable":true,"href":"https:\/\/pornuestrolaredo.com\/index.php?rest_route=%2Fwp%2Fv2%2Fcomments&post=6236"}],"version-history":[{"count":1,"href":"https:\/\/pornuestrolaredo.com\/index.php?rest_route=\/wp\/v2\/posts\/6236\/revisions"}],"predecessor-version":[{"id":6238,"href":"https:\/\/pornuestrolaredo.com\/index.php?rest_route=\/wp\/v2\/posts\/6236\/revisions\/6238"}],"wp:featuredmedia":[{"embeddable":true,"href":"https:\/\/pornuestrolaredo.com\/index.php?rest_route=\/wp\/v2\/media\/6237"}],"wp:attachment":[{"href":"https:\/\/pornuestrolaredo.com\/index.php?rest_route=%2Fwp%2Fv2%2Fmedia&parent=6236"}],"wp:term":[{"taxonomy":"category","embeddable":true,"href":"https:\/\/pornuestrolaredo.com\/index.php?rest_route=%2Fwp%2Fv2%2Fcategories&post=6236"},{"taxonomy":"post_tag","embeddable":true,"href":"https:\/\/pornuestrolaredo.com\/index.php?rest_route=%2Fwp%2Fv2%2Ftags&post=6236"}],"curies":[{"name":"wp","href":"https:\/\/api.w.org\/{rel}","templated":true}]}}