{"id":6256,"date":"2025-03-11T23:19:34","date_gmt":"2025-03-12T04:19:34","guid":{"rendered":"https:\/\/pornuestrolaredo.com\/?p=6256"},"modified":"2025-03-11T23:19:34","modified_gmt":"2025-03-12T04:19:34","slug":"ensenaran-gratis-lengua-de-senas-mexicana","status":"publish","type":"post","link":"https:\/\/pornuestrolaredo.com\/?p=6256","title":{"rendered":"Ense\u00f1ar\u00e1n gratis Lengua de Se\u00f1as Mexicana"},"content":{"rendered":"<p><strong>NUEVO LAREDO.-<\/strong>  En un esfuerzo por fortalecer la inclusi\u00f3n y la comunicaci\u00f3n de las personas con discapacidad auditiva, el Sistema para el Desarrollo Integral de la Familia (DIF) Nuevo Laredo, y   la Universidad Tecmilenio, llevar\u00e1 a cabo un curso gratuito de Lengua de Se\u00f1as Mexicana (LSM).<\/p>\n<p>La presidenta del DIF Nuevo Laredo, Claudette Canturosas Villarreal, invit\u00f3 a la comunidad a participar en este curso, dise\u00f1ado para mejorar la comunicaci\u00f3n entre personas oyentes y con discapacidad auditiva.<\/p>\n<blockquote><p>La comunicaci\u00f3n es clave para la inclusi\u00f3n. A trav\u00e9s de este curso, queremos ofrecer a la comunidad una herramienta valiosa para fomentar la empat\u00eda y eliminar barreras, asegurando que m\u00e1s personas sean escuchadas y comprendidas&#8221;, expres\u00f3.<\/p><\/blockquote>\n<p>Abiu Gonz\u00e1lez Ixba, director general de la Universidad Tecmilenio, destac\u00f3 que el curso ser\u00e1 impartido por Andrea G\u00fcemez, especialista en Lengua de Se\u00f1as Mexicana.<\/p>\n<p>El curso, de nivel b\u00e1sico, dirigido a personas de 15 a\u00f1os en adelante,  tendr\u00e1 una duraci\u00f3n de 20 horas y se llevar\u00e1 a cabo dos d\u00edas por semana, los lunes y jueves, en un horario de 9:30 a 11:30 de la ma\u00f1ana. Al finalizar, los participantes recibir\u00e1n un certificado de validez oficial.<\/p>\n<p>Las clases dar\u00e1n inicio el 31 de marzo y se impartir\u00e1n en las instalaciones del Centro de Rehabilitaci\u00f3n Integral (CRI). El cupo es limitado. <\/p>\n<p>Las personas interesadas  podr\u00e1n inscribirse en el CRI ubicado en Jaumave #6970, colonia La Fe, de lunes a viernes de 8 de la ma\u00f1ana a las 3 de la tarde. <\/p>\n<p>Con esta iniciativa, DIF Nuevo Laredo  fomenta el aprendizaje de la Lengua de Se\u00f1as Mexicana y promueve una sociedad m\u00e1s accesible y emp\u00e1tica para todos.<\/p>\n","protected":false},"excerpt":{"rendered":"<p>Se unen Tecmilenio y el DIF para brindar a la ciudadan\u00eda herramientas de comunicaci\u00f3n con las personas con discapacidad auditiva<\/p>\n","protected":false},"author":1,"featured_media":6257,"comment_status":"closed","ping_status":"closed","sticky":false,"template":"","format":"standard","meta":{"_crdt_document":"","_jetpack_memberships_contains_paid_content":false,"footnotes":"","jetpack_publicize_message":"","jetpack_publicize_feature_enabled":true,"jetpack_social_post_already_shared":true,"jetpack_social_options":{"image_generator_settings":{"template":"highway","default_image_id":0,"font":"","enabled":false},"version":2},"_wpas_customize_per_network":false},"categories":[4],"tags":[],"class_list":["post-6256","post","type-post","status-publish","format-standard","has-post-thumbnail","hentry","category-los-dos-laredos"],"magazineBlocksPostFeaturedMedia":{"thumbnail":"https:\/\/pornuestrolaredo.com\/wp-content\/uploads\/2025\/03\/Stereo91-20250311-5-150x150.jpg","medium":"https:\/\/pornuestrolaredo.com\/wp-content\/uploads\/2025\/03\/Stereo91-20250311-5-300x156.jpg","medium_large":"https:\/\/pornuestrolaredo.com\/wp-content\/uploads\/2025\/03\/Stereo91-20250311-5-768x398.jpg","large":"https:\/\/pornuestrolaredo.com\/wp-content\/uploads\/2025\/03\/Stereo91-20250311-5.jpg","1536x1536":"https:\/\/pornuestrolaredo.com\/wp-content\/uploads\/2025\/03\/Stereo91-20250311-5.jpg","2048x2048":"https:\/\/pornuestrolaredo.com\/wp-content\/uploads\/2025\/03\/Stereo91-20250311-5.jpg","morenews-large":"https:\/\/pornuestrolaredo.com\/wp-content\/uploads\/2025\/03\/Stereo91-20250311-5.jpg","morenews-medium":"https:\/\/pornuestrolaredo.com\/wp-content\/uploads\/2025\/03\/Stereo91-20250311-5.jpg"},"magazineBlocksPostAuthor":{"name":"Redactor","avatar":"https:\/\/pornuestrolaredo.com\/wp-content\/litespeed\/avatar\/dca1d7ec750c399f025f23b0b314f4cf.jpg?ver=1777612120"},"magazineBlocksPostCommentsNumber":false,"magazineBlocksPostExcerpt":"Se unen Tecmilenio y el DIF para brindar a la ciudadan\u00eda herramientas de comunicaci\u00f3n con las personas con discapacidad auditiva","magazineBlocksPostCategories":["Los dos Laredos"],"magazineBlocksPostViewCount":130,"magazineBlocksPostReadTime":2,"magazine_blocks_featured_image_url":{"full":["https:\/\/pornuestrolaredo.com\/wp-content\/uploads\/2025\/03\/Stereo91-20250311-5.jpg",850,441,false],"medium":["https:\/\/pornuestrolaredo.com\/wp-content\/uploads\/2025\/03\/Stereo91-20250311-5-300x156.jpg",300,156,true],"thumbnail":["https:\/\/pornuestrolaredo.com\/wp-content\/uploads\/2025\/03\/Stereo91-20250311-5-150x150.jpg",150,150,true]},"magazine_blocks_author":{"display_name":"Redactor","author_link":"https:\/\/pornuestrolaredo.com\/?author=1"},"magazine_blocks_comment":0,"magazine_blocks_author_image":"https:\/\/pornuestrolaredo.com\/wp-content\/litespeed\/avatar\/dca1d7ec750c399f025f23b0b314f4cf.jpg?ver=1777612120","magazine_blocks_category":"<a href=\"#\" class=\"category-link category-link-4\">Los dos Laredos<\/a>","jetpack_publicize_connections":[],"featured_image_urls":{"full":["https:\/\/pornuestrolaredo.com\/wp-content\/uploads\/2025\/03\/Stereo91-20250311-5.jpg",850,441,false],"thumbnail":["https:\/\/pornuestrolaredo.com\/wp-content\/uploads\/2025\/03\/Stereo91-20250311-5-150x150.jpg",150,150,true],"medium":["https:\/\/pornuestrolaredo.com\/wp-content\/uploads\/2025\/03\/Stereo91-20250311-5-300x156.jpg",300,156,true],"medium_large":["https:\/\/pornuestrolaredo.com\/wp-content\/uploads\/2025\/03\/Stereo91-20250311-5-768x398.jpg",640,332,true],"large":["https:\/\/pornuestrolaredo.com\/wp-content\/uploads\/2025\/03\/Stereo91-20250311-5.jpg",640,332,false],"1536x1536":["https:\/\/pornuestrolaredo.com\/wp-content\/uploads\/2025\/03\/Stereo91-20250311-5.jpg",850,441,false],"2048x2048":["https:\/\/pornuestrolaredo.com\/wp-content\/uploads\/2025\/03\/Stereo91-20250311-5.jpg",850,441,false],"morenews-large":["https:\/\/pornuestrolaredo.com\/wp-content\/uploads\/2025\/03\/Stereo91-20250311-5.jpg",825,428,false],"morenews-medium":["https:\/\/pornuestrolaredo.com\/wp-content\/uploads\/2025\/03\/Stereo91-20250311-5.jpg",590,306,false]},"author_info":{"info":["Redactor"]},"category_info":"<a href=\"https:\/\/pornuestrolaredo.com\/?cat=4\" rel=\"category\">Los dos Laredos<\/a>","tag_info":"Los dos Laredos","comment_count":"0","jetpack_featured_media_url":"https:\/\/pornuestrolaredo.com\/wp-content\/uploads\/2025\/03\/Stereo91-20250311-5.jpg","jetpack_sharing_enabled":true,"_links":{"self":[{"href":"https:\/\/pornuestrolaredo.com\/index.php?rest_route=\/wp\/v2\/posts\/6256","targetHints":{"allow":["GET"]}}],"collection":[{"href":"https:\/\/pornuestrolaredo.com\/index.php?rest_route=\/wp\/v2\/posts"}],"about":[{"href":"https:\/\/pornuestrolaredo.com\/index.php?rest_route=\/wp\/v2\/types\/post"}],"author":[{"embeddable":true,"href":"https:\/\/pornuestrolaredo.com\/index.php?rest_route=\/wp\/v2\/users\/1"}],"replies":[{"embeddable":true,"href":"https:\/\/pornuestrolaredo.com\/index.php?rest_route=%2Fwp%2Fv2%2Fcomments&post=6256"}],"version-history":[{"count":1,"href":"https:\/\/pornuestrolaredo.com\/index.php?rest_route=\/wp\/v2\/posts\/6256\/revisions"}],"predecessor-version":[{"id":6258,"href":"https:\/\/pornuestrolaredo.com\/index.php?rest_route=\/wp\/v2\/posts\/6256\/revisions\/6258"}],"wp:featuredmedia":[{"embeddable":true,"href":"https:\/\/pornuestrolaredo.com\/index.php?rest_route=\/wp\/v2\/media\/6257"}],"wp:attachment":[{"href":"https:\/\/pornuestrolaredo.com\/index.php?rest_route=%2Fwp%2Fv2%2Fmedia&parent=6256"}],"wp:term":[{"taxonomy":"category","embeddable":true,"href":"https:\/\/pornuestrolaredo.com\/index.php?rest_route=%2Fwp%2Fv2%2Fcategories&post=6256"},{"taxonomy":"post_tag","embeddable":true,"href":"https:\/\/pornuestrolaredo.com\/index.php?rest_route=%2Fwp%2Fv2%2Ftags&post=6256"}],"curies":[{"name":"wp","href":"https:\/\/api.w.org\/{rel}","templated":true}]}}