{"id":6278,"date":"2025-03-14T12:46:58","date_gmt":"2025-03-14T17:46:58","guid":{"rendered":"https:\/\/pornuestrolaredo.com\/?p=6278"},"modified":"2025-03-14T12:46:58","modified_gmt":"2025-03-14T17:46:58","slug":"protegen-a-mas-de-200-perros-contra-rabia-y-moquillo","status":"publish","type":"post","link":"https:\/\/pornuestrolaredo.com\/?p=6278","title":{"rendered":"Protegen a m\u00e1s de 200 perros contra rabia y moquillo"},"content":{"rendered":"<p><strong>NUEVO LAREDO.- <\/strong>M\u00e1s de 200 vacunas m\u00faltiples, que protegen a los perros contra el contra el moquillo y el parvovirus, adem\u00e1s de la antirr\u00e1bica, fueron aplicadas durante la jornada gratuita del jueves.<\/p>\n<p>Extraordinaria participaci\u00f3n\u201d, dijo Maritza Z\u00e1rate Flores, directora de Bienestar Animal.<\/p>\n<blockquote>\n<p>Desde temprana hora y por m\u00e1s de cinco horas continuas, ciudadanos acudieron al m\u00f3dulo instalado en la Explanada a Fundadores para proteger a sus mascotas.<\/p>\n<p>Z\u00e1rate Flores, destac\u00f3 la importancia de esta iniciativa y agradeci\u00f3 el compromiso de los due\u00f1os de mascotas por acudir a vacunar a sus animales. <\/p>\n<\/blockquote>\n<p>El objetivo de esta jornada es garantizar el acceso a la vacunaci\u00f3n a quienes no cuentan con los recursos para cubrir su costo, asegurando as\u00ed la salud y bienestar de sus mascotas&#8221;, se\u00f1al\u00f3.<\/p>\n<blockquote>\n<p>La campa\u00f1a estuvo dirigida a perros mayores de seis meses que se encontraran en buen estado de salud.<\/p>\n<p>Ante el \u00e9xito de la jornada, Z\u00e1rate Flores invit\u00f3 a la ciudadan\u00eda a estar atenta a futuras campa\u00f1as de vacunaci\u00f3n, reafirmando el compromiso del Gobierno Municipal con el bienestar animal y la salud p\u00fablica.<\/p>\n","protected":false},"excerpt":{"rendered":"<p>Realizan jornada gratuita de vacunaci\u00f3n m\u00faltiple y obtienen una muy buena respuesta de la ciudadan\u00eda<\/p>\n","protected":false},"author":1,"featured_media":6279,"comment_status":"closed","ping_status":"closed","sticky":false,"template":"","format":"standard","meta":{"_crdt_document":"","_jetpack_memberships_contains_paid_content":false,"footnotes":"","jetpack_publicize_message":"","jetpack_publicize_feature_enabled":true,"jetpack_social_post_already_shared":true,"jetpack_social_options":{"image_generator_settings":{"template":"highway","default_image_id":0,"font":"","enabled":false},"version":2},"_wpas_customize_per_network":false},"categories":[4],"tags":[],"class_list":["post-6278","post","type-post","status-publish","format-standard","has-post-thumbnail","hentry","category-los-dos-laredos"],"magazineBlocksPostFeaturedMedia":{"thumbnail":"https:\/\/pornuestrolaredo.com\/wp-content\/uploads\/2025\/03\/PNL-20250314-3-150x150.jpg","medium":"https:\/\/pornuestrolaredo.com\/wp-content\/uploads\/2025\/03\/PNL-20250314-3-300x151.jpg","medium_large":"https:\/\/pornuestrolaredo.com\/wp-content\/uploads\/2025\/03\/PNL-20250314-3-768x387.jpg","large":"https:\/\/pornuestrolaredo.com\/wp-content\/uploads\/2025\/03\/PNL-20250314-3-1000x504.jpg","1536x1536":"https:\/\/pornuestrolaredo.com\/wp-content\/uploads\/2025\/03\/PNL-20250314-3-1536x774.jpg","2048x2048":"https:\/\/pornuestrolaredo.com\/wp-content\/uploads\/2025\/03\/PNL-20250314-3.jpg","morenews-large":"https:\/\/pornuestrolaredo.com\/wp-content\/uploads\/2025\/03\/PNL-20250314-3.jpg","morenews-medium":"https:\/\/pornuestrolaredo.com\/wp-content\/uploads\/2025\/03\/PNL-20250314-3.jpg"},"magazineBlocksPostAuthor":{"name":"Redactor","avatar":"https:\/\/pornuestrolaredo.com\/wp-content\/litespeed\/avatar\/dca1d7ec750c399f025f23b0b314f4cf.jpg?ver=1777612120"},"magazineBlocksPostCommentsNumber":false,"magazineBlocksPostExcerpt":"Realizan jornada gratuita de vacunaci\u00f3n m\u00faltiple y obtienen una muy buena respuesta de la ciudadan\u00eda","magazineBlocksPostCategories":["Los dos Laredos"],"magazineBlocksPostViewCount":113,"magazineBlocksPostReadTime":1,"magazine_blocks_featured_image_url":{"full":["https:\/\/pornuestrolaredo.com\/wp-content\/uploads\/2025\/03\/PNL-20250314-3.jpg",1600,806,false],"medium":["https:\/\/pornuestrolaredo.com\/wp-content\/uploads\/2025\/03\/PNL-20250314-3-300x151.jpg",300,151,true],"thumbnail":["https:\/\/pornuestrolaredo.com\/wp-content\/uploads\/2025\/03\/PNL-20250314-3-150x150.jpg",150,150,true]},"magazine_blocks_author":{"display_name":"Redactor","author_link":"https:\/\/pornuestrolaredo.com\/?author=1"},"magazine_blocks_comment":0,"magazine_blocks_author_image":"https:\/\/pornuestrolaredo.com\/wp-content\/litespeed\/avatar\/dca1d7ec750c399f025f23b0b314f4cf.jpg?ver=1777612120","magazine_blocks_category":"<a href=\"#\" class=\"category-link category-link-4\">Los dos Laredos<\/a>","jetpack_publicize_connections":[],"featured_image_urls":{"full":["https:\/\/pornuestrolaredo.com\/wp-content\/uploads\/2025\/03\/PNL-20250314-3.jpg",1600,806,false],"thumbnail":["https:\/\/pornuestrolaredo.com\/wp-content\/uploads\/2025\/03\/PNL-20250314-3-150x150.jpg",150,150,true],"medium":["https:\/\/pornuestrolaredo.com\/wp-content\/uploads\/2025\/03\/PNL-20250314-3-300x151.jpg",300,151,true],"medium_large":["https:\/\/pornuestrolaredo.com\/wp-content\/uploads\/2025\/03\/PNL-20250314-3-768x387.jpg",640,323,true],"large":["https:\/\/pornuestrolaredo.com\/wp-content\/uploads\/2025\/03\/PNL-20250314-3-1000x504.jpg",640,323,true],"1536x1536":["https:\/\/pornuestrolaredo.com\/wp-content\/uploads\/2025\/03\/PNL-20250314-3-1536x774.jpg",1536,774,true],"2048x2048":["https:\/\/pornuestrolaredo.com\/wp-content\/uploads\/2025\/03\/PNL-20250314-3.jpg",1600,806,false],"morenews-large":["https:\/\/pornuestrolaredo.com\/wp-content\/uploads\/2025\/03\/PNL-20250314-3.jpg",825,416,false],"morenews-medium":["https:\/\/pornuestrolaredo.com\/wp-content\/uploads\/2025\/03\/PNL-20250314-3.jpg",590,297,false]},"author_info":{"info":["Redactor"]},"category_info":"<a href=\"https:\/\/pornuestrolaredo.com\/?cat=4\" rel=\"category\">Los dos Laredos<\/a>","tag_info":"Los dos Laredos","comment_count":"0","jetpack_featured_media_url":"https:\/\/pornuestrolaredo.com\/wp-content\/uploads\/2025\/03\/PNL-20250314-3.jpg","jetpack_sharing_enabled":true,"_links":{"self":[{"href":"https:\/\/pornuestrolaredo.com\/index.php?rest_route=\/wp\/v2\/posts\/6278","targetHints":{"allow":["GET"]}}],"collection":[{"href":"https:\/\/pornuestrolaredo.com\/index.php?rest_route=\/wp\/v2\/posts"}],"about":[{"href":"https:\/\/pornuestrolaredo.com\/index.php?rest_route=\/wp\/v2\/types\/post"}],"author":[{"embeddable":true,"href":"https:\/\/pornuestrolaredo.com\/index.php?rest_route=\/wp\/v2\/users\/1"}],"replies":[{"embeddable":true,"href":"https:\/\/pornuestrolaredo.com\/index.php?rest_route=%2Fwp%2Fv2%2Fcomments&post=6278"}],"version-history":[{"count":1,"href":"https:\/\/pornuestrolaredo.com\/index.php?rest_route=\/wp\/v2\/posts\/6278\/revisions"}],"predecessor-version":[{"id":6280,"href":"https:\/\/pornuestrolaredo.com\/index.php?rest_route=\/wp\/v2\/posts\/6278\/revisions\/6280"}],"wp:featuredmedia":[{"embeddable":true,"href":"https:\/\/pornuestrolaredo.com\/index.php?rest_route=\/wp\/v2\/media\/6279"}],"wp:attachment":[{"href":"https:\/\/pornuestrolaredo.com\/index.php?rest_route=%2Fwp%2Fv2%2Fmedia&parent=6278"}],"wp:term":[{"taxonomy":"category","embeddable":true,"href":"https:\/\/pornuestrolaredo.com\/index.php?rest_route=%2Fwp%2Fv2%2Fcategories&post=6278"},{"taxonomy":"post_tag","embeddable":true,"href":"https:\/\/pornuestrolaredo.com\/index.php?rest_route=%2Fwp%2Fv2%2Ftags&post=6278"}],"curies":[{"name":"wp","href":"https:\/\/api.w.org\/{rel}","templated":true}]}}