{"id":628,"date":"2022-10-17T17:59:40","date_gmt":"2022-10-17T17:59:40","guid":{"rendered":"https:\/\/pornuestrolaredo.com\/?p=628"},"modified":"2022-10-18T23:10:03","modified_gmt":"2022-10-18T23:10:03","slug":"muere-mujer-que-inspiro-coco-de-disney","status":"publish","type":"post","link":"https:\/\/pornuestrolaredo.com\/?p=628","title":{"rendered":"Muere mujer que inspir\u00f3 \u2018Coco\u2019, de Disney"},"content":{"rendered":"\n<p class=\"wp-block-paragraph\"><strong><em>MORELIA.-<\/em><\/strong> Por medio de redes sociales, la Secretaria de Turismo del Estado de Michoac\u00e1n inform\u00f3 el fallecimiento de la mujer, qu\u00e9 inspir\u00f3 el personaje \u201cMam\u00e1 Coco\u201d.<\/p>\n\n\n\n<p class=\"wp-block-paragraph\">Por medio de un comunicado v\u00eda Facebook, la dependencia dio aviso del deceso de Mar\u00eda Salud Ram\u00edrez Caballero, la musa de la emblem\u00e1tica pel\u00edcula de Disney \u201cCoco\u201d.<\/p>\n\n\n\n<p class=\"wp-block-paragraph\">Mar\u00eda Salud falleci\u00f3 en la ciudad de Santa Fe de la Laguna, en el estado de Michoac\u00e1n, esta mujer alcanz\u00f3 la edad de 109 a\u00f1os, cumplidos justamente el pasado 16 de septiembre.<\/p>\n\n\n\n<p class=\"wp-block-paragraph\">El secretario de turismo del estado considerado como \u201cel alma de M\u00e9xico\u201d, realiz\u00f3 una publicaci\u00f3n v\u00eda Twitter donde lamenta el fallecimiento de \u201cMam\u00e1 Coco\u201d.<\/p>\n\n\n\n<p class=\"wp-block-paragraph\">De acuerdo con la publicaci\u00f3n de Roberto Monroy, menciona que Mar\u00eda Salud era una mujer incansable y un ejemplo de vida.<\/p>\n\n\n\n<p class=\"wp-block-paragraph\">Esta mujer atra\u00eda a diversos turistas al pueblo de Santa Fe de la Laguna, para que se tomaran una fotograf\u00eda con ella.<\/p>\n\n\n\n<p class=\"has-text-align-center wp-block-paragraph\"><strong>\u00bfQUI\u00c9N FUE MAR\u00cdA SALUD RAM\u00cdREZ CABALLERO?<\/strong><\/p>\n\n\n\n<p class=\"wp-block-paragraph\">Naci\u00f3 en 1913 en Michoac\u00e1n, en el pueblo de Santa Fe de la Laguna.<\/p>\n\n\n\n<p class=\"wp-block-paragraph\">Las autoridades comunales y artesanos de su pueblo, as\u00ed como municipales de Quiroga, le entregaron un reconocimiento y la nombraron embajadora de los artesanos de esta regi\u00f3n.<\/p>\n\n\n\n<p class=\"wp-block-paragraph\">Fue la imagen cultural y artesanal de su gente, al saber que su fama podr\u00e1 darles el impulso que necesitan.<\/p>\n\n\n\n<p class=\"wp-block-paragraph\">Se le detect\u00f3 enfermedad pulmonar obstructiva cr\u00f3nica (EPOC), por lo cual usaba tanques de ox\u00edgeno para respirar.<\/p>\n\n\n\n<p class=\"wp-block-paragraph\">La producci\u00f3n de la pel\u00edcula no reconoci\u00f3 su aportaci\u00f3n al posar en las pruebas de fotograf\u00eda que realiz\u00f3 Disney Pixar en la plaza principal del pueblo.<\/p>\n\n\n\n<p class=\"has-text-align-center wp-block-paragraph\"><strong>MAM\u00c1 COCO<\/strong><\/p>\n\n\n\n<p class=\"wp-block-paragraph\">Este personaje es emblem\u00e1tico en el largometraje de Disney, puesto que es la inspiraci\u00f3n de la ic\u00f3nica canci\u00f3n \u201cRecu\u00e9rdame\u201d escrita por su padre H\u00e9ctor.<\/p>\n\n\n\n<p class=\"wp-block-paragraph\">El nombre de la pel\u00edcula es \u201cCoco\u201d, pero el personaje realmente no se llama as\u00ed, de hecho surge como diminutivo de las mujeres llamadas Socorro.<\/p>\n\n\n\n<p class=\"wp-block-paragraph\">La cinta se estren\u00f3 en 2017 y fue dirigida por Lee Unkrich, la cual fue ganadora de m\u00faltiples premios, entre ellos el \u00d3scar y Globo de Oro. En la pel\u00edcula \u201cCoco\u201d, Michoac\u00e1n represent\u00f3 un viaje colorido que permiti\u00f3 acercarlos m\u00e1s a la cultura mexicana, por lo que su influencia se aprecia a lo largo de toda la cinta.<\/p>\n","protected":false},"excerpt":{"rendered":"<p>MORELIA.- Por medio de redes sociales, la Secretaria de Turismo del Estado de Michoac\u00e1n inform\u00f3 el fallecimiento de<\/p>\n","protected":false},"author":1,"featured_media":629,"comment_status":"closed","ping_status":"closed","sticky":false,"template":"","format":"standard","meta":{"_crdt_document":"","_jetpack_memberships_contains_paid_content":false,"footnotes":"","jetpack_publicize_message":"Mar\u00eda Salud Ram\u00edrez Caballero ten\u00eda 109 a\u00f1os y viv\u00eda en Santa Fe de la Laguna, en Michoac\u00e1n","jetpack_publicize_feature_enabled":true,"jetpack_social_post_already_shared":true,"jetpack_social_options":{"image_generator_settings":{"template":"highway","default_image_id":0,"font":"","enabled":false},"version":2},"_wpas_customize_per_network":false},"categories":[9],"tags":[],"class_list":["post-628","post","type-post","status-publish","format-standard","has-post-thumbnail","hentry","category-el-mundo"],"magazineBlocksPostFeaturedMedia":{"thumbnail":"https:\/\/pornuestrolaredo.com\/wp-content\/uploads\/2022\/10\/Stereo91-20221017-6-150x150.jpeg","medium":"https:\/\/pornuestrolaredo.com\/wp-content\/uploads\/2022\/10\/Stereo91-20221017-6-300x200.jpeg","medium_large":"https:\/\/pornuestrolaredo.com\/wp-content\/uploads\/2022\/10\/Stereo91-20221017-6-768x512.jpeg","large":"https:\/\/pornuestrolaredo.com\/wp-content\/uploads\/2022\/10\/Stereo91-20221017-6.jpeg","1536x1536":"https:\/\/pornuestrolaredo.com\/wp-content\/uploads\/2022\/10\/Stereo91-20221017-6.jpeg","2048x2048":"https:\/\/pornuestrolaredo.com\/wp-content\/uploads\/2022\/10\/Stereo91-20221017-6.jpeg","morenews-large":"https:\/\/pornuestrolaredo.com\/wp-content\/uploads\/2022\/10\/Stereo91-20221017-6.jpeg","morenews-medium":"https:\/\/pornuestrolaredo.com\/wp-content\/uploads\/2022\/10\/Stereo91-20221017-6.jpeg"},"magazineBlocksPostAuthor":{"name":"Redactor","avatar":"https:\/\/pornuestrolaredo.com\/wp-content\/litespeed\/avatar\/dca1d7ec750c399f025f23b0b314f4cf.jpg?ver=1777612120"},"magazineBlocksPostCommentsNumber":false,"magazineBlocksPostExcerpt":"MORELIA.- Por medio de redes sociales, la Secretaria de Turismo del Estado de Michoac\u00e1n inform\u00f3 el fallecimiento de","magazineBlocksPostCategories":["El Mundo"],"magazineBlocksPostViewCount":129,"magazineBlocksPostReadTime":3,"magazine_blocks_featured_image_url":{"full":["https:\/\/pornuestrolaredo.com\/wp-content\/uploads\/2022\/10\/Stereo91-20221017-6.jpeg",960,640,false],"medium":["https:\/\/pornuestrolaredo.com\/wp-content\/uploads\/2022\/10\/Stereo91-20221017-6-300x200.jpeg",300,200,true],"thumbnail":["https:\/\/pornuestrolaredo.com\/wp-content\/uploads\/2022\/10\/Stereo91-20221017-6-150x150.jpeg",150,150,true]},"magazine_blocks_author":{"display_name":"Redactor","author_link":"https:\/\/pornuestrolaredo.com\/?author=1"},"magazine_blocks_comment":0,"magazine_blocks_author_image":"https:\/\/pornuestrolaredo.com\/wp-content\/litespeed\/avatar\/dca1d7ec750c399f025f23b0b314f4cf.jpg?ver=1777612120","magazine_blocks_category":"<a href=\"#\" class=\"category-link category-link-9\">El Mundo<\/a>","jetpack_publicize_connections":[],"featured_image_urls":{"full":["https:\/\/pornuestrolaredo.com\/wp-content\/uploads\/2022\/10\/Stereo91-20221017-6.jpeg",960,640,false],"thumbnail":["https:\/\/pornuestrolaredo.com\/wp-content\/uploads\/2022\/10\/Stereo91-20221017-6-150x150.jpeg",150,150,true],"medium":["https:\/\/pornuestrolaredo.com\/wp-content\/uploads\/2022\/10\/Stereo91-20221017-6-300x200.jpeg",300,200,true],"medium_large":["https:\/\/pornuestrolaredo.com\/wp-content\/uploads\/2022\/10\/Stereo91-20221017-6-768x512.jpeg",640,427,true],"large":["https:\/\/pornuestrolaredo.com\/wp-content\/uploads\/2022\/10\/Stereo91-20221017-6.jpeg",640,427,false],"1536x1536":["https:\/\/pornuestrolaredo.com\/wp-content\/uploads\/2022\/10\/Stereo91-20221017-6.jpeg",960,640,false],"2048x2048":["https:\/\/pornuestrolaredo.com\/wp-content\/uploads\/2022\/10\/Stereo91-20221017-6.jpeg",960,640,false],"morenews-large":["https:\/\/pornuestrolaredo.com\/wp-content\/uploads\/2022\/10\/Stereo91-20221017-6.jpeg",825,550,false],"morenews-medium":["https:\/\/pornuestrolaredo.com\/wp-content\/uploads\/2022\/10\/Stereo91-20221017-6.jpeg",590,393,false]},"author_info":{"info":["Redactor"]},"category_info":"<a href=\"https:\/\/pornuestrolaredo.com\/?cat=9\" rel=\"category\">El Mundo<\/a>","tag_info":"El Mundo","comment_count":"0","jetpack_featured_media_url":"https:\/\/pornuestrolaredo.com\/wp-content\/uploads\/2022\/10\/Stereo91-20221017-6.jpeg","jetpack_sharing_enabled":true,"_links":{"self":[{"href":"https:\/\/pornuestrolaredo.com\/index.php?rest_route=\/wp\/v2\/posts\/628","targetHints":{"allow":["GET"]}}],"collection":[{"href":"https:\/\/pornuestrolaredo.com\/index.php?rest_route=\/wp\/v2\/posts"}],"about":[{"href":"https:\/\/pornuestrolaredo.com\/index.php?rest_route=\/wp\/v2\/types\/post"}],"author":[{"embeddable":true,"href":"https:\/\/pornuestrolaredo.com\/index.php?rest_route=\/wp\/v2\/users\/1"}],"replies":[{"embeddable":true,"href":"https:\/\/pornuestrolaredo.com\/index.php?rest_route=%2Fwp%2Fv2%2Fcomments&post=628"}],"version-history":[{"count":2,"href":"https:\/\/pornuestrolaredo.com\/index.php?rest_route=\/wp\/v2\/posts\/628\/revisions"}],"predecessor-version":[{"id":634,"href":"https:\/\/pornuestrolaredo.com\/index.php?rest_route=\/wp\/v2\/posts\/628\/revisions\/634"}],"wp:featuredmedia":[{"embeddable":true,"href":"https:\/\/pornuestrolaredo.com\/index.php?rest_route=\/wp\/v2\/media\/629"}],"wp:attachment":[{"href":"https:\/\/pornuestrolaredo.com\/index.php?rest_route=%2Fwp%2Fv2%2Fmedia&parent=628"}],"wp:term":[{"taxonomy":"category","embeddable":true,"href":"https:\/\/pornuestrolaredo.com\/index.php?rest_route=%2Fwp%2Fv2%2Fcategories&post=628"},{"taxonomy":"post_tag","embeddable":true,"href":"https:\/\/pornuestrolaredo.com\/index.php?rest_route=%2Fwp%2Fv2%2Ftags&post=628"}],"curies":[{"name":"wp","href":"https:\/\/api.w.org\/{rel}","templated":true}]}}