{"id":6290,"date":"2025-03-16T13:39:42","date_gmt":"2025-03-16T18:39:42","guid":{"rendered":"https:\/\/pornuestrolaredo.com\/?p=6290"},"modified":"2025-03-16T13:39:42","modified_gmt":"2025-03-16T18:39:42","slug":"multan-a-15-empresas-por-tirar-basura-en-la-via-publica","status":"publish","type":"post","link":"https:\/\/pornuestrolaredo.com\/?p=6290","title":{"rendered":"Multan a 15 empresas por tirar basura en la v\u00eda p\u00fablica"},"content":{"rendered":"<p><strong><em>NUEVO LAREDO.-<\/em> <\/strong>La Direcci\u00f3n de Gesti\u00f3n Ambiental de Nuevo Laredo ha sancionado a alrededor de 15 empresas en la localidad por incumplir con las normativas de manejo adecuado de residuos, espec\u00edficamente por arrojar basura en espacios p\u00fablicos. <\/p>\n<p>La responsable de la dependencia, Tania Taboada Blanco, explic\u00f3 que los inspectores han realizado operativos en diversos puntos de la ciudad, detectando estas faltas.<\/p>\n<blockquote><p>Las empresas est\u00e1n trabajando de manera conjunta con nosotros para evitar futuras infracciones. Las multas se han impuesto por no cumplir con las disposiciones de desecho de basura en los lugares correctos. Este a\u00f1o hemos registrado cerca de 15 sanciones a diferentes comercios de gran tama\u00f1o, y los mismos se han comprometido a mejorar sus pr\u00e1cticas, asegurando que no repetiremos estas situaciones\u201d, se\u00f1al\u00f3 la funcionaria.<\/p><\/blockquote>\n<p>Adem\u00e1s, Taboada Blanco resalt\u00f3 la importancia de que las empresas mantengan sus instalaciones y alrededores libres de residuos, utilizando correctamente los centros de transferencia o los rellenos sanitarios autorizados para el manejo adecuado de los desechos.<\/p>\n<blockquote><p>Continuamos con la vigilancia para garantizar que se cumpla con las normativas, e instamos a que utilicen los puntos de disposici\u00f3n correcta de residuos, para mantener nuestra comunidad limpia y respetuosa con el medio ambiente\u201d, finaliz\u00f3.<\/p><\/blockquote>\n<p>La Direcci\u00f3n de Gesti\u00f3n Ambiental reitera su compromiso en mantener un entorno m\u00e1s limpio y ordenado, y contin\u00faa realizando operativos de inspecci\u00f3n en toda la localidad.<\/p>\n","protected":false},"excerpt":{"rendered":"<p>Inspectores de la Direcci\u00f3n de Gesti\u00f3n Ambiental de Nuevo realizan operativos en diversos puntos de la ciudad<\/p>\n","protected":false},"author":1,"featured_media":6291,"comment_status":"closed","ping_status":"closed","sticky":false,"template":"","format":"standard","meta":{"_crdt_document":"","_jetpack_memberships_contains_paid_content":false,"footnotes":"","jetpack_publicize_message":"","jetpack_publicize_feature_enabled":true,"jetpack_social_post_already_shared":true,"jetpack_social_options":{"image_generator_settings":{"template":"highway","default_image_id":0,"font":"","enabled":false},"version":2},"_wpas_customize_per_network":false},"categories":[4],"tags":[],"class_list":["post-6290","post","type-post","status-publish","format-standard","has-post-thumbnail","hentry","category-los-dos-laredos"],"magazineBlocksPostFeaturedMedia":{"thumbnail":"https:\/\/pornuestrolaredo.com\/wp-content\/uploads\/2025\/03\/PNL-20250316-2-150x150.jpg","medium":"https:\/\/pornuestrolaredo.com\/wp-content\/uploads\/2025\/03\/PNL-20250316-2-300x163.jpg","medium_large":"https:\/\/pornuestrolaredo.com\/wp-content\/uploads\/2025\/03\/PNL-20250316-2-768x418.jpg","large":"https:\/\/pornuestrolaredo.com\/wp-content\/uploads\/2025\/03\/PNL-20250316-2.jpg","1536x1536":"https:\/\/pornuestrolaredo.com\/wp-content\/uploads\/2025\/03\/PNL-20250316-2.jpg","2048x2048":"https:\/\/pornuestrolaredo.com\/wp-content\/uploads\/2025\/03\/PNL-20250316-2.jpg","morenews-large":"https:\/\/pornuestrolaredo.com\/wp-content\/uploads\/2025\/03\/PNL-20250316-2.jpg","morenews-medium":"https:\/\/pornuestrolaredo.com\/wp-content\/uploads\/2025\/03\/PNL-20250316-2.jpg"},"magazineBlocksPostAuthor":{"name":"Redactor","avatar":"https:\/\/pornuestrolaredo.com\/wp-content\/litespeed\/avatar\/dca1d7ec750c399f025f23b0b314f4cf.jpg?ver=1777612120"},"magazineBlocksPostCommentsNumber":false,"magazineBlocksPostExcerpt":"Inspectores de la Direcci\u00f3n de Gesti\u00f3n Ambiental de Nuevo realizan operativos en diversos puntos de la ciudad","magazineBlocksPostCategories":["Los dos Laredos"],"magazineBlocksPostViewCount":135,"magazineBlocksPostReadTime":2,"magazine_blocks_featured_image_url":{"full":["https:\/\/pornuestrolaredo.com\/wp-content\/uploads\/2025\/03\/PNL-20250316-2.jpg",850,463,false],"medium":["https:\/\/pornuestrolaredo.com\/wp-content\/uploads\/2025\/03\/PNL-20250316-2-300x163.jpg",300,163,true],"thumbnail":["https:\/\/pornuestrolaredo.com\/wp-content\/uploads\/2025\/03\/PNL-20250316-2-150x150.jpg",150,150,true]},"magazine_blocks_author":{"display_name":"Redactor","author_link":"https:\/\/pornuestrolaredo.com\/?author=1"},"magazine_blocks_comment":0,"magazine_blocks_author_image":"https:\/\/pornuestrolaredo.com\/wp-content\/litespeed\/avatar\/dca1d7ec750c399f025f23b0b314f4cf.jpg?ver=1777612120","magazine_blocks_category":"<a href=\"#\" class=\"category-link category-link-4\">Los dos Laredos<\/a>","jetpack_publicize_connections":[],"featured_image_urls":{"full":["https:\/\/pornuestrolaredo.com\/wp-content\/uploads\/2025\/03\/PNL-20250316-2.jpg",850,463,false],"thumbnail":["https:\/\/pornuestrolaredo.com\/wp-content\/uploads\/2025\/03\/PNL-20250316-2-150x150.jpg",150,150,true],"medium":["https:\/\/pornuestrolaredo.com\/wp-content\/uploads\/2025\/03\/PNL-20250316-2-300x163.jpg",300,163,true],"medium_large":["https:\/\/pornuestrolaredo.com\/wp-content\/uploads\/2025\/03\/PNL-20250316-2-768x418.jpg",640,348,true],"large":["https:\/\/pornuestrolaredo.com\/wp-content\/uploads\/2025\/03\/PNL-20250316-2.jpg",640,349,false],"1536x1536":["https:\/\/pornuestrolaredo.com\/wp-content\/uploads\/2025\/03\/PNL-20250316-2.jpg",850,463,false],"2048x2048":["https:\/\/pornuestrolaredo.com\/wp-content\/uploads\/2025\/03\/PNL-20250316-2.jpg",850,463,false],"morenews-large":["https:\/\/pornuestrolaredo.com\/wp-content\/uploads\/2025\/03\/PNL-20250316-2.jpg",825,449,false],"morenews-medium":["https:\/\/pornuestrolaredo.com\/wp-content\/uploads\/2025\/03\/PNL-20250316-2.jpg",590,321,false]},"author_info":{"info":["Redactor"]},"category_info":"<a href=\"https:\/\/pornuestrolaredo.com\/?cat=4\" rel=\"category\">Los dos Laredos<\/a>","tag_info":"Los dos Laredos","comment_count":"0","jetpack_featured_media_url":"https:\/\/pornuestrolaredo.com\/wp-content\/uploads\/2025\/03\/PNL-20250316-2.jpg","jetpack_sharing_enabled":true,"_links":{"self":[{"href":"https:\/\/pornuestrolaredo.com\/index.php?rest_route=\/wp\/v2\/posts\/6290","targetHints":{"allow":["GET"]}}],"collection":[{"href":"https:\/\/pornuestrolaredo.com\/index.php?rest_route=\/wp\/v2\/posts"}],"about":[{"href":"https:\/\/pornuestrolaredo.com\/index.php?rest_route=\/wp\/v2\/types\/post"}],"author":[{"embeddable":true,"href":"https:\/\/pornuestrolaredo.com\/index.php?rest_route=\/wp\/v2\/users\/1"}],"replies":[{"embeddable":true,"href":"https:\/\/pornuestrolaredo.com\/index.php?rest_route=%2Fwp%2Fv2%2Fcomments&post=6290"}],"version-history":[{"count":1,"href":"https:\/\/pornuestrolaredo.com\/index.php?rest_route=\/wp\/v2\/posts\/6290\/revisions"}],"predecessor-version":[{"id":6292,"href":"https:\/\/pornuestrolaredo.com\/index.php?rest_route=\/wp\/v2\/posts\/6290\/revisions\/6292"}],"wp:featuredmedia":[{"embeddable":true,"href":"https:\/\/pornuestrolaredo.com\/index.php?rest_route=\/wp\/v2\/media\/6291"}],"wp:attachment":[{"href":"https:\/\/pornuestrolaredo.com\/index.php?rest_route=%2Fwp%2Fv2%2Fmedia&parent=6290"}],"wp:term":[{"taxonomy":"category","embeddable":true,"href":"https:\/\/pornuestrolaredo.com\/index.php?rest_route=%2Fwp%2Fv2%2Fcategories&post=6290"},{"taxonomy":"post_tag","embeddable":true,"href":"https:\/\/pornuestrolaredo.com\/index.php?rest_route=%2Fwp%2Fv2%2Ftags&post=6290"}],"curies":[{"name":"wp","href":"https:\/\/api.w.org\/{rel}","templated":true}]}}