{"id":6296,"date":"2025-03-17T10:36:43","date_gmt":"2025-03-17T15:36:43","guid":{"rendered":"https:\/\/pornuestrolaredo.com\/?p=6296"},"modified":"2025-03-17T10:36:43","modified_gmt":"2025-03-17T15:36:43","slug":"putin-y-trump-hablaran-sobre-paz-para-ucrania","status":"publish","type":"post","link":"https:\/\/pornuestrolaredo.com\/?p=6296","title":{"rendered":"Putin y Trump hablar\u00e1n sobre paz para Ucrania"},"content":{"rendered":"<p><strong><em>WASHINGTON.<\/em>&#8211;<\/strong> El presidente de Estados Unidos, Donald Trump, se\u00f1al\u00f3 que el martes sostendr\u00e1 una conversaci\u00f3n con su hom\u00f3logo ruso, Vlad\u00edmir Putin, como parte de sus esfuerzos por poner fin a la guerra en Ucrania. La conversaci\u00f3n podr\u00eda ser un posible punto de inflexi\u00f3n en el conflicto y una oportunidad para que Trump contin\u00fae reorientando la pol\u00edtica exterior estadounidense.<\/p>\n<p>El mandatario estadounidense inform\u00f3 a la prensa sobre su pr\u00f3xima conversaci\u00f3n mientras volaba de Florida hacia Washington a bordo del avi\u00f3n presidencial la noche del domingo, mientras que el Kremlin confirm\u00f3 la participaci\u00f3n de Putin.<\/p>\n<blockquote><p>Veremos si tenemos algo que anunciar tal vez para el martes. Hablar\u00e9 con el presidente Putin el martes\u201d, declar\u00f3 Trump. \u201cSe ha trabajado mucho durante el fin de semana. Queremos ver si podemos poner fin a esa guerra\u201d.<\/p><\/blockquote>\n<p>El portavoz del Kremlin, Dmitry Peskov, confirm\u00f3 el lunes por la ma\u00f1ana los planes de celebrar la llamada, aunque declin\u00f3 dar detalles y se\u00f1al\u00f3 que \u201cnunca nos adelantamos a los eventos\u201d. \u201cEl contenido de las conversaciones entre dos presidentes no est\u00e1 sujeto a ninguna discusi\u00f3n previa\u201d, a\u00f1adi\u00f3.<\/p>\n<p>Los aliados europeos miran con cautela la afinidad de Trump por Putin y su postura dura hacia el presidente ucraniano Volodymyr Zelenskyy, quien enfrent\u00f3 duras cr\u00edticas cuando visit\u00f3 la Oficina Oval hace poco m\u00e1s de dos semanas.<\/p>\n<p>Aunque Rusia fracas\u00f3 en su objetivo inicial de derrocar al gobierno de Ucrania con la invasi\u00f3n que lanz\u00f3 hace tres a\u00f1os, a\u00fan controla una gran extensi\u00f3n del pa\u00eds.<\/p>\n<p>Trump mencion\u00f3 que el territorio y las centrales energ\u00e9ticas son parte de la conversaci\u00f3n sobre c\u00f3mo poner fin a la guerra.<\/p>\n<blockquote><p>Hablaremos sobre la tierra. Estaremos hablando sobre las centrales de energ\u00eda\u201d, puntualiz\u00f3, un proceso que defini\u00f3 como \u201cdividir ciertos bienes\u201d.<\/p><\/blockquote>\n<p>El enviado especial de Trump, Steve Witkoff, visit\u00f3 Mosc\u00fa la semana pasada para avanzar en las negociaciones.<\/p>\n<p>Rusia se anexion\u00f3 ilegalmente cuatro regiones ucranianas tras lanzar su invasi\u00f3n a gran escala de Ucrania en 2022: las regiones orientales de Donetsk y Luhansk, as\u00ed como las de Jers\u00f3n y Zaporiyia, en el sureste del pa\u00eds. Sin embargo, no controla completamente ninguna de las cuatro. El a\u00f1o pasado, Putin enumer\u00f3 la retirada de tropas de Kiev de las cuatro regiones como una de sus demandas para la paz.<\/p>\n<p>El Kremlin tambi\u00e9n se anexion\u00f3 en 2014 la regi\u00f3n ucraniana de Crimea.<\/p>\n<p>En la parte ocupada de la regi\u00f3n de Zaporiyia, Mosc\u00fa controla la central nuclear de Zaporiyia, la m\u00e1s grande de Europa. Desde que comenz\u00f3 la invasi\u00f3n, la planta se ha sido visto atrapada en el fuego cruzado de forma reiterada. El Organismo Internacional de Energ\u00eda At\u00f3mica, un organismo de la ONU, ha expresado frecuentemente su alarma ante los temores de una posible cat\u00e1strofe nuclear en la planta.<\/p>\n","protected":false},"excerpt":{"rendered":"<p>La conversaci\u00f3n podr\u00eda ser una oportunidad para que Trump contin\u00fae reorientando la pol\u00edtica exterior estadounidense<\/p>\n","protected":false},"author":1,"featured_media":6297,"comment_status":"closed","ping_status":"closed","sticky":false,"template":"","format":"standard","meta":{"_crdt_document":"","_jetpack_memberships_contains_paid_content":false,"footnotes":"","jetpack_publicize_message":"","jetpack_publicize_feature_enabled":true,"jetpack_social_post_already_shared":true,"jetpack_social_options":{"image_generator_settings":{"template":"highway","default_image_id":0,"font":"","enabled":false},"version":2},"_wpas_customize_per_network":false},"categories":[9],"tags":[],"class_list":["post-6296","post","type-post","status-publish","format-standard","has-post-thumbnail","hentry","category-el-mundo"],"magazineBlocksPostFeaturedMedia":{"thumbnail":"https:\/\/pornuestrolaredo.com\/wp-content\/uploads\/2025\/03\/Stereo91-20250317-1-150x150.jpg","medium":"https:\/\/pornuestrolaredo.com\/wp-content\/uploads\/2025\/03\/Stereo91-20250317-1-300x180.jpg","medium_large":"https:\/\/pornuestrolaredo.com\/wp-content\/uploads\/2025\/03\/Stereo91-20250317-1-768x461.jpg","large":"https:\/\/pornuestrolaredo.com\/wp-content\/uploads\/2025\/03\/Stereo91-20250317-1.jpg","1536x1536":"https:\/\/pornuestrolaredo.com\/wp-content\/uploads\/2025\/03\/Stereo91-20250317-1.jpg","2048x2048":"https:\/\/pornuestrolaredo.com\/wp-content\/uploads\/2025\/03\/Stereo91-20250317-1.jpg","morenews-large":"https:\/\/pornuestrolaredo.com\/wp-content\/uploads\/2025\/03\/Stereo91-20250317-1.jpg","morenews-medium":"https:\/\/pornuestrolaredo.com\/wp-content\/uploads\/2025\/03\/Stereo91-20250317-1.jpg"},"magazineBlocksPostAuthor":{"name":"Redactor","avatar":"https:\/\/pornuestrolaredo.com\/wp-content\/litespeed\/avatar\/dca1d7ec750c399f025f23b0b314f4cf.jpg?ver=1777612120"},"magazineBlocksPostCommentsNumber":false,"magazineBlocksPostExcerpt":"La conversaci\u00f3n podr\u00eda ser una oportunidad para que Trump contin\u00fae reorientando la pol\u00edtica exterior estadounidense","magazineBlocksPostCategories":["El Mundo"],"magazineBlocksPostViewCount":133,"magazineBlocksPostReadTime":3,"magazine_blocks_featured_image_url":{"full":["https:\/\/pornuestrolaredo.com\/wp-content\/uploads\/2025\/03\/Stereo91-20250317-1.jpg",850,510,false],"medium":["https:\/\/pornuestrolaredo.com\/wp-content\/uploads\/2025\/03\/Stereo91-20250317-1-300x180.jpg",300,180,true],"thumbnail":["https:\/\/pornuestrolaredo.com\/wp-content\/uploads\/2025\/03\/Stereo91-20250317-1-150x150.jpg",150,150,true]},"magazine_blocks_author":{"display_name":"Redactor","author_link":"https:\/\/pornuestrolaredo.com\/?author=1"},"magazine_blocks_comment":0,"magazine_blocks_author_image":"https:\/\/pornuestrolaredo.com\/wp-content\/litespeed\/avatar\/dca1d7ec750c399f025f23b0b314f4cf.jpg?ver=1777612120","magazine_blocks_category":"<a href=\"#\" class=\"category-link category-link-9\">El Mundo<\/a>","jetpack_publicize_connections":[],"featured_image_urls":{"full":["https:\/\/pornuestrolaredo.com\/wp-content\/uploads\/2025\/03\/Stereo91-20250317-1.jpg",850,510,false],"thumbnail":["https:\/\/pornuestrolaredo.com\/wp-content\/uploads\/2025\/03\/Stereo91-20250317-1-150x150.jpg",150,150,true],"medium":["https:\/\/pornuestrolaredo.com\/wp-content\/uploads\/2025\/03\/Stereo91-20250317-1-300x180.jpg",300,180,true],"medium_large":["https:\/\/pornuestrolaredo.com\/wp-content\/uploads\/2025\/03\/Stereo91-20250317-1-768x461.jpg",640,384,true],"large":["https:\/\/pornuestrolaredo.com\/wp-content\/uploads\/2025\/03\/Stereo91-20250317-1.jpg",640,384,false],"1536x1536":["https:\/\/pornuestrolaredo.com\/wp-content\/uploads\/2025\/03\/Stereo91-20250317-1.jpg",850,510,false],"2048x2048":["https:\/\/pornuestrolaredo.com\/wp-content\/uploads\/2025\/03\/Stereo91-20250317-1.jpg",850,510,false],"morenews-large":["https:\/\/pornuestrolaredo.com\/wp-content\/uploads\/2025\/03\/Stereo91-20250317-1.jpg",825,495,false],"morenews-medium":["https:\/\/pornuestrolaredo.com\/wp-content\/uploads\/2025\/03\/Stereo91-20250317-1.jpg",590,354,false]},"author_info":{"info":["Redactor"]},"category_info":"<a href=\"https:\/\/pornuestrolaredo.com\/?cat=9\" rel=\"category\">El Mundo<\/a>","tag_info":"El Mundo","comment_count":"0","jetpack_featured_media_url":"https:\/\/pornuestrolaredo.com\/wp-content\/uploads\/2025\/03\/Stereo91-20250317-1.jpg","jetpack_sharing_enabled":true,"_links":{"self":[{"href":"https:\/\/pornuestrolaredo.com\/index.php?rest_route=\/wp\/v2\/posts\/6296","targetHints":{"allow":["GET"]}}],"collection":[{"href":"https:\/\/pornuestrolaredo.com\/index.php?rest_route=\/wp\/v2\/posts"}],"about":[{"href":"https:\/\/pornuestrolaredo.com\/index.php?rest_route=\/wp\/v2\/types\/post"}],"author":[{"embeddable":true,"href":"https:\/\/pornuestrolaredo.com\/index.php?rest_route=\/wp\/v2\/users\/1"}],"replies":[{"embeddable":true,"href":"https:\/\/pornuestrolaredo.com\/index.php?rest_route=%2Fwp%2Fv2%2Fcomments&post=6296"}],"version-history":[{"count":1,"href":"https:\/\/pornuestrolaredo.com\/index.php?rest_route=\/wp\/v2\/posts\/6296\/revisions"}],"predecessor-version":[{"id":6298,"href":"https:\/\/pornuestrolaredo.com\/index.php?rest_route=\/wp\/v2\/posts\/6296\/revisions\/6298"}],"wp:featuredmedia":[{"embeddable":true,"href":"https:\/\/pornuestrolaredo.com\/index.php?rest_route=\/wp\/v2\/media\/6297"}],"wp:attachment":[{"href":"https:\/\/pornuestrolaredo.com\/index.php?rest_route=%2Fwp%2Fv2%2Fmedia&parent=6296"}],"wp:term":[{"taxonomy":"category","embeddable":true,"href":"https:\/\/pornuestrolaredo.com\/index.php?rest_route=%2Fwp%2Fv2%2Fcategories&post=6296"},{"taxonomy":"post_tag","embeddable":true,"href":"https:\/\/pornuestrolaredo.com\/index.php?rest_route=%2Fwp%2Fv2%2Ftags&post=6296"}],"curies":[{"name":"wp","href":"https:\/\/api.w.org\/{rel}","templated":true}]}}