{"id":6309,"date":"2025-03-18T22:15:53","date_gmt":"2025-03-19T03:15:53","guid":{"rendered":"https:\/\/pornuestrolaredo.com\/?p=6309"},"modified":"2025-03-18T22:15:53","modified_gmt":"2025-03-19T03:15:53","slug":"arranca-operativo-heroe-paisano-edicion-semana-santa","status":"publish","type":"post","link":"https:\/\/pornuestrolaredo.com\/?p=6309","title":{"rendered":"Arranca Operativo H\u00e9roe Paisano Edici\u00f3n Semana Santa"},"content":{"rendered":"<p><strong><em>NUEVO LAREDO.-<\/em> <\/strong>Con la participaci\u00f3n de los tres niveles de gobierno, inici\u00f3 en Nuevo Laredo el operativo \u201cH\u00e9roes Paisanos Semana Santa 2025\u201d, que se estar\u00e1 llevando a cabo hasta el 20 de abril con el objetivo de garantizar la seguridad y la correcta atenci\u00f3n a los connacionales que regresan a M\u00e9xico durante esta temporada.<\/p>\n<p>La presidenta municipal Carmen Lilia Canturosas Villarreal, indic\u00f3 que como cada edici\u00f3n, el Gobierno Municipal a trav\u00e9s de las direcciones de Tr\u00e1nsito y Vialidad; Protecci\u00f3n Civil y Bomberos; Guardia Municipal y la secretar\u00eda de Desarrollo Econ\u00f3mico, reforzar\u00e1n el operativo para que los paisanos tengan un tr\u00e1nsito seguro y confortable por esta frontera.<\/p>\n<blockquote><p>Este esfuerzo conjunto busca mejorar la atenci\u00f3n y los servicios brindados a los viajeros, con la expectativa de superar los n\u00fameros alcanzados en a\u00f1os anteriores\u201d, destac\u00f3.<\/p><\/blockquote>\n<p>En cuanto a las expectativas de afluencia, manifest\u00f3 que seg\u00fan las estad\u00edsticas del Instituto Nacional de Migraci\u00f3n, en el 2022 se registraron 20 mil personas, en 2023 la cifra aument\u00f3 a 51 mil, en el 2024 60 mil personas y este 2025 se espera superar la cifra de visitantes.<\/p>\n<p>Adem\u00e1s, la Guardia Estatal, con el impulso del gobernador, est\u00e1 promoviendo el turismo en la regi\u00f3n, alentando a los visitantes a quedarse en el estado y disfrutar de los atractivos locales.<\/p>\n<p>Uno de los puntos clave de este operativo es la instalaci\u00f3n de 18 m\u00f3dulos en todo el estado, con un total de 48 observadores, de los cuales 23 se encuentran en Nuevo Laredo. Esto refleja la importancia de la ciudad como punto de entrada y salida para los connacionales.<\/p>\n<p>Cabe destacar, que Nuevo Laredo es la frontera predilecta de los paisanos para cruzar hac\u00eda M\u00e9xico en temporada vacacional, esto gracias a la buena coordinaci\u00f3n con los gobiernos federal y estatal, quienes trabajan para garantizar un cruce seguro.<\/p>\n<p>Con estos esfuerzos, se espera una mayor derrama econ\u00f3mica y un flujo m\u00e1s eficiente de personas durante la temporada de Semana Santa, consolidando a Nuevo Laredo como el cruce fronterizo de mayor afluencia en la regi\u00f3n.<\/p>\n","protected":false},"excerpt":{"rendered":"<p>Se espera que en este 2025 aumente el cruce de connacionales y supere al a\u00f1o pasado, cuando arribaron 60 mil<\/p>\n","protected":false},"author":1,"featured_media":6310,"comment_status":"closed","ping_status":"closed","sticky":false,"template":"","format":"standard","meta":{"_crdt_document":"","_jetpack_memberships_contains_paid_content":false,"footnotes":"","jetpack_publicize_message":"","jetpack_publicize_feature_enabled":true,"jetpack_social_post_already_shared":true,"jetpack_social_options":{"image_generator_settings":{"template":"highway","default_image_id":0,"font":"","enabled":false},"version":2},"_wpas_customize_per_network":false},"categories":[4],"tags":[],"class_list":["post-6309","post","type-post","status-publish","format-standard","has-post-thumbnail","hentry","category-los-dos-laredos"],"magazineBlocksPostFeaturedMedia":{"thumbnail":"https:\/\/pornuestrolaredo.com\/wp-content\/uploads\/2025\/03\/Stereo91-20250318-2-150x150.jpg","medium":"https:\/\/pornuestrolaredo.com\/wp-content\/uploads\/2025\/03\/Stereo91-20250318-2-300x172.jpg","medium_large":"https:\/\/pornuestrolaredo.com\/wp-content\/uploads\/2025\/03\/Stereo91-20250318-2-768x440.jpg","large":"https:\/\/pornuestrolaredo.com\/wp-content\/uploads\/2025\/03\/Stereo91-20250318-2.jpg","1536x1536":"https:\/\/pornuestrolaredo.com\/wp-content\/uploads\/2025\/03\/Stereo91-20250318-2.jpg","2048x2048":"https:\/\/pornuestrolaredo.com\/wp-content\/uploads\/2025\/03\/Stereo91-20250318-2.jpg","morenews-large":"https:\/\/pornuestrolaredo.com\/wp-content\/uploads\/2025\/03\/Stereo91-20250318-2.jpg","morenews-medium":"https:\/\/pornuestrolaredo.com\/wp-content\/uploads\/2025\/03\/Stereo91-20250318-2.jpg"},"magazineBlocksPostAuthor":{"name":"Redactor","avatar":"https:\/\/pornuestrolaredo.com\/wp-content\/litespeed\/avatar\/dca1d7ec750c399f025f23b0b314f4cf.jpg?ver=1777612120"},"magazineBlocksPostCommentsNumber":false,"magazineBlocksPostExcerpt":"Se espera que en este 2025 aumente el cruce de connacionales y supere al a\u00f1o pasado, cuando arribaron 60 mil","magazineBlocksPostCategories":["Los dos Laredos"],"magazineBlocksPostViewCount":130,"magazineBlocksPostReadTime":2,"magazine_blocks_featured_image_url":{"full":["https:\/\/pornuestrolaredo.com\/wp-content\/uploads\/2025\/03\/Stereo91-20250318-2.jpg",850,487,false],"medium":["https:\/\/pornuestrolaredo.com\/wp-content\/uploads\/2025\/03\/Stereo91-20250318-2-300x172.jpg",300,172,true],"thumbnail":["https:\/\/pornuestrolaredo.com\/wp-content\/uploads\/2025\/03\/Stereo91-20250318-2-150x150.jpg",150,150,true]},"magazine_blocks_author":{"display_name":"Redactor","author_link":"https:\/\/pornuestrolaredo.com\/?author=1"},"magazine_blocks_comment":0,"magazine_blocks_author_image":"https:\/\/pornuestrolaredo.com\/wp-content\/litespeed\/avatar\/dca1d7ec750c399f025f23b0b314f4cf.jpg?ver=1777612120","magazine_blocks_category":"<a href=\"#\" class=\"category-link category-link-4\">Los dos Laredos<\/a>","jetpack_publicize_connections":[],"featured_image_urls":{"full":["https:\/\/pornuestrolaredo.com\/wp-content\/uploads\/2025\/03\/Stereo91-20250318-2.jpg",850,487,false],"thumbnail":["https:\/\/pornuestrolaredo.com\/wp-content\/uploads\/2025\/03\/Stereo91-20250318-2-150x150.jpg",150,150,true],"medium":["https:\/\/pornuestrolaredo.com\/wp-content\/uploads\/2025\/03\/Stereo91-20250318-2-300x172.jpg",300,172,true],"medium_large":["https:\/\/pornuestrolaredo.com\/wp-content\/uploads\/2025\/03\/Stereo91-20250318-2-768x440.jpg",640,367,true],"large":["https:\/\/pornuestrolaredo.com\/wp-content\/uploads\/2025\/03\/Stereo91-20250318-2.jpg",640,367,false],"1536x1536":["https:\/\/pornuestrolaredo.com\/wp-content\/uploads\/2025\/03\/Stereo91-20250318-2.jpg",850,487,false],"2048x2048":["https:\/\/pornuestrolaredo.com\/wp-content\/uploads\/2025\/03\/Stereo91-20250318-2.jpg",850,487,false],"morenews-large":["https:\/\/pornuestrolaredo.com\/wp-content\/uploads\/2025\/03\/Stereo91-20250318-2.jpg",825,473,false],"morenews-medium":["https:\/\/pornuestrolaredo.com\/wp-content\/uploads\/2025\/03\/Stereo91-20250318-2.jpg",590,338,false]},"author_info":{"info":["Redactor"]},"category_info":"<a href=\"https:\/\/pornuestrolaredo.com\/?cat=4\" rel=\"category\">Los dos Laredos<\/a>","tag_info":"Los dos Laredos","comment_count":"0","jetpack_featured_media_url":"https:\/\/pornuestrolaredo.com\/wp-content\/uploads\/2025\/03\/Stereo91-20250318-2.jpg","jetpack_sharing_enabled":true,"_links":{"self":[{"href":"https:\/\/pornuestrolaredo.com\/index.php?rest_route=\/wp\/v2\/posts\/6309","targetHints":{"allow":["GET"]}}],"collection":[{"href":"https:\/\/pornuestrolaredo.com\/index.php?rest_route=\/wp\/v2\/posts"}],"about":[{"href":"https:\/\/pornuestrolaredo.com\/index.php?rest_route=\/wp\/v2\/types\/post"}],"author":[{"embeddable":true,"href":"https:\/\/pornuestrolaredo.com\/index.php?rest_route=\/wp\/v2\/users\/1"}],"replies":[{"embeddable":true,"href":"https:\/\/pornuestrolaredo.com\/index.php?rest_route=%2Fwp%2Fv2%2Fcomments&post=6309"}],"version-history":[{"count":1,"href":"https:\/\/pornuestrolaredo.com\/index.php?rest_route=\/wp\/v2\/posts\/6309\/revisions"}],"predecessor-version":[{"id":6311,"href":"https:\/\/pornuestrolaredo.com\/index.php?rest_route=\/wp\/v2\/posts\/6309\/revisions\/6311"}],"wp:featuredmedia":[{"embeddable":true,"href":"https:\/\/pornuestrolaredo.com\/index.php?rest_route=\/wp\/v2\/media\/6310"}],"wp:attachment":[{"href":"https:\/\/pornuestrolaredo.com\/index.php?rest_route=%2Fwp%2Fv2%2Fmedia&parent=6309"}],"wp:term":[{"taxonomy":"category","embeddable":true,"href":"https:\/\/pornuestrolaredo.com\/index.php?rest_route=%2Fwp%2Fv2%2Fcategories&post=6309"},{"taxonomy":"post_tag","embeddable":true,"href":"https:\/\/pornuestrolaredo.com\/index.php?rest_route=%2Fwp%2Fv2%2Ftags&post=6309"}],"curies":[{"name":"wp","href":"https:\/\/api.w.org\/{rel}","templated":true}]}}