{"id":6312,"date":"2025-03-18T22:48:59","date_gmt":"2025-03-19T03:48:59","guid":{"rendered":"https:\/\/pornuestrolaredo.com\/?p=6312"},"modified":"2025-03-18T22:48:59","modified_gmt":"2025-03-19T03:48:59","slug":"acuerdan-trump-y-putin-alto-al-fuego-parcial-en-ucrania","status":"publish","type":"post","link":"https:\/\/pornuestrolaredo.com\/?p=6312","title":{"rendered":"Acuerdan Trump y Putin alto al fuego parcial en Ucrania"},"content":{"rendered":"<p><strong><em>WASHINGTON.-<\/em><\/strong> El presidente de Estados Unidos, Donald Trump, y el presidente ruso, Vlad\u00edmir Putin, acordaron el martes una pausa inmediata en los ataques contra la infraestructura energ\u00e9tica en la guerra de Ucrania, pero el mandatario ruso no dio el visto bueno a una pausa m\u00e1s amplia de 30 d\u00edas en los combates que el gobierno estadounidense ha propuesto.<\/p>\n<p>La Casa Blanca lo describi\u00f3 como el primer paso en un \u201cmovimiento hacia la paz\u201d que espera que eventualmente incluya un alto el fuego mar\u00edtimo en el mar Negro y un fin completo y duradero a los combates.<\/p>\n<p>Durante una extensa conversaci\u00f3n telef\u00f3nica entre los mandatarios, Putin reiter\u00f3 su exigencia de poner fin a la asistencia militar y de inteligencia extranjera a Ucrania, seg\u00fan el Kremlin.<\/p>\n<p>Y no hubo indicios de que haya modificado sus condiciones para un posible acuerdo de paz, que son ardorosamente rechazadas por Kiev. Rusia quiere que Ucrania retire sus tropas de las cuatro regiones que Mosc\u00fa se ha anexado pero que no ha capturado completamente, que renuncie a cualquier perspectiva de unirse a la OTAN y que reduzca dr\u00e1sticamente su ej\u00e9rcito .<\/p>\n<p>Poco despu\u00e9s de que la llamada terminara, sonaron alertas de ataque a\u00e9reo en Kiev, seguidas de explosiones en la ciudad. Las autoridades locales instaron a la gente a buscar refugio.<\/p>\n<p>El presidente ucraniano Volodymyr Zelenskyy dijo a los periodistas que Ucrania est\u00e1 abierta a cualquier propuesta que conduzca a una paz sostenible y justa, pero enfatiz\u00f3 la necesidad de total transparencia en las discusiones.<\/p>\n<p>Zelenskyy dijo que estaba buscando m\u00e1s detalles sobre lo que Putin y Trump acordaron, pero rechaz\u00f3 la demanda de Putin de detener la ayuda militar y de inteligencia a Ucrania, advirtiendo que tal movimiento debilitar\u00eda a Ucrania .<\/p>\n<blockquote><p>Necesitamos entender de qu\u00e9 trata la conversaci\u00f3n\u201d, dijo Zelenskyy. \u201c\u00bfCu\u00e1les son los detalles? Y con suerte, estaremos completamente informados, y nuestros socios discutir\u00e1n todo con nosotros\u201d.<\/p><\/blockquote>\n<blockquote><p>Hay dos lados en esta guerra: Rusia y Ucrania. Intentar negociar sin Ucrania, en mi opini\u00f3n, no ser\u00e1 productivo\u201d, a\u00f1adi\u00f3.<\/p><\/blockquote>\n<p>Los funcionarios ucranianos hab\u00edan propuesto un alto el fuego que cubriera el Mar Negro y los ataques con misiles de largo alcance, as\u00ed como la liberaci\u00f3n de prisioneros.<\/p>\n<p>Trump inmediatamente celebr\u00f3 los desarrollos del martes, que consider\u00f3 un paso importante hacia su objetivo final de poner fin a la mayor guerra terrestre en Europa desde la Segunda Guerra Mundial.<\/p>\n<blockquote><p>Acabamos de acordar un alto el fuego inmediato en toda la energ\u00eda e infraestructura, con el entendimiento de que trabajaremos r\u00e1pidamente para lograr un alto el fuego completo y, en \u00faltima instancia, un fin a esta guerra tan horrible entre Rusia y Ucrania\u201d, public\u00f3 Trump en redes sociales tras su llamada.<\/p><\/blockquote>\n<p>Putin tambi\u00e9n le dijo a Trump que Rusia y Ucrania est\u00e1n listas para intercambiar 175 prisioneros de guerra por bando el mi\u00e9rcoles, y Rusia tambi\u00e9n entregar\u00e1 a Ucrania 23 soldados gravemente heridos, se\u00f1al\u00f3 el Kremlin.<\/p>\n<p>La pausa limitada se produce mientras Trump a\u00fan espera que Rusia avale su propuesta de alto el fuego de 30 d\u00edas destinada a poner fin a la invasi\u00f3n rusa de Ucrania.<\/p>\n<p>Los funcionarios ucranianos aceptaron la semana pasada la propuesta de alto el fuego de 30 d\u00edas durante conversaciones en Arabia Saud\u00ed lideradas por el secretario de Estado de Estados Unidos, Marco Rubio. El enviado especial de la Casa Blanca, Steve Witkoff, luego se reuni\u00f3 con Putin en Mosc\u00fa para discutir la propuesta.<\/p>\n<p>Sin embargo, Zelenskyy sigue siendo esc\u00e9ptico de que Putin est\u00e9 listo para la paz, ya que las fuerzas rusas contin\u00faan bombardeando Ucrania.<\/p>\n","protected":false},"excerpt":{"rendered":"<p>El presidente ucraniano, Volodymyr Zelenskyy, acusa a Rusia de mantener bombardeo<\/p>\n","protected":false},"author":1,"featured_media":6313,"comment_status":"closed","ping_status":"closed","sticky":false,"template":"","format":"standard","meta":{"_crdt_document":"","_jetpack_memberships_contains_paid_content":false,"footnotes":"","jetpack_publicize_message":"","jetpack_publicize_feature_enabled":true,"jetpack_social_post_already_shared":true,"jetpack_social_options":{"image_generator_settings":{"template":"highway","default_image_id":0,"font":"","enabled":false},"version":2},"_wpas_customize_per_network":false},"categories":[9],"tags":[],"class_list":["post-6312","post","type-post","status-publish","format-standard","has-post-thumbnail","hentry","category-el-mundo"],"magazineBlocksPostFeaturedMedia":{"thumbnail":"https:\/\/pornuestrolaredo.com\/wp-content\/uploads\/2025\/03\/Stereo91-20250318-3-150x150.jpg","medium":"https:\/\/pornuestrolaredo.com\/wp-content\/uploads\/2025\/03\/Stereo91-20250318-3-300x200.jpg","medium_large":"https:\/\/pornuestrolaredo.com\/wp-content\/uploads\/2025\/03\/Stereo91-20250318-3-768x512.jpg","large":"https:\/\/pornuestrolaredo.com\/wp-content\/uploads\/2025\/03\/Stereo91-20250318-3.jpg","1536x1536":"https:\/\/pornuestrolaredo.com\/wp-content\/uploads\/2025\/03\/Stereo91-20250318-3.jpg","2048x2048":"https:\/\/pornuestrolaredo.com\/wp-content\/uploads\/2025\/03\/Stereo91-20250318-3.jpg","morenews-large":"https:\/\/pornuestrolaredo.com\/wp-content\/uploads\/2025\/03\/Stereo91-20250318-3.jpg","morenews-medium":"https:\/\/pornuestrolaredo.com\/wp-content\/uploads\/2025\/03\/Stereo91-20250318-3.jpg"},"magazineBlocksPostAuthor":{"name":"Redactor","avatar":"https:\/\/pornuestrolaredo.com\/wp-content\/litespeed\/avatar\/dca1d7ec750c399f025f23b0b314f4cf.jpg?ver=1777612120"},"magazineBlocksPostCommentsNumber":false,"magazineBlocksPostExcerpt":"El presidente ucraniano, Volodymyr Zelenskyy, acusa a Rusia de mantener bombardeo","magazineBlocksPostCategories":["El Mundo"],"magazineBlocksPostViewCount":121,"magazineBlocksPostReadTime":4,"magazine_blocks_featured_image_url":{"full":["https:\/\/pornuestrolaredo.com\/wp-content\/uploads\/2025\/03\/Stereo91-20250318-3.jpg",980,653,false],"medium":["https:\/\/pornuestrolaredo.com\/wp-content\/uploads\/2025\/03\/Stereo91-20250318-3-300x200.jpg",300,200,true],"thumbnail":["https:\/\/pornuestrolaredo.com\/wp-content\/uploads\/2025\/03\/Stereo91-20250318-3-150x150.jpg",150,150,true]},"magazine_blocks_author":{"display_name":"Redactor","author_link":"https:\/\/pornuestrolaredo.com\/?author=1"},"magazine_blocks_comment":0,"magazine_blocks_author_image":"https:\/\/pornuestrolaredo.com\/wp-content\/litespeed\/avatar\/dca1d7ec750c399f025f23b0b314f4cf.jpg?ver=1777612120","magazine_blocks_category":"<a href=\"#\" class=\"category-link category-link-9\">El Mundo<\/a>","jetpack_publicize_connections":[],"featured_image_urls":{"full":["https:\/\/pornuestrolaredo.com\/wp-content\/uploads\/2025\/03\/Stereo91-20250318-3.jpg",980,653,false],"thumbnail":["https:\/\/pornuestrolaredo.com\/wp-content\/uploads\/2025\/03\/Stereo91-20250318-3-150x150.jpg",150,150,true],"medium":["https:\/\/pornuestrolaredo.com\/wp-content\/uploads\/2025\/03\/Stereo91-20250318-3-300x200.jpg",300,200,true],"medium_large":["https:\/\/pornuestrolaredo.com\/wp-content\/uploads\/2025\/03\/Stereo91-20250318-3-768x512.jpg",640,427,true],"large":["https:\/\/pornuestrolaredo.com\/wp-content\/uploads\/2025\/03\/Stereo91-20250318-3.jpg",640,426,false],"1536x1536":["https:\/\/pornuestrolaredo.com\/wp-content\/uploads\/2025\/03\/Stereo91-20250318-3.jpg",980,653,false],"2048x2048":["https:\/\/pornuestrolaredo.com\/wp-content\/uploads\/2025\/03\/Stereo91-20250318-3.jpg",980,653,false],"morenews-large":["https:\/\/pornuestrolaredo.com\/wp-content\/uploads\/2025\/03\/Stereo91-20250318-3.jpg",825,550,false],"morenews-medium":["https:\/\/pornuestrolaredo.com\/wp-content\/uploads\/2025\/03\/Stereo91-20250318-3.jpg",590,393,false]},"author_info":{"info":["Redactor"]},"category_info":"<a href=\"https:\/\/pornuestrolaredo.com\/?cat=9\" rel=\"category\">El Mundo<\/a>","tag_info":"El Mundo","comment_count":"0","jetpack_featured_media_url":"https:\/\/pornuestrolaredo.com\/wp-content\/uploads\/2025\/03\/Stereo91-20250318-3.jpg","jetpack_sharing_enabled":true,"_links":{"self":[{"href":"https:\/\/pornuestrolaredo.com\/index.php?rest_route=\/wp\/v2\/posts\/6312","targetHints":{"allow":["GET"]}}],"collection":[{"href":"https:\/\/pornuestrolaredo.com\/index.php?rest_route=\/wp\/v2\/posts"}],"about":[{"href":"https:\/\/pornuestrolaredo.com\/index.php?rest_route=\/wp\/v2\/types\/post"}],"author":[{"embeddable":true,"href":"https:\/\/pornuestrolaredo.com\/index.php?rest_route=\/wp\/v2\/users\/1"}],"replies":[{"embeddable":true,"href":"https:\/\/pornuestrolaredo.com\/index.php?rest_route=%2Fwp%2Fv2%2Fcomments&post=6312"}],"version-history":[{"count":1,"href":"https:\/\/pornuestrolaredo.com\/index.php?rest_route=\/wp\/v2\/posts\/6312\/revisions"}],"predecessor-version":[{"id":6314,"href":"https:\/\/pornuestrolaredo.com\/index.php?rest_route=\/wp\/v2\/posts\/6312\/revisions\/6314"}],"wp:featuredmedia":[{"embeddable":true,"href":"https:\/\/pornuestrolaredo.com\/index.php?rest_route=\/wp\/v2\/media\/6313"}],"wp:attachment":[{"href":"https:\/\/pornuestrolaredo.com\/index.php?rest_route=%2Fwp%2Fv2%2Fmedia&parent=6312"}],"wp:term":[{"taxonomy":"category","embeddable":true,"href":"https:\/\/pornuestrolaredo.com\/index.php?rest_route=%2Fwp%2Fv2%2Fcategories&post=6312"},{"taxonomy":"post_tag","embeddable":true,"href":"https:\/\/pornuestrolaredo.com\/index.php?rest_route=%2Fwp%2Fv2%2Ftags&post=6312"}],"curies":[{"name":"wp","href":"https:\/\/api.w.org\/{rel}","templated":true}]}}