{"id":6319,"date":"2025-03-18T23:30:40","date_gmt":"2025-03-19T04:30:40","guid":{"rendered":"https:\/\/pornuestrolaredo.com\/?p=6319"},"modified":"2025-03-18T23:30:40","modified_gmt":"2025-03-19T04:30:40","slug":"ensenan-a-familias-como-cultivar-sus-alimentos","status":"publish","type":"post","link":"https:\/\/pornuestrolaredo.com\/?p=6319","title":{"rendered":"Ense\u00f1an a familias c\u00f3mo cultivar sus alimentos"},"content":{"rendered":"<p><strong><em>NUEVO LAREDO.-<\/em><\/strong>  El Gobierno de Nuevo Laredo, a trav\u00e9s de la Direcci\u00f3n de Desarrollo Rural, dio inicio este d\u00eda a los cursos te\u00f3ricos y pr\u00e1cticos de Huertos Familiares, con el objetivo de capacitar a la ciudadan\u00eda en la producci\u00f3n de alimentos frescos y saludables desde casa.<\/p>\n<p>La primera sesi\u00f3n de este taller, que consta de cuatro m\u00f3dulos, se llev\u00f3 a cabo en las instalaciones del CECATI 193, donde los participantes recibieron orientaci\u00f3n sobre las bases para la creaci\u00f3n y el mantenimiento de un huerto dom\u00e9stico.<\/p>\n<p>Rub\u00e9n Adri\u00e1n Gonz\u00e1lez Villarreal, director de Desarrollo Rural, dijo que gracias al respaldo de la alcaldesa Carmen Lilia Canturosas, la direcci\u00f3n llega a m\u00e1s familias a trav\u00e9s de este programa que busca fortalecer la autosostenibilidad. <\/p>\n<blockquote><p>Esta iniciativa busca fomentar la autosuficiencia alimentaria, el consumo responsable y la sustentabilidad, brindando a las familias las herramientas necesarias para cultivar sus propios vegetales y hortalizas\u201d, explic\u00f3 el funcionario.<\/p><\/blockquote>\n<p>Durante el curso, los asistentes aprender\u00e1n t\u00e9cnicas de siembra, cuidado de plantas, control de plagas, fertilizaci\u00f3n natural y cosecha, combinando la teor\u00eda con la pr\u00e1ctica para garantizar un aprendizaje integral.<\/p>\n<p>El Gobierno municipal reafirma su compromiso con el desarrollo rural y la promoci\u00f3n de h\u00e1bitos saludables, impulsando acciones que contribuyen al bienestar y la econom\u00eda de las familias neolaredenses.<\/p>\n","protected":false},"excerpt":{"rendered":"<p>Ofrece el Gobierno de Nuevo Laredo cursos de huertos familiares para promover la autosuficiencia alimentaria<\/p>\n","protected":false},"author":1,"featured_media":6320,"comment_status":"closed","ping_status":"closed","sticky":false,"template":"","format":"standard","meta":{"_crdt_document":"","_jetpack_memberships_contains_paid_content":false,"footnotes":"","jetpack_publicize_message":"","jetpack_publicize_feature_enabled":true,"jetpack_social_post_already_shared":true,"jetpack_social_options":{"image_generator_settings":{"template":"highway","default_image_id":0,"font":"","enabled":false},"version":2},"_wpas_customize_per_network":false},"categories":[4],"tags":[],"class_list":["post-6319","post","type-post","status-publish","format-standard","has-post-thumbnail","hentry","category-los-dos-laredos"],"magazineBlocksPostFeaturedMedia":{"thumbnail":"https:\/\/pornuestrolaredo.com\/wp-content\/uploads\/2025\/03\/PNL-20250318-6-150x150.jpg","medium":"https:\/\/pornuestrolaredo.com\/wp-content\/uploads\/2025\/03\/PNL-20250318-6-300x200.jpg","medium_large":"https:\/\/pornuestrolaredo.com\/wp-content\/uploads\/2025\/03\/PNL-20250318-6-768x512.jpg","large":"https:\/\/pornuestrolaredo.com\/wp-content\/uploads\/2025\/03\/PNL-20250318-6.jpg","1536x1536":"https:\/\/pornuestrolaredo.com\/wp-content\/uploads\/2025\/03\/PNL-20250318-6.jpg","2048x2048":"https:\/\/pornuestrolaredo.com\/wp-content\/uploads\/2025\/03\/PNL-20250318-6.jpg","morenews-large":"https:\/\/pornuestrolaredo.com\/wp-content\/uploads\/2025\/03\/PNL-20250318-6.jpg","morenews-medium":"https:\/\/pornuestrolaredo.com\/wp-content\/uploads\/2025\/03\/PNL-20250318-6.jpg"},"magazineBlocksPostAuthor":{"name":"Redactor","avatar":"https:\/\/pornuestrolaredo.com\/wp-content\/litespeed\/avatar\/dca1d7ec750c399f025f23b0b314f4cf.jpg?ver=1777612120"},"magazineBlocksPostCommentsNumber":false,"magazineBlocksPostExcerpt":"Ofrece el Gobierno de Nuevo Laredo cursos de huertos familiares para promover la autosuficiencia alimentaria","magazineBlocksPostCategories":["Los dos Laredos"],"magazineBlocksPostViewCount":115,"magazineBlocksPostReadTime":2,"magazine_blocks_featured_image_url":{"full":["https:\/\/pornuestrolaredo.com\/wp-content\/uploads\/2025\/03\/PNL-20250318-6.jpg",850,567,false],"medium":["https:\/\/pornuestrolaredo.com\/wp-content\/uploads\/2025\/03\/PNL-20250318-6-300x200.jpg",300,200,true],"thumbnail":["https:\/\/pornuestrolaredo.com\/wp-content\/uploads\/2025\/03\/PNL-20250318-6-150x150.jpg",150,150,true]},"magazine_blocks_author":{"display_name":"Redactor","author_link":"https:\/\/pornuestrolaredo.com\/?author=1"},"magazine_blocks_comment":0,"magazine_blocks_author_image":"https:\/\/pornuestrolaredo.com\/wp-content\/litespeed\/avatar\/dca1d7ec750c399f025f23b0b314f4cf.jpg?ver=1777612120","magazine_blocks_category":"<a href=\"#\" class=\"category-link category-link-4\">Los dos Laredos<\/a>","jetpack_publicize_connections":[],"featured_image_urls":{"full":["https:\/\/pornuestrolaredo.com\/wp-content\/uploads\/2025\/03\/PNL-20250318-6.jpg",850,567,false],"thumbnail":["https:\/\/pornuestrolaredo.com\/wp-content\/uploads\/2025\/03\/PNL-20250318-6-150x150.jpg",150,150,true],"medium":["https:\/\/pornuestrolaredo.com\/wp-content\/uploads\/2025\/03\/PNL-20250318-6-300x200.jpg",300,200,true],"medium_large":["https:\/\/pornuestrolaredo.com\/wp-content\/uploads\/2025\/03\/PNL-20250318-6-768x512.jpg",640,427,true],"large":["https:\/\/pornuestrolaredo.com\/wp-content\/uploads\/2025\/03\/PNL-20250318-6.jpg",640,427,false],"1536x1536":["https:\/\/pornuestrolaredo.com\/wp-content\/uploads\/2025\/03\/PNL-20250318-6.jpg",850,567,false],"2048x2048":["https:\/\/pornuestrolaredo.com\/wp-content\/uploads\/2025\/03\/PNL-20250318-6.jpg",850,567,false],"morenews-large":["https:\/\/pornuestrolaredo.com\/wp-content\/uploads\/2025\/03\/PNL-20250318-6.jpg",825,550,false],"morenews-medium":["https:\/\/pornuestrolaredo.com\/wp-content\/uploads\/2025\/03\/PNL-20250318-6.jpg",590,394,false]},"author_info":{"info":["Redactor"]},"category_info":"<a href=\"https:\/\/pornuestrolaredo.com\/?cat=4\" rel=\"category\">Los dos Laredos<\/a>","tag_info":"Los dos Laredos","comment_count":"0","jetpack_featured_media_url":"https:\/\/pornuestrolaredo.com\/wp-content\/uploads\/2025\/03\/PNL-20250318-6.jpg","jetpack_sharing_enabled":true,"_links":{"self":[{"href":"https:\/\/pornuestrolaredo.com\/index.php?rest_route=\/wp\/v2\/posts\/6319","targetHints":{"allow":["GET"]}}],"collection":[{"href":"https:\/\/pornuestrolaredo.com\/index.php?rest_route=\/wp\/v2\/posts"}],"about":[{"href":"https:\/\/pornuestrolaredo.com\/index.php?rest_route=\/wp\/v2\/types\/post"}],"author":[{"embeddable":true,"href":"https:\/\/pornuestrolaredo.com\/index.php?rest_route=\/wp\/v2\/users\/1"}],"replies":[{"embeddable":true,"href":"https:\/\/pornuestrolaredo.com\/index.php?rest_route=%2Fwp%2Fv2%2Fcomments&post=6319"}],"version-history":[{"count":1,"href":"https:\/\/pornuestrolaredo.com\/index.php?rest_route=\/wp\/v2\/posts\/6319\/revisions"}],"predecessor-version":[{"id":6321,"href":"https:\/\/pornuestrolaredo.com\/index.php?rest_route=\/wp\/v2\/posts\/6319\/revisions\/6321"}],"wp:featuredmedia":[{"embeddable":true,"href":"https:\/\/pornuestrolaredo.com\/index.php?rest_route=\/wp\/v2\/media\/6320"}],"wp:attachment":[{"href":"https:\/\/pornuestrolaredo.com\/index.php?rest_route=%2Fwp%2Fv2%2Fmedia&parent=6319"}],"wp:term":[{"taxonomy":"category","embeddable":true,"href":"https:\/\/pornuestrolaredo.com\/index.php?rest_route=%2Fwp%2Fv2%2Fcategories&post=6319"},{"taxonomy":"post_tag","embeddable":true,"href":"https:\/\/pornuestrolaredo.com\/index.php?rest_route=%2Fwp%2Fv2%2Ftags&post=6319"}],"curies":[{"name":"wp","href":"https:\/\/api.w.org\/{rel}","templated":true}]}}