{"id":6323,"date":"2025-03-19T10:51:38","date_gmt":"2025-03-19T15:51:38","guid":{"rendered":"https:\/\/pornuestrolaredo.com\/?p=6323"},"modified":"2025-03-19T10:51:38","modified_gmt":"2025-03-19T15:51:38","slug":"tormentas-de-polvo-causan-mortales-accidentes-multiples","status":"publish","type":"post","link":"https:\/\/pornuestrolaredo.com\/?p=6323","title":{"rendered":"Tormentas de polvo causan mortales accidentes m\u00faltiples"},"content":{"rendered":"<p><strong><em>TOPEKA, Kansas.-<\/em> <\/strong>Una r\u00e1faga de viento barre el suelo desnudo, levantando suficiente tierra y polvo para reducir la visibilidad a casi cero, y para los conductores, la tormenta de polvo parece surgir de la nada.<\/p>\n<p>Estas condiciones resultaron en un accidente m\u00faltiple en la Interestatal 70 la semana pasada en el oeste de Kansas, que involucr\u00f3 a decenas de autom\u00f3viles y camiones y dej\u00f3 ocho personas muertas. El polvo cegador tambi\u00e9n llev\u00f3 al departamento de transporte de Nuevo M\u00e9xico a cerrar la Interestatal 25 desde la frontera con Colorado hacia el suroeste hasta Las Vegas, Nuevo M\u00e9xico.<\/p>\n<p>Los cielos brumosos o oscurecidos por el polvo han recordado el \u201cDust Bowl\u201d de la d\u00e9cada de 1930, cuando millones de toneladas de suelo volador enterraron granjas y cubrieron pueblos a lo largo de las Grandes Llanuras. Tormentas menores ocurren cada a\u00f1o, particularmente en el oeste de Estados Unidos, especialmente cuando las tierras agr\u00edcolas a\u00fan no han sido sembradas en la primavera. Algunos cient\u00edficos temen que muchos automovilistas no las tomen lo suficientemente en serio.<\/p>\n<blockquote><p>Tenemos un nivel muy bajo de conciencia p\u00fablica sobre una tormenta de polvo y el da\u00f1o que puede causar\u201d, afirm\u00f3 Daniel Tong, profesor asociado de qu\u00edmica atmosf\u00e9rica en la Universidad George Mason, quien es uno de los autores de un art\u00edculo de 2023 sobre muertes por tormentas de polvo.<\/p><\/blockquote>\n<p>Las tormentas de polvo tienen un historial de causar fatalidades. El Museo de las Grandes Llanuras en Goodland exhibe una foto de un tractor enterrado en suelo volador en la d\u00e9cada de 1930, un recordatorio de las consecuencias de una sequ\u00eda severa en las Grandes Llanuras que lleg\u00f3 despu\u00e9s de que la agricultura destruy\u00f3 las gram\u00edneas nativas.<\/p>\n<p>Las fatalidades del viernes cerca de Goodland fueron las primeras en el \u00e1rea en una tormenta de polvo desde 2014, declar\u00f3 Jeremy Martin, el meteor\u00f3logo del Servicio Meteorol\u00f3gico a cargo all\u00ed.<\/p>\n<p>Pero ocurrieron menos de un mes despu\u00e9s de que un accidente de 11 veh\u00edculos en la I-25 dejara tres personas muertas y se dice que un factor fue el polvo pesado, seg\u00fan la televisi\u00f3n KRQE de Albuquerque. De manera similar, una tormenta de polvo en la I-55 entre San Luis y Springfield, Illinois, en 2023 llev\u00f3 a un accidente mortal que involucr\u00f3 a decenas de veh\u00edculos.<\/p>\n","protected":false},"excerpt":{"rendered":"<p>Las autoridades de Kansas reportan el fallecimiento de ocho personas en la carretera Interestatal 70<\/p>\n","protected":false},"author":1,"featured_media":6316,"comment_status":"closed","ping_status":"closed","sticky":false,"template":"","format":"standard","meta":{"_crdt_document":"","_jetpack_memberships_contains_paid_content":false,"footnotes":"","jetpack_publicize_message":"","jetpack_publicize_feature_enabled":true,"jetpack_social_post_already_shared":true,"jetpack_social_options":{"image_generator_settings":{"template":"highway","default_image_id":0,"font":"","enabled":false},"version":2},"_wpas_customize_per_network":false},"categories":[9],"tags":[],"class_list":["post-6323","post","type-post","status-publish","format-standard","has-post-thumbnail","hentry","category-el-mundo"],"magazineBlocksPostFeaturedMedia":{"thumbnail":"https:\/\/pornuestrolaredo.com\/wp-content\/uploads\/2025\/03\/Stereo91-20250318-5-150x150.jpg","medium":"https:\/\/pornuestrolaredo.com\/wp-content\/uploads\/2025\/03\/Stereo91-20250318-5-300x187.jpg","medium_large":"https:\/\/pornuestrolaredo.com\/wp-content\/uploads\/2025\/03\/Stereo91-20250318-5-768x478.jpg","large":"https:\/\/pornuestrolaredo.com\/wp-content\/uploads\/2025\/03\/Stereo91-20250318-5.jpg","1536x1536":"https:\/\/pornuestrolaredo.com\/wp-content\/uploads\/2025\/03\/Stereo91-20250318-5.jpg","2048x2048":"https:\/\/pornuestrolaredo.com\/wp-content\/uploads\/2025\/03\/Stereo91-20250318-5.jpg","morenews-large":"https:\/\/pornuestrolaredo.com\/wp-content\/uploads\/2025\/03\/Stereo91-20250318-5.jpg","morenews-medium":"https:\/\/pornuestrolaredo.com\/wp-content\/uploads\/2025\/03\/Stereo91-20250318-5.jpg"},"magazineBlocksPostAuthor":{"name":"Redactor","avatar":"https:\/\/pornuestrolaredo.com\/wp-content\/litespeed\/avatar\/dca1d7ec750c399f025f23b0b314f4cf.jpg?ver=1777612120"},"magazineBlocksPostCommentsNumber":false,"magazineBlocksPostExcerpt":"Las autoridades de Kansas reportan el fallecimiento de ocho personas en la carretera Interestatal 70","magazineBlocksPostCategories":["El Mundo"],"magazineBlocksPostViewCount":131,"magazineBlocksPostReadTime":2,"magazine_blocks_featured_image_url":{"full":["https:\/\/pornuestrolaredo.com\/wp-content\/uploads\/2025\/03\/Stereo91-20250318-5.jpg",980,610,false],"medium":["https:\/\/pornuestrolaredo.com\/wp-content\/uploads\/2025\/03\/Stereo91-20250318-5-300x187.jpg",300,187,true],"thumbnail":["https:\/\/pornuestrolaredo.com\/wp-content\/uploads\/2025\/03\/Stereo91-20250318-5-150x150.jpg",150,150,true]},"magazine_blocks_author":{"display_name":"Redactor","author_link":"https:\/\/pornuestrolaredo.com\/?author=1"},"magazine_blocks_comment":0,"magazine_blocks_author_image":"https:\/\/pornuestrolaredo.com\/wp-content\/litespeed\/avatar\/dca1d7ec750c399f025f23b0b314f4cf.jpg?ver=1777612120","magazine_blocks_category":"<a href=\"#\" class=\"category-link category-link-9\">El Mundo<\/a>","jetpack_publicize_connections":[],"featured_image_urls":{"full":["https:\/\/pornuestrolaredo.com\/wp-content\/uploads\/2025\/03\/Stereo91-20250318-5.jpg",980,610,false],"thumbnail":["https:\/\/pornuestrolaredo.com\/wp-content\/uploads\/2025\/03\/Stereo91-20250318-5-150x150.jpg",150,150,true],"medium":["https:\/\/pornuestrolaredo.com\/wp-content\/uploads\/2025\/03\/Stereo91-20250318-5-300x187.jpg",300,187,true],"medium_large":["https:\/\/pornuestrolaredo.com\/wp-content\/uploads\/2025\/03\/Stereo91-20250318-5-768x478.jpg",640,398,true],"large":["https:\/\/pornuestrolaredo.com\/wp-content\/uploads\/2025\/03\/Stereo91-20250318-5.jpg",640,398,false],"1536x1536":["https:\/\/pornuestrolaredo.com\/wp-content\/uploads\/2025\/03\/Stereo91-20250318-5.jpg",980,610,false],"2048x2048":["https:\/\/pornuestrolaredo.com\/wp-content\/uploads\/2025\/03\/Stereo91-20250318-5.jpg",980,610,false],"morenews-large":["https:\/\/pornuestrolaredo.com\/wp-content\/uploads\/2025\/03\/Stereo91-20250318-5.jpg",825,514,false],"morenews-medium":["https:\/\/pornuestrolaredo.com\/wp-content\/uploads\/2025\/03\/Stereo91-20250318-5.jpg",590,367,false]},"author_info":{"info":["Redactor"]},"category_info":"<a href=\"https:\/\/pornuestrolaredo.com\/?cat=9\" rel=\"category\">El Mundo<\/a>","tag_info":"El Mundo","comment_count":"0","jetpack_featured_media_url":"https:\/\/pornuestrolaredo.com\/wp-content\/uploads\/2025\/03\/Stereo91-20250318-5.jpg","jetpack_sharing_enabled":true,"_links":{"self":[{"href":"https:\/\/pornuestrolaredo.com\/index.php?rest_route=\/wp\/v2\/posts\/6323","targetHints":{"allow":["GET"]}}],"collection":[{"href":"https:\/\/pornuestrolaredo.com\/index.php?rest_route=\/wp\/v2\/posts"}],"about":[{"href":"https:\/\/pornuestrolaredo.com\/index.php?rest_route=\/wp\/v2\/types\/post"}],"author":[{"embeddable":true,"href":"https:\/\/pornuestrolaredo.com\/index.php?rest_route=\/wp\/v2\/users\/1"}],"replies":[{"embeddable":true,"href":"https:\/\/pornuestrolaredo.com\/index.php?rest_route=%2Fwp%2Fv2%2Fcomments&post=6323"}],"version-history":[{"count":1,"href":"https:\/\/pornuestrolaredo.com\/index.php?rest_route=\/wp\/v2\/posts\/6323\/revisions"}],"predecessor-version":[{"id":6325,"href":"https:\/\/pornuestrolaredo.com\/index.php?rest_route=\/wp\/v2\/posts\/6323\/revisions\/6325"}],"wp:featuredmedia":[{"embeddable":true,"href":"https:\/\/pornuestrolaredo.com\/index.php?rest_route=\/wp\/v2\/media\/6316"}],"wp:attachment":[{"href":"https:\/\/pornuestrolaredo.com\/index.php?rest_route=%2Fwp%2Fv2%2Fmedia&parent=6323"}],"wp:term":[{"taxonomy":"category","embeddable":true,"href":"https:\/\/pornuestrolaredo.com\/index.php?rest_route=%2Fwp%2Fv2%2Fcategories&post=6323"},{"taxonomy":"post_tag","embeddable":true,"href":"https:\/\/pornuestrolaredo.com\/index.php?rest_route=%2Fwp%2Fv2%2Ftags&post=6323"}],"curies":[{"name":"wp","href":"https:\/\/api.w.org\/{rel}","templated":true}]}}