{"id":6326,"date":"2025-03-19T14:53:07","date_gmt":"2025-03-19T19:53:07","guid":{"rendered":"https:\/\/pornuestrolaredo.com\/?p=6326"},"modified":"2025-03-19T14:53:07","modified_gmt":"2025-03-19T19:53:07","slug":"realizan-feria-nacional-de-empleo-para-las-mujeres","status":"publish","type":"post","link":"https:\/\/pornuestrolaredo.com\/?p=6326","title":{"rendered":"Realizan Feria Nacional de Empleo para las Mujeres"},"content":{"rendered":"<p>NUEVO LAREDO.- En el marco de la Feria Nacional de Empleo para las Mujeres 2025, cientos de mujeres participaron en este evento de vinculaci\u00f3n laboral en Nuevo Laredo organizado por el Servicio Nacional de Empleo en colaboraci\u00f3n con el Gobierno Municipal donde se ofertaron m\u00e1s de mil empleos formales.<\/p>\n<p>Cristabel Zamora Cabrera, en representaci\u00f3n de la presidenta municipal Carmen Lilia Canturosas Villarreal, destac\u00f3 la importancia del trabajo coordinado entre los diferentes niveles de gobierno, para fortalecer la econom\u00eda y la igualdad de oportunidades para todas y todos. <\/p>\n<blockquote><p>En el marco del D\u00eda Internacional de la Mujer esta feria representa mucho m\u00e1s que una bolsa de trabajo, es una plataforma para empoderar a las mujeres y a las personas a trav\u00e9s de un empleo digno, estable y bien remunerado porque sabemos que cuando una mujer tiene acceso a oportunidades laborales, no s\u00f3lo transforma su vida sino la de su familia y la comunidad\u201d, destac\u00f3 la regidora.<\/p><\/blockquote>\n<p>En esta edici\u00f3n, tambi\u00e9n estuvo presente Carolina Mart\u00ednez Moyano, subsecretaria del Trabajo y Previsi\u00f3n Social de Tamaulipas, quien particip\u00f3 en nombre de Luis Illoldi Reyes, secretario de la dependencia estatal.<\/p>\n<p>Durante este evento se firm\u00f3 un convenio de colaboraci\u00f3n entre el Instituto Municipal de la Mujer de Nuevo Laredo y la Secretar\u00eda del Trabajo para la promoci\u00f3n y vinculaci\u00f3n de mujeres en la vida laboral.<\/p>\n<p>El acuerdo fue signado por Mart\u00ednez Montoya y Cynthia Canturosas Villarreal, presidenta del Consejo Consultivo de INMUJER. <\/p>\n<p>El objetivo principal del evento fue ofrecer un espacio directo de interacci\u00f3n entre las buscadoras de empleo y los empleadores, brindando a las candidatas una oportunidad de presentar sus habilidades y competencias laborales de manera presencial. <\/p>\n<p>De esta forma, los asistentes pudieron participar desde una entrevista de trabajo hasta concretar una posible contrataci\u00f3n en el mismo evento.<\/p>\n<p>Durante la jornada, participaron diversas empresas de los sectores servicios, comercial, industrial y gubernamental, quienes ofertaron vacantes para operarios, t\u00e9cnicos y profesionistas. <\/p>\n<p>La Feria Nacional de Empleo para las Mujeres 2025 reafirma el compromiso de las autoridades municipales y estatales con la mejora continua del empleo en la regi\u00f3n y con la inclusi\u00f3n de la mujer en el desarrollo econ\u00f3mico del estado.<\/p>\n","protected":false},"excerpt":{"rendered":"<p>Buscan ofrecer plataforma para empoderar a las mujeres a trav\u00e9s de un empleo digno, estable y bien remunerado<\/p>\n","protected":false},"author":1,"featured_media":6327,"comment_status":"closed","ping_status":"closed","sticky":false,"template":"","format":"standard","meta":{"_crdt_document":"","_jetpack_memberships_contains_paid_content":false,"footnotes":"","jetpack_publicize_message":"","jetpack_publicize_feature_enabled":true,"jetpack_social_post_already_shared":true,"jetpack_social_options":{"image_generator_settings":{"template":"highway","default_image_id":0,"font":"","enabled":false},"version":2},"_wpas_customize_per_network":false},"categories":[4],"tags":[],"class_list":["post-6326","post","type-post","status-publish","format-standard","has-post-thumbnail","hentry","category-los-dos-laredos"],"magazineBlocksPostFeaturedMedia":{"thumbnail":"https:\/\/pornuestrolaredo.com\/wp-content\/uploads\/2025\/03\/Stereo91-20250319-1-150x150.jpg","medium":"https:\/\/pornuestrolaredo.com\/wp-content\/uploads\/2025\/03\/Stereo91-20250319-1-300x193.jpg","medium_large":"https:\/\/pornuestrolaredo.com\/wp-content\/uploads\/2025\/03\/Stereo91-20250319-1-768x493.jpg","large":"https:\/\/pornuestrolaredo.com\/wp-content\/uploads\/2025\/03\/Stereo91-20250319-1.jpg","1536x1536":"https:\/\/pornuestrolaredo.com\/wp-content\/uploads\/2025\/03\/Stereo91-20250319-1.jpg","2048x2048":"https:\/\/pornuestrolaredo.com\/wp-content\/uploads\/2025\/03\/Stereo91-20250319-1.jpg","morenews-large":"https:\/\/pornuestrolaredo.com\/wp-content\/uploads\/2025\/03\/Stereo91-20250319-1.jpg","morenews-medium":"https:\/\/pornuestrolaredo.com\/wp-content\/uploads\/2025\/03\/Stereo91-20250319-1.jpg"},"magazineBlocksPostAuthor":{"name":"Redactor","avatar":"https:\/\/pornuestrolaredo.com\/wp-content\/litespeed\/avatar\/dca1d7ec750c399f025f23b0b314f4cf.jpg?ver=1777612120"},"magazineBlocksPostCommentsNumber":false,"magazineBlocksPostExcerpt":"Buscan ofrecer plataforma para empoderar a las mujeres a trav\u00e9s de un empleo digno, estable y bien remunerado","magazineBlocksPostCategories":["Los dos Laredos"],"magazineBlocksPostViewCount":128,"magazineBlocksPostReadTime":2,"magazine_blocks_featured_image_url":{"full":["https:\/\/pornuestrolaredo.com\/wp-content\/uploads\/2025\/03\/Stereo91-20250319-1.jpg",850,546,false],"medium":["https:\/\/pornuestrolaredo.com\/wp-content\/uploads\/2025\/03\/Stereo91-20250319-1-300x193.jpg",300,193,true],"thumbnail":["https:\/\/pornuestrolaredo.com\/wp-content\/uploads\/2025\/03\/Stereo91-20250319-1-150x150.jpg",150,150,true]},"magazine_blocks_author":{"display_name":"Redactor","author_link":"https:\/\/pornuestrolaredo.com\/?author=1"},"magazine_blocks_comment":0,"magazine_blocks_author_image":"https:\/\/pornuestrolaredo.com\/wp-content\/litespeed\/avatar\/dca1d7ec750c399f025f23b0b314f4cf.jpg?ver=1777612120","magazine_blocks_category":"<a href=\"#\" class=\"category-link category-link-4\">Los dos Laredos<\/a>","jetpack_publicize_connections":[],"featured_image_urls":{"full":["https:\/\/pornuestrolaredo.com\/wp-content\/uploads\/2025\/03\/Stereo91-20250319-1.jpg",850,546,false],"thumbnail":["https:\/\/pornuestrolaredo.com\/wp-content\/uploads\/2025\/03\/Stereo91-20250319-1-150x150.jpg",150,150,true],"medium":["https:\/\/pornuestrolaredo.com\/wp-content\/uploads\/2025\/03\/Stereo91-20250319-1-300x193.jpg",300,193,true],"medium_large":["https:\/\/pornuestrolaredo.com\/wp-content\/uploads\/2025\/03\/Stereo91-20250319-1-768x493.jpg",640,411,true],"large":["https:\/\/pornuestrolaredo.com\/wp-content\/uploads\/2025\/03\/Stereo91-20250319-1.jpg",640,411,false],"1536x1536":["https:\/\/pornuestrolaredo.com\/wp-content\/uploads\/2025\/03\/Stereo91-20250319-1.jpg",850,546,false],"2048x2048":["https:\/\/pornuestrolaredo.com\/wp-content\/uploads\/2025\/03\/Stereo91-20250319-1.jpg",850,546,false],"morenews-large":["https:\/\/pornuestrolaredo.com\/wp-content\/uploads\/2025\/03\/Stereo91-20250319-1.jpg",825,530,false],"morenews-medium":["https:\/\/pornuestrolaredo.com\/wp-content\/uploads\/2025\/03\/Stereo91-20250319-1.jpg",590,379,false]},"author_info":{"info":["Redactor"]},"category_info":"<a href=\"https:\/\/pornuestrolaredo.com\/?cat=4\" rel=\"category\">Los dos Laredos<\/a>","tag_info":"Los dos Laredos","comment_count":"0","jetpack_featured_media_url":"https:\/\/pornuestrolaredo.com\/wp-content\/uploads\/2025\/03\/Stereo91-20250319-1.jpg","jetpack_sharing_enabled":true,"_links":{"self":[{"href":"https:\/\/pornuestrolaredo.com\/index.php?rest_route=\/wp\/v2\/posts\/6326","targetHints":{"allow":["GET"]}}],"collection":[{"href":"https:\/\/pornuestrolaredo.com\/index.php?rest_route=\/wp\/v2\/posts"}],"about":[{"href":"https:\/\/pornuestrolaredo.com\/index.php?rest_route=\/wp\/v2\/types\/post"}],"author":[{"embeddable":true,"href":"https:\/\/pornuestrolaredo.com\/index.php?rest_route=\/wp\/v2\/users\/1"}],"replies":[{"embeddable":true,"href":"https:\/\/pornuestrolaredo.com\/index.php?rest_route=%2Fwp%2Fv2%2Fcomments&post=6326"}],"version-history":[{"count":1,"href":"https:\/\/pornuestrolaredo.com\/index.php?rest_route=\/wp\/v2\/posts\/6326\/revisions"}],"predecessor-version":[{"id":6328,"href":"https:\/\/pornuestrolaredo.com\/index.php?rest_route=\/wp\/v2\/posts\/6326\/revisions\/6328"}],"wp:featuredmedia":[{"embeddable":true,"href":"https:\/\/pornuestrolaredo.com\/index.php?rest_route=\/wp\/v2\/media\/6327"}],"wp:attachment":[{"href":"https:\/\/pornuestrolaredo.com\/index.php?rest_route=%2Fwp%2Fv2%2Fmedia&parent=6326"}],"wp:term":[{"taxonomy":"category","embeddable":true,"href":"https:\/\/pornuestrolaredo.com\/index.php?rest_route=%2Fwp%2Fv2%2Fcategories&post=6326"},{"taxonomy":"post_tag","embeddable":true,"href":"https:\/\/pornuestrolaredo.com\/index.php?rest_route=%2Fwp%2Fv2%2Ftags&post=6326"}],"curies":[{"name":"wp","href":"https:\/\/api.w.org\/{rel}","templated":true}]}}