{"id":6329,"date":"2025-03-19T15:15:47","date_gmt":"2025-03-19T20:15:47","guid":{"rendered":"https:\/\/pornuestrolaredo.com\/?p=6329"},"modified":"2025-03-19T15:50:38","modified_gmt":"2025-03-19T20:50:38","slug":"acercaran-servicios-del-dif-a-colonias-del-poniente","status":"publish","type":"post","link":"https:\/\/pornuestrolaredo.com\/?p=6329","title":{"rendered":"Acercar\u00e1n servicios municipales a colonias del poniente"},"content":{"rendered":"<p><strong>NUEVO LAREDO.-<\/strong> Para acercar los servicios municipales a la ciudadan\u00eda, el Sistema para el Desarrollo Integral de la Familia (DIF) Nuevo Laredo participar\u00e1 en el primer evento &#8220;Presidencia Cerquita de Ti&#8221;, que se llevar\u00e1 a cabo este jueves 20 de marzo en la colonia Nueva Era. La jornada se realizar\u00e1 en las canchas ubicadas en Valdez Reyna esquina con Bulevar Carlos Cant\u00fa Rosas, en un horario de 9:00 AM a 2:00 PM.<\/p>\n<p>Durante esta actividad, el DIF brindar\u00e1 servicios m\u00e9dicos gratuitos que incluyen consultas m\u00e9dicas, dentales y ginecol\u00f3gicas, as\u00ed como atenci\u00f3n psicol\u00f3gica y asesor\u00eda en el \u00e1rea jur\u00eddica. Tambi\u00e9n se realizar\u00e1n estudios socioecon\u00f3micos para la solicitud de apoyos y se ofrecer\u00e1 orientaci\u00f3n en tr\u00e1mites como la obtenci\u00f3n de tarjetones de discapacidad y la Credencial Nacional para Personas con Discapacidad (CRENAPED). Adem\u00e1s, se proporcionar\u00e1 informaci\u00f3n sobre los servicios que ofrece el Centro de Rehabilitaci\u00f3n Integral (CRI) y el Centro de Autismo.<\/p>\n<p>La Procuradur\u00eda de Protecci\u00f3n a Ni\u00f1as, Ni\u00f1os y Adolescentes estar\u00e1 presente para brindar asesor\u00eda sobre los derechos de la ni\u00f1ez y atenci\u00f3n en situaciones de riesgo. Asimismo, se informar\u00e1 a la comunidad sobre las campa\u00f1as permanentes del DIF, como los programas de Matrimonios Colectivos, cirug\u00edas de cataratas y pr\u00f3tesis dentales.<\/p>\n<p>&#8220;Presidencia Cerquita de Ti&#8221; es un espacio dise\u00f1ado para que la comunidad pueda plantear sus inquietudes y recibir atenci\u00f3n inmediata por parte de las autoridades municipales, consolidando as\u00ed un gobierno cercano y comprometido con el bienestar social.<\/p>\n","protected":false},"excerpt":{"rendered":"<p>Ponen en marcha este jueves el primer evento denominado \u2018Presidencia Cerquita de Ti\u2019<\/p>\n","protected":false},"author":1,"featured_media":6330,"comment_status":"closed","ping_status":"closed","sticky":false,"template":"","format":"standard","meta":{"_crdt_document":"","_jetpack_memberships_contains_paid_content":false,"footnotes":"","jetpack_publicize_message":"","jetpack_publicize_feature_enabled":true,"jetpack_social_post_already_shared":true,"jetpack_social_options":{"image_generator_settings":{"template":"highway","default_image_id":0,"font":"","enabled":false},"version":2},"_wpas_customize_per_network":false},"categories":[4],"tags":[],"class_list":["post-6329","post","type-post","status-publish","format-standard","has-post-thumbnail","hentry","category-los-dos-laredos"],"magazineBlocksPostFeaturedMedia":{"thumbnail":"https:\/\/pornuestrolaredo.com\/wp-content\/uploads\/2025\/03\/PHOTO-2025-03-19-14-29-32-150x150.jpg","medium":"https:\/\/pornuestrolaredo.com\/wp-content\/uploads\/2025\/03\/PHOTO-2025-03-19-14-29-32-300x200.jpg","medium_large":"https:\/\/pornuestrolaredo.com\/wp-content\/uploads\/2025\/03\/PHOTO-2025-03-19-14-29-32-768x512.jpg","large":"https:\/\/pornuestrolaredo.com\/wp-content\/uploads\/2025\/03\/PHOTO-2025-03-19-14-29-32-1000x666.jpg","1536x1536":"https:\/\/pornuestrolaredo.com\/wp-content\/uploads\/2025\/03\/PHOTO-2025-03-19-14-29-32.jpg","2048x2048":"https:\/\/pornuestrolaredo.com\/wp-content\/uploads\/2025\/03\/PHOTO-2025-03-19-14-29-32.jpg","morenews-large":"https:\/\/pornuestrolaredo.com\/wp-content\/uploads\/2025\/03\/PHOTO-2025-03-19-14-29-32.jpg","morenews-medium":"https:\/\/pornuestrolaredo.com\/wp-content\/uploads\/2025\/03\/PHOTO-2025-03-19-14-29-32.jpg"},"magazineBlocksPostAuthor":{"name":"Redactor","avatar":"https:\/\/pornuestrolaredo.com\/wp-content\/litespeed\/avatar\/dca1d7ec750c399f025f23b0b314f4cf.jpg?ver=1777612120"},"magazineBlocksPostCommentsNumber":false,"magazineBlocksPostExcerpt":"Ponen en marcha este jueves el primer evento denominado \u2018Presidencia Cerquita de Ti\u2019","magazineBlocksPostCategories":["Los dos Laredos"],"magazineBlocksPostViewCount":111,"magazineBlocksPostReadTime":2,"magazine_blocks_featured_image_url":{"full":["https:\/\/pornuestrolaredo.com\/wp-content\/uploads\/2025\/03\/PHOTO-2025-03-19-14-29-32.jpg",1280,853,false],"medium":["https:\/\/pornuestrolaredo.com\/wp-content\/uploads\/2025\/03\/PHOTO-2025-03-19-14-29-32-300x200.jpg",300,200,true],"thumbnail":["https:\/\/pornuestrolaredo.com\/wp-content\/uploads\/2025\/03\/PHOTO-2025-03-19-14-29-32-150x150.jpg",150,150,true]},"magazine_blocks_author":{"display_name":"Redactor","author_link":"https:\/\/pornuestrolaredo.com\/?author=1"},"magazine_blocks_comment":0,"magazine_blocks_author_image":"https:\/\/pornuestrolaredo.com\/wp-content\/litespeed\/avatar\/dca1d7ec750c399f025f23b0b314f4cf.jpg?ver=1777612120","magazine_blocks_category":"<a href=\"#\" class=\"category-link category-link-4\">Los dos Laredos<\/a>","jetpack_publicize_connections":[],"featured_image_urls":{"full":["https:\/\/pornuestrolaredo.com\/wp-content\/uploads\/2025\/03\/PHOTO-2025-03-19-14-29-32.jpg",1280,853,false],"thumbnail":["https:\/\/pornuestrolaredo.com\/wp-content\/uploads\/2025\/03\/PHOTO-2025-03-19-14-29-32-150x150.jpg",150,150,true],"medium":["https:\/\/pornuestrolaredo.com\/wp-content\/uploads\/2025\/03\/PHOTO-2025-03-19-14-29-32-300x200.jpg",300,200,true],"medium_large":["https:\/\/pornuestrolaredo.com\/wp-content\/uploads\/2025\/03\/PHOTO-2025-03-19-14-29-32-768x512.jpg",640,427,true],"large":["https:\/\/pornuestrolaredo.com\/wp-content\/uploads\/2025\/03\/PHOTO-2025-03-19-14-29-32-1000x666.jpg",640,426,true],"1536x1536":["https:\/\/pornuestrolaredo.com\/wp-content\/uploads\/2025\/03\/PHOTO-2025-03-19-14-29-32.jpg",1280,853,false],"2048x2048":["https:\/\/pornuestrolaredo.com\/wp-content\/uploads\/2025\/03\/PHOTO-2025-03-19-14-29-32.jpg",1280,853,false],"morenews-large":["https:\/\/pornuestrolaredo.com\/wp-content\/uploads\/2025\/03\/PHOTO-2025-03-19-14-29-32.jpg",825,550,false],"morenews-medium":["https:\/\/pornuestrolaredo.com\/wp-content\/uploads\/2025\/03\/PHOTO-2025-03-19-14-29-32.jpg",590,393,false]},"author_info":{"info":["Redactor"]},"category_info":"<a href=\"https:\/\/pornuestrolaredo.com\/?cat=4\" rel=\"category\">Los dos Laredos<\/a>","tag_info":"Los dos Laredos","comment_count":"0","jetpack_featured_media_url":"https:\/\/pornuestrolaredo.com\/wp-content\/uploads\/2025\/03\/PHOTO-2025-03-19-14-29-32.jpg","jetpack_sharing_enabled":true,"_links":{"self":[{"href":"https:\/\/pornuestrolaredo.com\/index.php?rest_route=\/wp\/v2\/posts\/6329","targetHints":{"allow":["GET"]}}],"collection":[{"href":"https:\/\/pornuestrolaredo.com\/index.php?rest_route=\/wp\/v2\/posts"}],"about":[{"href":"https:\/\/pornuestrolaredo.com\/index.php?rest_route=\/wp\/v2\/types\/post"}],"author":[{"embeddable":true,"href":"https:\/\/pornuestrolaredo.com\/index.php?rest_route=\/wp\/v2\/users\/1"}],"replies":[{"embeddable":true,"href":"https:\/\/pornuestrolaredo.com\/index.php?rest_route=%2Fwp%2Fv2%2Fcomments&post=6329"}],"version-history":[{"count":2,"href":"https:\/\/pornuestrolaredo.com\/index.php?rest_route=\/wp\/v2\/posts\/6329\/revisions"}],"predecessor-version":[{"id":6332,"href":"https:\/\/pornuestrolaredo.com\/index.php?rest_route=\/wp\/v2\/posts\/6329\/revisions\/6332"}],"wp:featuredmedia":[{"embeddable":true,"href":"https:\/\/pornuestrolaredo.com\/index.php?rest_route=\/wp\/v2\/media\/6330"}],"wp:attachment":[{"href":"https:\/\/pornuestrolaredo.com\/index.php?rest_route=%2Fwp%2Fv2%2Fmedia&parent=6329"}],"wp:term":[{"taxonomy":"category","embeddable":true,"href":"https:\/\/pornuestrolaredo.com\/index.php?rest_route=%2Fwp%2Fv2%2Fcategories&post=6329"},{"taxonomy":"post_tag","embeddable":true,"href":"https:\/\/pornuestrolaredo.com\/index.php?rest_route=%2Fwp%2Fv2%2Ftags&post=6329"}],"curies":[{"name":"wp","href":"https:\/\/api.w.org\/{rel}","templated":true}]}}