{"id":6348,"date":"2025-03-20T21:47:50","date_gmt":"2025-03-21T02:47:50","guid":{"rendered":"https:\/\/pornuestrolaredo.com\/?p=6348"},"modified":"2025-03-20T21:47:50","modified_gmt":"2025-03-21T02:47:50","slug":"ordenan-retirar-46-mil-cybertrucks-por-defecto","status":"publish","type":"post","link":"https:\/\/pornuestrolaredo.com\/?p=6348","title":{"rendered":"Ordenan retirar 46 mil Cybertrucks por defecto"},"content":{"rendered":"<p><strong>WASHINGTON.-<\/strong> Los reguladores de seguridad de Estados Unidos anunciaron el jueves el retiro de pr\u00e1cticamente todas las camionetas Cybertrucks, el octavo retiro de los veh\u00edculos fabricados por Tesla desde que comenzaron las entregas a clientes hace poco m\u00e1s de un a\u00f1o.<\/p>\n<p>La Administraci\u00f3n Nacional de Seguridad del Tr\u00e1fico en las Carreteras (NHTSA, por sus siglas en ingl\u00e9s), orden\u00f3 el retiro que abarca m\u00e1s de 46 mil Cybertrucks.<\/p>\n<p>La agencia advirti\u00f3 que un panel exterior que corre a lo largo del lado izquierdo y derecho del parabrisas puede desprenderse mientras se conduce, creando un peligro en la carretera para otros conductores, aumentando el riesgo de un accidente.<\/p>\n<p>El informe de la NHTSA indic\u00f3 que la tira de acero inoxidable, llamada ensamblaje de riel de canto, entre el parabrisas y el techo en ambos lados, est\u00e1 unida al ensamblaje del cami\u00f3n con un adhesivo estructural. La soluci\u00f3n utiliza un adhesivo que no se ha encontrado vulnerable a la \u201cfragilidad ambiental\u201d e incluye refuerzos adicionales, seg\u00fan la agencia.<\/p>\n<p>Tesla reemplazar\u00e1 el panel sin costo alguno. Se espera que las cartas de notificaci\u00f3n a los propietarios sean enviadas el 19 de mayo de 2025.<\/p>\n<p>El retiro de 46.096 Cybertrucks cubre todos los modelos de los a\u00f1os 2024 y 2025, fabricados desde el 13 de noviembre de 2023 hasta el 27 de febrero de 2025. La orden de la NHTSA indica que Tesla se dio cuenta del problema a principios de este a\u00f1o.<\/p>\n<p>Videos publicados en redes sociales que muestran a personas arrancando los paneles de los Cybertrucks con las manos se han vuelto virales en los \u00faltimos d\u00edas.<\/p>\n<p>El Cybertruck, que Tesla comenz\u00f3 a entregar a los compradores a finales de 2023, ha sido retirado ocho veces en los \u00faltimos 15 meses por problemas de seguridad, incluyendo una vez en noviembre debido a que un fallo en un inversor el\u00e9ctrico puede causar que las ruedas motrices pierdan potencia. <\/p>\n<p>En abril pasado, los camiones de aspecto futurista fueron retirados para arreglar pedales de aceleraci\u00f3n que pueden quedar atascados en el revestimiento interior. Otros retiros estaban relacionados con limpiaparabrisas y la pantalla de visualizaci\u00f3n.<\/p>\n","protected":false},"excerpt":{"rendered":"<p>Reguladores consideran que una pieza se puede desprender, lo que pondr\u00eda en riesgo a otros conductores<\/p>\n","protected":false},"author":1,"featured_media":6349,"comment_status":"closed","ping_status":"closed","sticky":false,"template":"","format":"standard","meta":{"_crdt_document":"","_jetpack_memberships_contains_paid_content":false,"footnotes":"","jetpack_publicize_message":"","jetpack_publicize_feature_enabled":true,"jetpack_social_post_already_shared":true,"jetpack_social_options":{"image_generator_settings":{"template":"highway","default_image_id":0,"font":"","enabled":false},"version":2},"_wpas_customize_per_network":false},"categories":[9],"tags":[],"class_list":["post-6348","post","type-post","status-publish","format-standard","has-post-thumbnail","hentry","category-el-mundo"],"magazineBlocksPostFeaturedMedia":{"thumbnail":"https:\/\/pornuestrolaredo.com\/wp-content\/uploads\/2025\/03\/Stereo91-20250320-5-150x150.jpg","medium":"https:\/\/pornuestrolaredo.com\/wp-content\/uploads\/2025\/03\/Stereo91-20250320-5-300x164.jpg","medium_large":"https:\/\/pornuestrolaredo.com\/wp-content\/uploads\/2025\/03\/Stereo91-20250320-5-768x420.jpg","large":"https:\/\/pornuestrolaredo.com\/wp-content\/uploads\/2025\/03\/Stereo91-20250320-5.jpg","1536x1536":"https:\/\/pornuestrolaredo.com\/wp-content\/uploads\/2025\/03\/Stereo91-20250320-5.jpg","2048x2048":"https:\/\/pornuestrolaredo.com\/wp-content\/uploads\/2025\/03\/Stereo91-20250320-5.jpg","morenews-large":"https:\/\/pornuestrolaredo.com\/wp-content\/uploads\/2025\/03\/Stereo91-20250320-5.jpg","morenews-medium":"https:\/\/pornuestrolaredo.com\/wp-content\/uploads\/2025\/03\/Stereo91-20250320-5.jpg"},"magazineBlocksPostAuthor":{"name":"Redactor","avatar":"https:\/\/pornuestrolaredo.com\/wp-content\/litespeed\/avatar\/dca1d7ec750c399f025f23b0b314f4cf.jpg?ver=1777612120"},"magazineBlocksPostCommentsNumber":false,"magazineBlocksPostExcerpt":"Reguladores consideran que una pieza se puede desprender, lo que pondr\u00eda en riesgo a otros conductores","magazineBlocksPostCategories":["El Mundo"],"magazineBlocksPostViewCount":118,"magazineBlocksPostReadTime":2,"magazine_blocks_featured_image_url":{"full":["https:\/\/pornuestrolaredo.com\/wp-content\/uploads\/2025\/03\/Stereo91-20250320-5.jpg",980,536,false],"medium":["https:\/\/pornuestrolaredo.com\/wp-content\/uploads\/2025\/03\/Stereo91-20250320-5-300x164.jpg",300,164,true],"thumbnail":["https:\/\/pornuestrolaredo.com\/wp-content\/uploads\/2025\/03\/Stereo91-20250320-5-150x150.jpg",150,150,true]},"magazine_blocks_author":{"display_name":"Redactor","author_link":"https:\/\/pornuestrolaredo.com\/?author=1"},"magazine_blocks_comment":0,"magazine_blocks_author_image":"https:\/\/pornuestrolaredo.com\/wp-content\/litespeed\/avatar\/dca1d7ec750c399f025f23b0b314f4cf.jpg?ver=1777612120","magazine_blocks_category":"<a href=\"#\" class=\"category-link category-link-9\">El Mundo<\/a>","jetpack_publicize_connections":[],"featured_image_urls":{"full":["https:\/\/pornuestrolaredo.com\/wp-content\/uploads\/2025\/03\/Stereo91-20250320-5.jpg",980,536,false],"thumbnail":["https:\/\/pornuestrolaredo.com\/wp-content\/uploads\/2025\/03\/Stereo91-20250320-5-150x150.jpg",150,150,true],"medium":["https:\/\/pornuestrolaredo.com\/wp-content\/uploads\/2025\/03\/Stereo91-20250320-5-300x164.jpg",300,164,true],"medium_large":["https:\/\/pornuestrolaredo.com\/wp-content\/uploads\/2025\/03\/Stereo91-20250320-5-768x420.jpg",640,350,true],"large":["https:\/\/pornuestrolaredo.com\/wp-content\/uploads\/2025\/03\/Stereo91-20250320-5.jpg",640,350,false],"1536x1536":["https:\/\/pornuestrolaredo.com\/wp-content\/uploads\/2025\/03\/Stereo91-20250320-5.jpg",980,536,false],"2048x2048":["https:\/\/pornuestrolaredo.com\/wp-content\/uploads\/2025\/03\/Stereo91-20250320-5.jpg",980,536,false],"morenews-large":["https:\/\/pornuestrolaredo.com\/wp-content\/uploads\/2025\/03\/Stereo91-20250320-5.jpg",825,451,false],"morenews-medium":["https:\/\/pornuestrolaredo.com\/wp-content\/uploads\/2025\/03\/Stereo91-20250320-5.jpg",590,323,false]},"author_info":{"info":["Redactor"]},"category_info":"<a href=\"https:\/\/pornuestrolaredo.com\/?cat=9\" rel=\"category\">El Mundo<\/a>","tag_info":"El Mundo","comment_count":"0","jetpack_featured_media_url":"https:\/\/pornuestrolaredo.com\/wp-content\/uploads\/2025\/03\/Stereo91-20250320-5.jpg","jetpack_sharing_enabled":true,"_links":{"self":[{"href":"https:\/\/pornuestrolaredo.com\/index.php?rest_route=\/wp\/v2\/posts\/6348","targetHints":{"allow":["GET"]}}],"collection":[{"href":"https:\/\/pornuestrolaredo.com\/index.php?rest_route=\/wp\/v2\/posts"}],"about":[{"href":"https:\/\/pornuestrolaredo.com\/index.php?rest_route=\/wp\/v2\/types\/post"}],"author":[{"embeddable":true,"href":"https:\/\/pornuestrolaredo.com\/index.php?rest_route=\/wp\/v2\/users\/1"}],"replies":[{"embeddable":true,"href":"https:\/\/pornuestrolaredo.com\/index.php?rest_route=%2Fwp%2Fv2%2Fcomments&post=6348"}],"version-history":[{"count":1,"href":"https:\/\/pornuestrolaredo.com\/index.php?rest_route=\/wp\/v2\/posts\/6348\/revisions"}],"predecessor-version":[{"id":6350,"href":"https:\/\/pornuestrolaredo.com\/index.php?rest_route=\/wp\/v2\/posts\/6348\/revisions\/6350"}],"wp:featuredmedia":[{"embeddable":true,"href":"https:\/\/pornuestrolaredo.com\/index.php?rest_route=\/wp\/v2\/media\/6349"}],"wp:attachment":[{"href":"https:\/\/pornuestrolaredo.com\/index.php?rest_route=%2Fwp%2Fv2%2Fmedia&parent=6348"}],"wp:term":[{"taxonomy":"category","embeddable":true,"href":"https:\/\/pornuestrolaredo.com\/index.php?rest_route=%2Fwp%2Fv2%2Fcategories&post=6348"},{"taxonomy":"post_tag","embeddable":true,"href":"https:\/\/pornuestrolaredo.com\/index.php?rest_route=%2Fwp%2Fv2%2Ftags&post=6348"}],"curies":[{"name":"wp","href":"https:\/\/api.w.org\/{rel}","templated":true}]}}