{"id":6351,"date":"2025-03-20T22:12:54","date_gmt":"2025-03-21T03:12:54","guid":{"rendered":"https:\/\/pornuestrolaredo.com\/?p=6351"},"modified":"2025-03-20T22:13:52","modified_gmt":"2025-03-21T03:13:52","slug":"pueblo-italiano-se-llena-de-bichos","status":"publish","type":"post","link":"https:\/\/pornuestrolaredo.com\/?p=6351","title":{"rendered":"Pueblo italiano se llena \u00a1de bichos!"},"content":{"rendered":"<p><strong><em>ROMA.-<\/em> <\/strong>Los residentes del enclave costero de Orbetello, en Toscana, est\u00e1n solicitando la declaraci\u00f3n de un estado de emergencia para ayudar a combatir una invasi\u00f3n de mosquitos que mantiene a la gente en interiores y amenaza a los negocios que atienden a los turistas.<\/p>\n<p>Millones de estos peque\u00f1os insectos han invadido Orbetello, un peque\u00f1o trozo de tierra que se adentra en la laguna de Orbetello, una reserva natural frente a la costa de Toscana, entre el mar Tirreno y Monte Argentario.<\/p>\n<p>Los pescadores afirman que los enjambres comenzaron hace aproximadamente tres semanas y culpan a una mortandad masiva en 2024 de peces juveniles, conocidos como alevines, que son los principales depredadores de las larvas de mosquito. Invasiones similares han ocurrido en el pasado, y los pescadores dicen que las mortandades son el resultado de la disminuci\u00f3n general del ox\u00edgeno en el ecosistema de la laguna.<\/p>\n<p>El jueves, el ayuntamiento de Orbetello asign\u00f3 300 mil euros (327 mil d\u00f3lares) y prometi\u00f3 una serie de intervenciones de emergencia espec\u00edficas para combatir la invasi\u00f3n, tras una reuni\u00f3n con asociaciones comerciales clave.<\/p>\n<p>Se cre\u00f3 una comisi\u00f3n permanente y las medidas de emergencia buscan \u201cproteger a los ciudadanos y las actividades econ\u00f3micas en la zona\u201d, declar\u00f3 el alcalde Andrea Casamenti en un comunicado. Sin embargo, no se dieron detalles de inmediato.<\/p>\n<p>Los residentes locales quieren m\u00e1s, exigiendo que la regi\u00f3n de Toscana declare un estado de emergencia para liberar a\u00fan m\u00e1s fondos. Una petici\u00f3n en change.org titulada \u201cSalva la Laguna de Orbetello\u201d hab\u00eda registrado m\u00e1s de 19.000 firmas a \u00faltima hora del jueves.<\/p>\n<blockquote><p>No podemos dar un paseo al aire libre. No podemos abrir las ventanas. Estamos encerrados en casa\u201d como durante los primeros d\u00edas de la pandemia de covid-19, dec\u00eda la petici\u00f3n. Culpa a la gesti\u00f3n ineficaz de la laguna por la calamidad.<\/p><\/blockquote>\n<p>Pier Luigi Piro, presidente de la cooperativa de pescadores de Orbetello, indic\u00f3 que el ecosistema de la laguna necesita inversiones infraestructurales serias para limpiar los canales y favorecer el intercambio de agua entre la laguna y el Tirreno. Expres\u00f3 su esperanza de que el consorcio de la alcald\u00eda y los grupos comerciales que se han unido para abordar la crisis empiece a trabajar lo antes posible.<\/p>\n<blockquote><p>Todo lo que estamos haciendo, esperamos tener una temporada tur\u00edstica tranquila, de lo contrario, m\u00e1s all\u00e1 de los da\u00f1os, muchas actividades podr\u00edan cerrar\u201d, advirti\u00f3.<\/p>\n","protected":false},"excerpt":{"rendered":"<p>El enclave costero de Orbetello, en Toscana, demandan estado de emergencia para combatir invasi\u00f3n de mosquitos<\/p>\n","protected":false},"author":1,"featured_media":6352,"comment_status":"closed","ping_status":"closed","sticky":false,"template":"","format":"standard","meta":{"_crdt_document":"","_jetpack_memberships_contains_paid_content":false,"footnotes":"","jetpack_publicize_message":"","jetpack_publicize_feature_enabled":true,"jetpack_social_post_already_shared":true,"jetpack_social_options":{"image_generator_settings":{"template":"highway","default_image_id":0,"font":"","enabled":false},"version":2},"_wpas_customize_per_network":false},"categories":[9],"tags":[],"class_list":["post-6351","post","type-post","status-publish","format-standard","has-post-thumbnail","hentry","category-el-mundo"],"magazineBlocksPostFeaturedMedia":{"thumbnail":"https:\/\/pornuestrolaredo.com\/wp-content\/uploads\/2025\/03\/107FM-20250320-6-150x150.jpg","medium":"https:\/\/pornuestrolaredo.com\/wp-content\/uploads\/2025\/03\/107FM-20250320-6-300x300.jpg","medium_large":"https:\/\/pornuestrolaredo.com\/wp-content\/uploads\/2025\/03\/107FM-20250320-6-768x768.jpg","large":"https:\/\/pornuestrolaredo.com\/wp-content\/uploads\/2025\/03\/107FM-20250320-6-1000x1000.jpg","1536x1536":"https:\/\/pornuestrolaredo.com\/wp-content\/uploads\/2025\/03\/107FM-20250320-6.jpg","2048x2048":"https:\/\/pornuestrolaredo.com\/wp-content\/uploads\/2025\/03\/107FM-20250320-6.jpg","morenews-large":"https:\/\/pornuestrolaredo.com\/wp-content\/uploads\/2025\/03\/107FM-20250320-6.jpg","morenews-medium":"https:\/\/pornuestrolaredo.com\/wp-content\/uploads\/2025\/03\/107FM-20250320-6.jpg"},"magazineBlocksPostAuthor":{"name":"Redactor","avatar":"https:\/\/pornuestrolaredo.com\/wp-content\/litespeed\/avatar\/dca1d7ec750c399f025f23b0b314f4cf.jpg?ver=1777612120"},"magazineBlocksPostCommentsNumber":false,"magazineBlocksPostExcerpt":"El enclave costero de Orbetello, en Toscana, demandan estado de emergencia para combatir invasi\u00f3n de mosquitos","magazineBlocksPostCategories":["El Mundo"],"magazineBlocksPostViewCount":159,"magazineBlocksPostReadTime":3,"magazine_blocks_featured_image_url":{"full":["https:\/\/pornuestrolaredo.com\/wp-content\/uploads\/2025\/03\/107FM-20250320-6.jpg",1080,1080,false],"medium":["https:\/\/pornuestrolaredo.com\/wp-content\/uploads\/2025\/03\/107FM-20250320-6-300x300.jpg",300,300,true],"thumbnail":["https:\/\/pornuestrolaredo.com\/wp-content\/uploads\/2025\/03\/107FM-20250320-6-150x150.jpg",150,150,true]},"magazine_blocks_author":{"display_name":"Redactor","author_link":"https:\/\/pornuestrolaredo.com\/?author=1"},"magazine_blocks_comment":0,"magazine_blocks_author_image":"https:\/\/pornuestrolaredo.com\/wp-content\/litespeed\/avatar\/dca1d7ec750c399f025f23b0b314f4cf.jpg?ver=1777612120","magazine_blocks_category":"<a href=\"#\" class=\"category-link category-link-9\">El Mundo<\/a>","jetpack_publicize_connections":[],"featured_image_urls":{"full":["https:\/\/pornuestrolaredo.com\/wp-content\/uploads\/2025\/03\/107FM-20250320-6.jpg",1080,1080,false],"thumbnail":["https:\/\/pornuestrolaredo.com\/wp-content\/uploads\/2025\/03\/107FM-20250320-6-150x150.jpg",150,150,true],"medium":["https:\/\/pornuestrolaredo.com\/wp-content\/uploads\/2025\/03\/107FM-20250320-6-300x300.jpg",300,300,true],"medium_large":["https:\/\/pornuestrolaredo.com\/wp-content\/uploads\/2025\/03\/107FM-20250320-6-768x768.jpg",640,640,true],"large":["https:\/\/pornuestrolaredo.com\/wp-content\/uploads\/2025\/03\/107FM-20250320-6-1000x1000.jpg",640,640,true],"1536x1536":["https:\/\/pornuestrolaredo.com\/wp-content\/uploads\/2025\/03\/107FM-20250320-6.jpg",1080,1080,false],"2048x2048":["https:\/\/pornuestrolaredo.com\/wp-content\/uploads\/2025\/03\/107FM-20250320-6.jpg",1080,1080,false],"morenews-large":["https:\/\/pornuestrolaredo.com\/wp-content\/uploads\/2025\/03\/107FM-20250320-6.jpg",575,575,false],"morenews-medium":["https:\/\/pornuestrolaredo.com\/wp-content\/uploads\/2025\/03\/107FM-20250320-6.jpg",410,410,false]},"author_info":{"info":["Redactor"]},"category_info":"<a href=\"https:\/\/pornuestrolaredo.com\/?cat=9\" rel=\"category\">El Mundo<\/a>","tag_info":"El Mundo","comment_count":"0","jetpack_featured_media_url":"https:\/\/pornuestrolaredo.com\/wp-content\/uploads\/2025\/03\/107FM-20250320-6.jpg","jetpack_sharing_enabled":true,"_links":{"self":[{"href":"https:\/\/pornuestrolaredo.com\/index.php?rest_route=\/wp\/v2\/posts\/6351","targetHints":{"allow":["GET"]}}],"collection":[{"href":"https:\/\/pornuestrolaredo.com\/index.php?rest_route=\/wp\/v2\/posts"}],"about":[{"href":"https:\/\/pornuestrolaredo.com\/index.php?rest_route=\/wp\/v2\/types\/post"}],"author":[{"embeddable":true,"href":"https:\/\/pornuestrolaredo.com\/index.php?rest_route=\/wp\/v2\/users\/1"}],"replies":[{"embeddable":true,"href":"https:\/\/pornuestrolaredo.com\/index.php?rest_route=%2Fwp%2Fv2%2Fcomments&post=6351"}],"version-history":[{"count":1,"href":"https:\/\/pornuestrolaredo.com\/index.php?rest_route=\/wp\/v2\/posts\/6351\/revisions"}],"predecessor-version":[{"id":6353,"href":"https:\/\/pornuestrolaredo.com\/index.php?rest_route=\/wp\/v2\/posts\/6351\/revisions\/6353"}],"wp:featuredmedia":[{"embeddable":true,"href":"https:\/\/pornuestrolaredo.com\/index.php?rest_route=\/wp\/v2\/media\/6352"}],"wp:attachment":[{"href":"https:\/\/pornuestrolaredo.com\/index.php?rest_route=%2Fwp%2Fv2%2Fmedia&parent=6351"}],"wp:term":[{"taxonomy":"category","embeddable":true,"href":"https:\/\/pornuestrolaredo.com\/index.php?rest_route=%2Fwp%2Fv2%2Fcategories&post=6351"},{"taxonomy":"post_tag","embeddable":true,"href":"https:\/\/pornuestrolaredo.com\/index.php?rest_route=%2Fwp%2Fv2%2Ftags&post=6351"}],"curies":[{"name":"wp","href":"https:\/\/api.w.org\/{rel}","templated":true}]}}