{"id":6357,"date":"2025-03-22T18:47:00","date_gmt":"2025-03-22T23:47:00","guid":{"rendered":"https:\/\/pornuestrolaredo.com\/?p=6357"},"modified":"2025-03-22T18:47:00","modified_gmt":"2025-03-22T23:47:00","slug":"aterriza-avioneta-de-emergencia-en-carretera","status":"publish","type":"post","link":"https:\/\/pornuestrolaredo.com\/?p=6357","title":{"rendered":"Aterriza avioneta de emergencia en carretera"},"content":{"rendered":"<p><strong><em>PACHUCA.-<\/em><\/strong> Una avioneta hizo un aterrizaje de emergencia sobre la carretera que va de Real del Monte a Huasca, cuya inauguraci\u00f3n est\u00e1 prevista para ma\u00f1ana en un evento presidido por la presidenta Claudia Sheinbaum Pardo.<\/p>\n<p>La maniobra no dej\u00f3 lesiones en los tripulantes, pero se reportan da\u00f1os materiales y afectaciones a la circulaci\u00f3n vehicular de la zona.<\/p>\n<blockquote><p>El piloto report\u00f3 que el incidente se debi\u00f3 a un paro de motor, lo que oblig\u00f3 a la maniobra de descenso&#8221;, inform\u00f3 la Subsecretar\u00eda de Protecci\u00f3n Civil y Gesti\u00f3n de Riesgos local a trav\u00e9s de un comunicado.<\/p><\/blockquote>\n<p>El veh\u00edculo tipo Cessna con matricula NZ10YP present\u00f3 fallas en el motor a la altura de Huasca, alrededor de las 9:00 horas de este s\u00e1bado, detallaron las autoridades.<br \/>\nEl accidente fue atendido por personal de la Guardia Nacional, Polic\u00eda Estatal y bomberos locales.<\/p>\n","protected":false},"excerpt":{"rendered":"<p>El aparato usa una una v\u00eda, cuya inauguraci\u00f3n est\u00e1 prevista para ma\u00f1ana en un evento presidido por la presidenta Claudia Sheinbaum Pardo<\/p>\n","protected":false},"author":1,"featured_media":6358,"comment_status":"closed","ping_status":"closed","sticky":false,"template":"","format":"standard","meta":{"_crdt_document":"","_jetpack_memberships_contains_paid_content":false,"footnotes":"","jetpack_publicize_message":"","jetpack_publicize_feature_enabled":true,"jetpack_social_post_already_shared":true,"jetpack_social_options":{"image_generator_settings":{"template":"highway","default_image_id":0,"font":"","enabled":false},"version":2},"_wpas_customize_per_network":false},"categories":[33],"tags":[],"class_list":["post-6357","post","type-post","status-publish","format-standard","has-post-thumbnail","hentry","category-mexico"],"magazineBlocksPostFeaturedMedia":{"thumbnail":"https:\/\/pornuestrolaredo.com\/wp-content\/uploads\/2025\/03\/Stereo91-20250322-3-150x150.jpg","medium":"https:\/\/pornuestrolaredo.com\/wp-content\/uploads\/2025\/03\/Stereo91-20250322-3-300x200.jpg","medium_large":"https:\/\/pornuestrolaredo.com\/wp-content\/uploads\/2025\/03\/Stereo91-20250322-3-768x512.jpg","large":"https:\/\/pornuestrolaredo.com\/wp-content\/uploads\/2025\/03\/Stereo91-20250322-3.jpg","1536x1536":"https:\/\/pornuestrolaredo.com\/wp-content\/uploads\/2025\/03\/Stereo91-20250322-3.jpg","2048x2048":"https:\/\/pornuestrolaredo.com\/wp-content\/uploads\/2025\/03\/Stereo91-20250322-3.jpg","morenews-large":"https:\/\/pornuestrolaredo.com\/wp-content\/uploads\/2025\/03\/Stereo91-20250322-3.jpg","morenews-medium":"https:\/\/pornuestrolaredo.com\/wp-content\/uploads\/2025\/03\/Stereo91-20250322-3.jpg"},"magazineBlocksPostAuthor":{"name":"Redactor","avatar":"https:\/\/pornuestrolaredo.com\/wp-content\/litespeed\/avatar\/dca1d7ec750c399f025f23b0b314f4cf.jpg?ver=1777612120"},"magazineBlocksPostCommentsNumber":false,"magazineBlocksPostExcerpt":"El aparato usa una una v\u00eda, cuya inauguraci\u00f3n est\u00e1 prevista para ma\u00f1ana en un evento presidido por la presidenta Claudia Sheinbaum Pardo","magazineBlocksPostCategories":["Mexico"],"magazineBlocksPostViewCount":141,"magazineBlocksPostReadTime":1,"magazine_blocks_featured_image_url":{"full":["https:\/\/pornuestrolaredo.com\/wp-content\/uploads\/2025\/03\/Stereo91-20250322-3.jpg",960,640,false],"medium":["https:\/\/pornuestrolaredo.com\/wp-content\/uploads\/2025\/03\/Stereo91-20250322-3-300x200.jpg",300,200,true],"thumbnail":["https:\/\/pornuestrolaredo.com\/wp-content\/uploads\/2025\/03\/Stereo91-20250322-3-150x150.jpg",150,150,true]},"magazine_blocks_author":{"display_name":"Redactor","author_link":"https:\/\/pornuestrolaredo.com\/?author=1"},"magazine_blocks_comment":0,"magazine_blocks_author_image":"https:\/\/pornuestrolaredo.com\/wp-content\/litespeed\/avatar\/dca1d7ec750c399f025f23b0b314f4cf.jpg?ver=1777612120","magazine_blocks_category":"<a href=\"#\" class=\"category-link category-link-33\">Mexico<\/a>","jetpack_publicize_connections":[],"featured_image_urls":{"full":["https:\/\/pornuestrolaredo.com\/wp-content\/uploads\/2025\/03\/Stereo91-20250322-3.jpg",960,640,false],"thumbnail":["https:\/\/pornuestrolaredo.com\/wp-content\/uploads\/2025\/03\/Stereo91-20250322-3-150x150.jpg",150,150,true],"medium":["https:\/\/pornuestrolaredo.com\/wp-content\/uploads\/2025\/03\/Stereo91-20250322-3-300x200.jpg",300,200,true],"medium_large":["https:\/\/pornuestrolaredo.com\/wp-content\/uploads\/2025\/03\/Stereo91-20250322-3-768x512.jpg",640,427,true],"large":["https:\/\/pornuestrolaredo.com\/wp-content\/uploads\/2025\/03\/Stereo91-20250322-3.jpg",640,427,false],"1536x1536":["https:\/\/pornuestrolaredo.com\/wp-content\/uploads\/2025\/03\/Stereo91-20250322-3.jpg",960,640,false],"2048x2048":["https:\/\/pornuestrolaredo.com\/wp-content\/uploads\/2025\/03\/Stereo91-20250322-3.jpg",960,640,false],"morenews-large":["https:\/\/pornuestrolaredo.com\/wp-content\/uploads\/2025\/03\/Stereo91-20250322-3.jpg",825,550,false],"morenews-medium":["https:\/\/pornuestrolaredo.com\/wp-content\/uploads\/2025\/03\/Stereo91-20250322-3.jpg",590,393,false]},"author_info":{"info":["Redactor"]},"category_info":"<a href=\"https:\/\/pornuestrolaredo.com\/?cat=33\" rel=\"category\">Mexico<\/a>","tag_info":"Mexico","comment_count":"0","jetpack_featured_media_url":"https:\/\/pornuestrolaredo.com\/wp-content\/uploads\/2025\/03\/Stereo91-20250322-3.jpg","jetpack_sharing_enabled":true,"_links":{"self":[{"href":"https:\/\/pornuestrolaredo.com\/index.php?rest_route=\/wp\/v2\/posts\/6357","targetHints":{"allow":["GET"]}}],"collection":[{"href":"https:\/\/pornuestrolaredo.com\/index.php?rest_route=\/wp\/v2\/posts"}],"about":[{"href":"https:\/\/pornuestrolaredo.com\/index.php?rest_route=\/wp\/v2\/types\/post"}],"author":[{"embeddable":true,"href":"https:\/\/pornuestrolaredo.com\/index.php?rest_route=\/wp\/v2\/users\/1"}],"replies":[{"embeddable":true,"href":"https:\/\/pornuestrolaredo.com\/index.php?rest_route=%2Fwp%2Fv2%2Fcomments&post=6357"}],"version-history":[{"count":1,"href":"https:\/\/pornuestrolaredo.com\/index.php?rest_route=\/wp\/v2\/posts\/6357\/revisions"}],"predecessor-version":[{"id":6359,"href":"https:\/\/pornuestrolaredo.com\/index.php?rest_route=\/wp\/v2\/posts\/6357\/revisions\/6359"}],"wp:featuredmedia":[{"embeddable":true,"href":"https:\/\/pornuestrolaredo.com\/index.php?rest_route=\/wp\/v2\/media\/6358"}],"wp:attachment":[{"href":"https:\/\/pornuestrolaredo.com\/index.php?rest_route=%2Fwp%2Fv2%2Fmedia&parent=6357"}],"wp:term":[{"taxonomy":"category","embeddable":true,"href":"https:\/\/pornuestrolaredo.com\/index.php?rest_route=%2Fwp%2Fv2%2Fcategories&post=6357"},{"taxonomy":"post_tag","embeddable":true,"href":"https:\/\/pornuestrolaredo.com\/index.php?rest_route=%2Fwp%2Fv2%2Ftags&post=6357"}],"curies":[{"name":"wp","href":"https:\/\/api.w.org\/{rel}","templated":true}]}}