{"id":6366,"date":"2025-03-23T16:14:45","date_gmt":"2025-03-23T21:14:45","guid":{"rendered":"https:\/\/pornuestrolaredo.com\/?p=6366"},"modified":"2025-03-23T16:14:45","modified_gmt":"2025-03-23T21:14:45","slug":"renovaran-alumbrado-del-bulevar-colosio","status":"publish","type":"post","link":"https:\/\/pornuestrolaredo.com\/?p=6366","title":{"rendered":"Renovar\u00e1n alumbrado del Bulevar Colosio"},"content":{"rendered":"<p><strong>NUEVO LAREDO.- <\/strong> El Gobierno Municipal de Nuevo Laredo, a trav\u00e9s de la Secretar\u00eda de Servicios P\u00fablicos Primarios, contin\u00faa con la modernizaci\u00f3n del alumbrado p\u00fablico mediante el programa \u201cNuevo Laredo se prende\u201d, con el objetivo de mejorar la iluminaci\u00f3n y seguridad en la ciudad.<\/p>\n<p>Como parte de esta iniciativa, la presidenta municipal, Carmen Lilia Canturosas, dio a conocer que se llevar\u00e1 a cabo la renovaci\u00f3n de 750 luminarias, iniciando con 320 sobre el Bulevar Colosio, para posteriormente, continuar en la Carretera Aeropuerto.<\/p>\n<blockquote><p>En Nuevo Laredo estamos transformando la infraestructura urbana para garantizar mayor seguridad en las v\u00edas de mayor tr\u00e1fico, tanto para los veh\u00edculos particulares como para el transporte de carga; con el programa \u2018Nuevo Laredo se prende\u2019, renovamos el alumbrado p\u00fablico para ofrecer calles mejor iluminadas, lo que contribuye a la prevenci\u00f3n de accidentes\u201d, se\u00f1al\u00f3.<\/p><\/blockquote>\n<p>Destac\u00f3 la importancia de este proyecto, se\u00f1alando que las luminarias actuales fueron instaladas entre 2014 y 2015, por lo que han alcanzado el final de su vida \u00fatil y han reducido su eficiencia lum\u00ednica.<\/p>\n<blockquote><p>Estamos trabajando en el cambio total de las luminarias del Bulevar Colosio, ya que su capacidad lum\u00ednica ha disminuido con los a\u00f1os; a trav\u00e9s del programa \u2018Nuevo Laredo se prende\u2019, se realizar\u00e1 la instalaci\u00f3n de nuevas luminarias para mejorar la visibilidad y seguridad en la ciudad\u201d, afirm\u00f3.<\/p><\/blockquote>\n<p>Los trabajos de modernizaci\u00f3n del alumbrado p\u00fablico ser\u00e1n desde el Puente Internacional No. 2, por todo el bulevar Colosio, para despu\u00e9s pasar a la carretera al Aeropuerto hasta llegar a la colonia Lomas del R\u00edo. <\/p>\n<p>Actualmente, en Nuevo Laredo existen cerca de 45 mil luminarias, de las cuales m\u00e1s de 32 mil han sido rehabilitadas durante la pasada administraci\u00f3n y la actual, cumpliendo con el compromiso de la presidenta municipal Carmen Lilia Canturosas Villarreal de que toda la ciudad cuente con iluminaci\u00f3n LED eficiente y de calidad.<\/p>\n","protected":false},"excerpt":{"rendered":"<p>Se instalar\u00e1n 320 modernas luminarias y posteriormente lo har\u00e1n sobre la Carretera Aeropuerto<\/p>\n","protected":false},"author":1,"featured_media":6368,"comment_status":"closed","ping_status":"closed","sticky":false,"template":"","format":"standard","meta":{"_crdt_document":"","_jetpack_memberships_contains_paid_content":false,"footnotes":"","jetpack_publicize_message":"","jetpack_publicize_feature_enabled":true,"jetpack_social_post_already_shared":true,"jetpack_social_options":{"image_generator_settings":{"template":"highway","default_image_id":0,"font":"","enabled":false},"version":2},"_wpas_customize_per_network":false},"categories":[4],"tags":[],"class_list":["post-6366","post","type-post","status-publish","format-standard","has-post-thumbnail","hentry","category-los-dos-laredos"],"magazineBlocksPostFeaturedMedia":{"thumbnail":"https:\/\/pornuestrolaredo.com\/wp-content\/uploads\/2025\/03\/PNL-20250323-2-2-150x150.jpg","medium":"https:\/\/pornuestrolaredo.com\/wp-content\/uploads\/2025\/03\/PNL-20250323-2-2-300x200.jpg","medium_large":"https:\/\/pornuestrolaredo.com\/wp-content\/uploads\/2025\/03\/PNL-20250323-2-2-768x512.jpg","large":"https:\/\/pornuestrolaredo.com\/wp-content\/uploads\/2025\/03\/PNL-20250323-2-2-1000x667.jpg","1536x1536":"https:\/\/pornuestrolaredo.com\/wp-content\/uploads\/2025\/03\/PNL-20250323-2-2.jpg","2048x2048":"https:\/\/pornuestrolaredo.com\/wp-content\/uploads\/2025\/03\/PNL-20250323-2-2.jpg","morenews-large":"https:\/\/pornuestrolaredo.com\/wp-content\/uploads\/2025\/03\/PNL-20250323-2-2.jpg","morenews-medium":"https:\/\/pornuestrolaredo.com\/wp-content\/uploads\/2025\/03\/PNL-20250323-2-2.jpg"},"magazineBlocksPostAuthor":{"name":"Redactor","avatar":"https:\/\/pornuestrolaredo.com\/wp-content\/litespeed\/avatar\/dca1d7ec750c399f025f23b0b314f4cf.jpg?ver=1777612120"},"magazineBlocksPostCommentsNumber":false,"magazineBlocksPostExcerpt":"Se instalar\u00e1n 320 modernas luminarias y posteriormente lo har\u00e1n sobre la Carretera Aeropuerto","magazineBlocksPostCategories":["Los dos Laredos"],"magazineBlocksPostViewCount":124,"magazineBlocksPostReadTime":2,"magazine_blocks_featured_image_url":{"full":["https:\/\/pornuestrolaredo.com\/wp-content\/uploads\/2025\/03\/PNL-20250323-2-2.jpg",1280,854,false],"medium":["https:\/\/pornuestrolaredo.com\/wp-content\/uploads\/2025\/03\/PNL-20250323-2-2-300x200.jpg",300,200,true],"thumbnail":["https:\/\/pornuestrolaredo.com\/wp-content\/uploads\/2025\/03\/PNL-20250323-2-2-150x150.jpg",150,150,true]},"magazine_blocks_author":{"display_name":"Redactor","author_link":"https:\/\/pornuestrolaredo.com\/?author=1"},"magazine_blocks_comment":0,"magazine_blocks_author_image":"https:\/\/pornuestrolaredo.com\/wp-content\/litespeed\/avatar\/dca1d7ec750c399f025f23b0b314f4cf.jpg?ver=1777612120","magazine_blocks_category":"<a href=\"#\" class=\"category-link category-link-4\">Los dos Laredos<\/a>","jetpack_publicize_connections":[],"featured_image_urls":{"full":["https:\/\/pornuestrolaredo.com\/wp-content\/uploads\/2025\/03\/PNL-20250323-2-2.jpg",1280,854,false],"thumbnail":["https:\/\/pornuestrolaredo.com\/wp-content\/uploads\/2025\/03\/PNL-20250323-2-2-150x150.jpg",150,150,true],"medium":["https:\/\/pornuestrolaredo.com\/wp-content\/uploads\/2025\/03\/PNL-20250323-2-2-300x200.jpg",300,200,true],"medium_large":["https:\/\/pornuestrolaredo.com\/wp-content\/uploads\/2025\/03\/PNL-20250323-2-2-768x512.jpg",640,427,true],"large":["https:\/\/pornuestrolaredo.com\/wp-content\/uploads\/2025\/03\/PNL-20250323-2-2-1000x667.jpg",640,427,true],"1536x1536":["https:\/\/pornuestrolaredo.com\/wp-content\/uploads\/2025\/03\/PNL-20250323-2-2.jpg",1280,854,false],"2048x2048":["https:\/\/pornuestrolaredo.com\/wp-content\/uploads\/2025\/03\/PNL-20250323-2-2.jpg",1280,854,false],"morenews-large":["https:\/\/pornuestrolaredo.com\/wp-content\/uploads\/2025\/03\/PNL-20250323-2-2.jpg",825,550,false],"morenews-medium":["https:\/\/pornuestrolaredo.com\/wp-content\/uploads\/2025\/03\/PNL-20250323-2-2.jpg",590,394,false]},"author_info":{"info":["Redactor"]},"category_info":"<a href=\"https:\/\/pornuestrolaredo.com\/?cat=4\" rel=\"category\">Los dos Laredos<\/a>","tag_info":"Los dos Laredos","comment_count":"0","jetpack_featured_media_url":"https:\/\/pornuestrolaredo.com\/wp-content\/uploads\/2025\/03\/PNL-20250323-2-2.jpg","jetpack_sharing_enabled":true,"_links":{"self":[{"href":"https:\/\/pornuestrolaredo.com\/index.php?rest_route=\/wp\/v2\/posts\/6366","targetHints":{"allow":["GET"]}}],"collection":[{"href":"https:\/\/pornuestrolaredo.com\/index.php?rest_route=\/wp\/v2\/posts"}],"about":[{"href":"https:\/\/pornuestrolaredo.com\/index.php?rest_route=\/wp\/v2\/types\/post"}],"author":[{"embeddable":true,"href":"https:\/\/pornuestrolaredo.com\/index.php?rest_route=\/wp\/v2\/users\/1"}],"replies":[{"embeddable":true,"href":"https:\/\/pornuestrolaredo.com\/index.php?rest_route=%2Fwp%2Fv2%2Fcomments&post=6366"}],"version-history":[{"count":2,"href":"https:\/\/pornuestrolaredo.com\/index.php?rest_route=\/wp\/v2\/posts\/6366\/revisions"}],"predecessor-version":[{"id":6370,"href":"https:\/\/pornuestrolaredo.com\/index.php?rest_route=\/wp\/v2\/posts\/6366\/revisions\/6370"}],"wp:featuredmedia":[{"embeddable":true,"href":"https:\/\/pornuestrolaredo.com\/index.php?rest_route=\/wp\/v2\/media\/6368"}],"wp:attachment":[{"href":"https:\/\/pornuestrolaredo.com\/index.php?rest_route=%2Fwp%2Fv2%2Fmedia&parent=6366"}],"wp:term":[{"taxonomy":"category","embeddable":true,"href":"https:\/\/pornuestrolaredo.com\/index.php?rest_route=%2Fwp%2Fv2%2Fcategories&post=6366"},{"taxonomy":"post_tag","embeddable":true,"href":"https:\/\/pornuestrolaredo.com\/index.php?rest_route=%2Fwp%2Fv2%2Ftags&post=6366"}],"curies":[{"name":"wp","href":"https:\/\/api.w.org\/{rel}","templated":true}]}}