{"id":6378,"date":"2025-03-25T15:40:14","date_gmt":"2025-03-25T20:40:14","guid":{"rendered":"https:\/\/pornuestrolaredo.com\/?p=6378"},"modified":"2025-03-25T15:40:14","modified_gmt":"2025-03-25T20:40:14","slug":"alta-humedad-genera-el-apagon-en-el-sureste","status":"publish","type":"post","link":"https:\/\/pornuestrolaredo.com\/?p=6378","title":{"rendered":"Alta humedad genera el apag\u00f3n en el sureste"},"content":{"rendered":"<p><strong>CIUDAD DE M\u00c9XICO.-<\/strong> La Comisi\u00f3n Federal de Electricidad inform\u00f3 que las fallas el\u00e9ctricas registradas se derivaron a una mala calidad del gas natural suministrado a la regi\u00f3n.<\/p>\n<p>Espec\u00edficamente, se trat\u00f3 de un alto \u00edndice de humedad en el gasoducto Mayak\u00e1n, el cual permite el suministro de la mol\u00e9cula a la Pen\u00ednsula y a las centrales de generaci\u00f3n.<\/p>\n<p>La falla se origin\u00f3 en la central de cogeneraci\u00f3n de Nuevo Pemex, ubicada en Villahermosa, Tabasco, lo que limit\u00f3 la generaci\u00f3n de energ\u00eda con gas.<\/p>\n<p>De manera remedial, la CFE implement\u00f3 el cambio de combustibles para el suministro de las centrales.<\/p>\n<blockquote><p>Para mitigar las afectaciones durante este periodo de suministro irregular, la Subdirecci\u00f3n de Generaci\u00f3n, en coordinaci\u00f3n con la filial CFEnerg\u00eda y el Centro Nacional de Control de Energ\u00eda (CENACE) tomaron la decisi\u00f3n de realizar cortes programados al suministro el\u00e9ctrico por periodos de tiempo (cortes rotativos) para afectar lo menos posible a los usuarios.<\/p><\/blockquote>\n<blockquote><p>A causa de esta situaci\u00f3n se afectaron usuarios en los estados de Campeche, Quintana Roo, Tabasco y Yucat\u00e1n. Del total de usuarios afectados, al momento ya cuentan con servicio el 47 por ciento&#8221; inform\u00f3 la dependencia en una tarjeta informativa.<\/p><\/blockquote>\n<p>El apag\u00f3n masivo tuvo lugar en diversas regiones de Tabasco, Campeche, Yucat\u00e1n y Quintana Roo.<\/p>\n<p>De acuerdo con medios locales, los municipios afectados en Quintana Roo fueron Canc\u00fan, Bacalar, Tulum, Playa del Carmen, Puerto Morelos, Isla Mujeres y Cozumel. Seg\u00fan medios locales, las afectaciones iniciaron desde las 5:00 de la tarde.<\/p>\n<p>En Tabasco, se presentaron cortes en zonas de Centla, Cunduac\u00e1n, Centro, Huimanguillo y C\u00e1rdenas.<\/p>\n","protected":false},"excerpt":{"rendered":"<p>CIUDAD DE M\u00c9XICO.- La Comisi\u00f3n Federal de Electricidad inform\u00f3 que las fallas el\u00e9ctricas registradas se derivaron a una<\/p>\n","protected":false},"author":1,"featured_media":6379,"comment_status":"closed","ping_status":"closed","sticky":false,"template":"","format":"standard","meta":{"_crdt_document":"","_jetpack_memberships_contains_paid_content":false,"footnotes":"","jetpack_publicize_message":"","jetpack_publicize_feature_enabled":true,"jetpack_social_post_already_shared":true,"jetpack_social_options":{"image_generator_settings":{"template":"highway","default_image_id":0,"font":"","enabled":false},"version":2},"_wpas_customize_per_network":false},"categories":[33],"tags":[],"class_list":["post-6378","post","type-post","status-publish","format-standard","has-post-thumbnail","hentry","category-mexico"],"magazineBlocksPostFeaturedMedia":{"thumbnail":"https:\/\/pornuestrolaredo.com\/wp-content\/uploads\/2025\/03\/Stereo91-20250325-1-150x150.jpg","medium":"https:\/\/pornuestrolaredo.com\/wp-content\/uploads\/2025\/03\/Stereo91-20250325-1-300x175.jpg","medium_large":"https:\/\/pornuestrolaredo.com\/wp-content\/uploads\/2025\/03\/Stereo91-20250325-1-768x448.jpg","large":"https:\/\/pornuestrolaredo.com\/wp-content\/uploads\/2025\/03\/Stereo91-20250325-1.jpg","1536x1536":"https:\/\/pornuestrolaredo.com\/wp-content\/uploads\/2025\/03\/Stereo91-20250325-1.jpg","2048x2048":"https:\/\/pornuestrolaredo.com\/wp-content\/uploads\/2025\/03\/Stereo91-20250325-1.jpg","morenews-large":"https:\/\/pornuestrolaredo.com\/wp-content\/uploads\/2025\/03\/Stereo91-20250325-1.jpg","morenews-medium":"https:\/\/pornuestrolaredo.com\/wp-content\/uploads\/2025\/03\/Stereo91-20250325-1.jpg"},"magazineBlocksPostAuthor":{"name":"Redactor","avatar":"https:\/\/pornuestrolaredo.com\/wp-content\/litespeed\/avatar\/dca1d7ec750c399f025f23b0b314f4cf.jpg?ver=1777612120"},"magazineBlocksPostCommentsNumber":false,"magazineBlocksPostExcerpt":"CIUDAD DE M\u00c9XICO.- La Comisi\u00f3n Federal de Electricidad inform\u00f3 que las fallas el\u00e9ctricas registradas se derivaron a una","magazineBlocksPostCategories":["Mexico"],"magazineBlocksPostViewCount":141,"magazineBlocksPostReadTime":2,"magazine_blocks_featured_image_url":{"full":["https:\/\/pornuestrolaredo.com\/wp-content\/uploads\/2025\/03\/Stereo91-20250325-1.jpg",960,560,false],"medium":["https:\/\/pornuestrolaredo.com\/wp-content\/uploads\/2025\/03\/Stereo91-20250325-1-300x175.jpg",300,175,true],"thumbnail":["https:\/\/pornuestrolaredo.com\/wp-content\/uploads\/2025\/03\/Stereo91-20250325-1-150x150.jpg",150,150,true]},"magazine_blocks_author":{"display_name":"Redactor","author_link":"https:\/\/pornuestrolaredo.com\/?author=1"},"magazine_blocks_comment":0,"magazine_blocks_author_image":"https:\/\/pornuestrolaredo.com\/wp-content\/litespeed\/avatar\/dca1d7ec750c399f025f23b0b314f4cf.jpg?ver=1777612120","magazine_blocks_category":"<a href=\"#\" class=\"category-link category-link-33\">Mexico<\/a>","jetpack_publicize_connections":[],"featured_image_urls":{"full":["https:\/\/pornuestrolaredo.com\/wp-content\/uploads\/2025\/03\/Stereo91-20250325-1.jpg",960,560,false],"thumbnail":["https:\/\/pornuestrolaredo.com\/wp-content\/uploads\/2025\/03\/Stereo91-20250325-1-150x150.jpg",150,150,true],"medium":["https:\/\/pornuestrolaredo.com\/wp-content\/uploads\/2025\/03\/Stereo91-20250325-1-300x175.jpg",300,175,true],"medium_large":["https:\/\/pornuestrolaredo.com\/wp-content\/uploads\/2025\/03\/Stereo91-20250325-1-768x448.jpg",640,373,true],"large":["https:\/\/pornuestrolaredo.com\/wp-content\/uploads\/2025\/03\/Stereo91-20250325-1.jpg",640,373,false],"1536x1536":["https:\/\/pornuestrolaredo.com\/wp-content\/uploads\/2025\/03\/Stereo91-20250325-1.jpg",960,560,false],"2048x2048":["https:\/\/pornuestrolaredo.com\/wp-content\/uploads\/2025\/03\/Stereo91-20250325-1.jpg",960,560,false],"morenews-large":["https:\/\/pornuestrolaredo.com\/wp-content\/uploads\/2025\/03\/Stereo91-20250325-1.jpg",825,481,false],"morenews-medium":["https:\/\/pornuestrolaredo.com\/wp-content\/uploads\/2025\/03\/Stereo91-20250325-1.jpg",590,344,false]},"author_info":{"info":["Redactor"]},"category_info":"<a href=\"https:\/\/pornuestrolaredo.com\/?cat=33\" rel=\"category\">Mexico<\/a>","tag_info":"Mexico","comment_count":"0","jetpack_featured_media_url":"https:\/\/pornuestrolaredo.com\/wp-content\/uploads\/2025\/03\/Stereo91-20250325-1.jpg","jetpack_sharing_enabled":true,"_links":{"self":[{"href":"https:\/\/pornuestrolaredo.com\/index.php?rest_route=\/wp\/v2\/posts\/6378","targetHints":{"allow":["GET"]}}],"collection":[{"href":"https:\/\/pornuestrolaredo.com\/index.php?rest_route=\/wp\/v2\/posts"}],"about":[{"href":"https:\/\/pornuestrolaredo.com\/index.php?rest_route=\/wp\/v2\/types\/post"}],"author":[{"embeddable":true,"href":"https:\/\/pornuestrolaredo.com\/index.php?rest_route=\/wp\/v2\/users\/1"}],"replies":[{"embeddable":true,"href":"https:\/\/pornuestrolaredo.com\/index.php?rest_route=%2Fwp%2Fv2%2Fcomments&post=6378"}],"version-history":[{"count":1,"href":"https:\/\/pornuestrolaredo.com\/index.php?rest_route=\/wp\/v2\/posts\/6378\/revisions"}],"predecessor-version":[{"id":6380,"href":"https:\/\/pornuestrolaredo.com\/index.php?rest_route=\/wp\/v2\/posts\/6378\/revisions\/6380"}],"wp:featuredmedia":[{"embeddable":true,"href":"https:\/\/pornuestrolaredo.com\/index.php?rest_route=\/wp\/v2\/media\/6379"}],"wp:attachment":[{"href":"https:\/\/pornuestrolaredo.com\/index.php?rest_route=%2Fwp%2Fv2%2Fmedia&parent=6378"}],"wp:term":[{"taxonomy":"category","embeddable":true,"href":"https:\/\/pornuestrolaredo.com\/index.php?rest_route=%2Fwp%2Fv2%2Fcategories&post=6378"},{"taxonomy":"post_tag","embeddable":true,"href":"https:\/\/pornuestrolaredo.com\/index.php?rest_route=%2Fwp%2Fv2%2Ftags&post=6378"}],"curies":[{"name":"wp","href":"https:\/\/api.w.org\/{rel}","templated":true}]}}