{"id":6389,"date":"2025-03-26T22:45:54","date_gmt":"2025-03-27T03:45:54","guid":{"rendered":"https:\/\/pornuestrolaredo.com\/?p=6389"},"modified":"2025-03-26T22:45:54","modified_gmt":"2025-03-27T03:45:54","slug":"socavon-se-traga-a-un-motociclista","status":"publish","type":"post","link":"https:\/\/pornuestrolaredo.com\/?p=6389","title":{"rendered":"Socav\u00f3n se traga a un motociclista"},"content":{"rendered":"<p><strong>SE\u00daL, Corea del Sur.<\/strong>&#8211; Un motociclista que cay\u00f3 en un enorme socav\u00f3n que se abri\u00f3 en una calle de Se\u00fal fue encontrado muerto despu\u00e9s de aproximadamente 17 horas, dijeron el mi\u00e9rcoles funcionarios de la capital surcoreana.<\/p>\n<p>El socav\u00f3n, de aproximadamente 20 metros de ancho y 20 metros de profundidad, apareci\u00f3 en una intersecci\u00f3n en el vecindario de Myeongil-dong, en el este de Se\u00fal, el lunes por la tarde, trag\u00e1ndose al motociclista e hiriendo a una mujer cuyo veh\u00edculo pasaba por el lugar, seg\u00fan las oficinas de seguridad y emergencia.<\/p>\n<p>El motociclista, que ten\u00eda unos 30 a\u00f1os, fue encontrado antes del mediod\u00eda del martes, inform\u00f3 el oficial de emergencias Kim Chang-sup en una rueda de prensa televisada. Kim dijo que el hombre fue encontrado con casco y botas de motocicleta, y que los rescatistas encontraron su motocicleta de fabricaci\u00f3n japonesa y su tel\u00e9fono m\u00f3vil antes de llegar a su cuerpo. Kim mencion\u00f3 que los rescatistas utilizaron excavadoras, palas y otros equipos para encontrarlo.<\/p>\n<p>Kim se\u00f1al\u00f3 que la mujer herida no cay\u00f3 en el socav\u00f3n y sufri\u00f3 heridas leves.<\/p>\n<p>La causa del socav\u00f3n estaba bajo investigaci\u00f3n.<\/p>\n<p>El alcalde de Se\u00fal, Oh Se-hoon, visit\u00f3 el lugar el lunes por la noche y pidi\u00f3 a las autoridades que averig\u00fcen por qu\u00e9 ocurri\u00f3 el socav\u00f3n y que prevengan la repetici\u00f3n de incidentes similares.<\/p>\n","protected":false},"excerpt":{"rendered":"<p>El hombre fue hallado, 17 horas despu\u00e9s, sin vida dentro del enorme pozo de 20 metros de ancho y 20 metros de profundidad<\/p>\n","protected":false},"author":1,"featured_media":6390,"comment_status":"closed","ping_status":"closed","sticky":false,"template":"","format":"standard","meta":{"_crdt_document":"","_jetpack_memberships_contains_paid_content":false,"footnotes":"","jetpack_publicize_message":"","jetpack_publicize_feature_enabled":true,"jetpack_social_post_already_shared":true,"jetpack_social_options":{"image_generator_settings":{"template":"highway","default_image_id":0,"font":"","enabled":false},"version":2},"_wpas_customize_per_network":false},"categories":[9],"tags":[],"class_list":["post-6389","post","type-post","status-publish","format-standard","has-post-thumbnail","hentry","category-el-mundo"],"magazineBlocksPostFeaturedMedia":{"thumbnail":"https:\/\/pornuestrolaredo.com\/wp-content\/uploads\/2025\/03\/Stereo91-20250326-5-150x150.jpg","medium":"https:\/\/pornuestrolaredo.com\/wp-content\/uploads\/2025\/03\/Stereo91-20250326-5-300x200.jpg","medium_large":"https:\/\/pornuestrolaredo.com\/wp-content\/uploads\/2025\/03\/Stereo91-20250326-5-768x511.jpg","large":"https:\/\/pornuestrolaredo.com\/wp-content\/uploads\/2025\/03\/Stereo91-20250326-5.jpg","1536x1536":"https:\/\/pornuestrolaredo.com\/wp-content\/uploads\/2025\/03\/Stereo91-20250326-5.jpg","2048x2048":"https:\/\/pornuestrolaredo.com\/wp-content\/uploads\/2025\/03\/Stereo91-20250326-5.jpg","morenews-large":"https:\/\/pornuestrolaredo.com\/wp-content\/uploads\/2025\/03\/Stereo91-20250326-5.jpg","morenews-medium":"https:\/\/pornuestrolaredo.com\/wp-content\/uploads\/2025\/03\/Stereo91-20250326-5.jpg"},"magazineBlocksPostAuthor":{"name":"Redactor","avatar":"https:\/\/pornuestrolaredo.com\/wp-content\/litespeed\/avatar\/dca1d7ec750c399f025f23b0b314f4cf.jpg?ver=1777612120"},"magazineBlocksPostCommentsNumber":false,"magazineBlocksPostExcerpt":"El hombre fue hallado, 17 horas despu\u00e9s, sin vida dentro del enorme pozo de 20 metros de ancho y 20 metros de profundidad","magazineBlocksPostCategories":["El Mundo"],"magazineBlocksPostViewCount":135,"magazineBlocksPostReadTime":2,"magazine_blocks_featured_image_url":{"full":["https:\/\/pornuestrolaredo.com\/wp-content\/uploads\/2025\/03\/Stereo91-20250326-5.jpg",907,604,false],"medium":["https:\/\/pornuestrolaredo.com\/wp-content\/uploads\/2025\/03\/Stereo91-20250326-5-300x200.jpg",300,200,true],"thumbnail":["https:\/\/pornuestrolaredo.com\/wp-content\/uploads\/2025\/03\/Stereo91-20250326-5-150x150.jpg",150,150,true]},"magazine_blocks_author":{"display_name":"Redactor","author_link":"https:\/\/pornuestrolaredo.com\/?author=1"},"magazine_blocks_comment":0,"magazine_blocks_author_image":"https:\/\/pornuestrolaredo.com\/wp-content\/litespeed\/avatar\/dca1d7ec750c399f025f23b0b314f4cf.jpg?ver=1777612120","magazine_blocks_category":"<a href=\"#\" class=\"category-link category-link-9\">El Mundo<\/a>","jetpack_publicize_connections":[],"featured_image_urls":{"full":["https:\/\/pornuestrolaredo.com\/wp-content\/uploads\/2025\/03\/Stereo91-20250326-5.jpg",907,604,false],"thumbnail":["https:\/\/pornuestrolaredo.com\/wp-content\/uploads\/2025\/03\/Stereo91-20250326-5-150x150.jpg",150,150,true],"medium":["https:\/\/pornuestrolaredo.com\/wp-content\/uploads\/2025\/03\/Stereo91-20250326-5-300x200.jpg",300,200,true],"medium_large":["https:\/\/pornuestrolaredo.com\/wp-content\/uploads\/2025\/03\/Stereo91-20250326-5-768x511.jpg",640,426,true],"large":["https:\/\/pornuestrolaredo.com\/wp-content\/uploads\/2025\/03\/Stereo91-20250326-5.jpg",640,426,false],"1536x1536":["https:\/\/pornuestrolaredo.com\/wp-content\/uploads\/2025\/03\/Stereo91-20250326-5.jpg",907,604,false],"2048x2048":["https:\/\/pornuestrolaredo.com\/wp-content\/uploads\/2025\/03\/Stereo91-20250326-5.jpg",907,604,false],"morenews-large":["https:\/\/pornuestrolaredo.com\/wp-content\/uploads\/2025\/03\/Stereo91-20250326-5.jpg",825,549,false],"morenews-medium":["https:\/\/pornuestrolaredo.com\/wp-content\/uploads\/2025\/03\/Stereo91-20250326-5.jpg",590,393,false]},"author_info":{"info":["Redactor"]},"category_info":"<a href=\"https:\/\/pornuestrolaredo.com\/?cat=9\" rel=\"category\">El Mundo<\/a>","tag_info":"El Mundo","comment_count":"0","jetpack_featured_media_url":"https:\/\/pornuestrolaredo.com\/wp-content\/uploads\/2025\/03\/Stereo91-20250326-5.jpg","jetpack_sharing_enabled":true,"_links":{"self":[{"href":"https:\/\/pornuestrolaredo.com\/index.php?rest_route=\/wp\/v2\/posts\/6389","targetHints":{"allow":["GET"]}}],"collection":[{"href":"https:\/\/pornuestrolaredo.com\/index.php?rest_route=\/wp\/v2\/posts"}],"about":[{"href":"https:\/\/pornuestrolaredo.com\/index.php?rest_route=\/wp\/v2\/types\/post"}],"author":[{"embeddable":true,"href":"https:\/\/pornuestrolaredo.com\/index.php?rest_route=\/wp\/v2\/users\/1"}],"replies":[{"embeddable":true,"href":"https:\/\/pornuestrolaredo.com\/index.php?rest_route=%2Fwp%2Fv2%2Fcomments&post=6389"}],"version-history":[{"count":1,"href":"https:\/\/pornuestrolaredo.com\/index.php?rest_route=\/wp\/v2\/posts\/6389\/revisions"}],"predecessor-version":[{"id":6391,"href":"https:\/\/pornuestrolaredo.com\/index.php?rest_route=\/wp\/v2\/posts\/6389\/revisions\/6391"}],"wp:featuredmedia":[{"embeddable":true,"href":"https:\/\/pornuestrolaredo.com\/index.php?rest_route=\/wp\/v2\/media\/6390"}],"wp:attachment":[{"href":"https:\/\/pornuestrolaredo.com\/index.php?rest_route=%2Fwp%2Fv2%2Fmedia&parent=6389"}],"wp:term":[{"taxonomy":"category","embeddable":true,"href":"https:\/\/pornuestrolaredo.com\/index.php?rest_route=%2Fwp%2Fv2%2Fcategories&post=6389"},{"taxonomy":"post_tag","embeddable":true,"href":"https:\/\/pornuestrolaredo.com\/index.php?rest_route=%2Fwp%2Fv2%2Ftags&post=6389"}],"curies":[{"name":"wp","href":"https:\/\/api.w.org\/{rel}","templated":true}]}}