{"id":6392,"date":"2025-03-26T23:22:45","date_gmt":"2025-03-27T04:22:45","guid":{"rendered":"https:\/\/pornuestrolaredo.com\/?p=6392"},"modified":"2025-03-26T23:22:45","modified_gmt":"2025-03-27T04:22:45","slug":"impone-trump-aranceles-a-los-autos-importados","status":"publish","type":"post","link":"https:\/\/pornuestrolaredo.com\/?p=6392","title":{"rendered":"Impone Trump aranceles a los autos importados"},"content":{"rendered":"<p><strong>WASHINGTON.-<\/strong> El presidente de Estados Unidos, Donald Trump, anunci\u00f3 el mi\u00e9rcoles que impondr\u00e1 aranceles del 25% sobre las importaciones de autom\u00f3viles, una medida que, seg\u00fan la Casa Blanca, fomentar\u00eda la fabricaci\u00f3n nacional, pero que tambi\u00e9n podr\u00eda ejercer presi\u00f3n financiera sobre las automotrices que dependen de las cadenas de suministro globales.<\/p>\n<blockquote><p>Eso seguir\u00e1 estimulando el crecimiento\u201d, coment\u00f3 Trump a los periodistas. \u201cEfectivamente vamos a cobrar un arancel del 25%&#8221;.<\/p><\/blockquote>\n<p>Los aranceles, con los que la Casa Blanca espera recaudar 100 mil millones de d\u00f3lares anuales, podr\u00edan ser complicados debido a que las automotrices estadounidenses se abastecen de piezas de distintas partes del mundo. El alza de impuestos a partir de abril significa que es probable que las automotrices enfrenten mayores costos y menores ventas, aunque Trump alega que los aranceles conducir\u00e1n a que se abran m\u00e1s f\u00e1bricas en Estados Unidos y al t\u00e9rmino de lo que considera es una cadena de suministro \u201crid\u00edcula\u201d en la que piezas de autom\u00f3viles y veh\u00edculos terminados son fabricados en Estados Unidos, Canad\u00e1 y M\u00e9xico.<\/p>\n<p>El mandatario hizo hincapi\u00e9 en la seriedad del asunto y se\u00f1al\u00f3: \u201cEsto es permanente\u201d.<\/p>\n<p>Las acciones de General Motors cayeron aproximadamente 3% el mi\u00e9rcoles. Los t\u00edtulos de Ford registraron una ligera alza. En tanto, las acciones de Stellantis, propietario de Jeep y Chrysler, descendieron un 3.6%.<\/p>\n<p>Trump ha dicho desde hace mucho tiempo que los aranceles a las importaciones de autom\u00f3viles ser\u00edan una pol\u00edtica definitoria de su presidencia, apostando a que los costos generados por los impuestos har\u00edan que una mayor parte de la producci\u00f3n se traslade a Estados Unidos al tiempo que ayudan a reducir el d\u00e9ficit presupuestario. <\/p>\n<p>Sin embargo, las automotrices estadounidenses y extranjeras tienen plantas en todo el mundo para acomodar las ventas globales y al mismo tiempo mantener precios competitivos, y podr\u00eda tomar a\u00f1os para que las empresas dise\u00f1en, construyan y abran las nuevas f\u00e1bricas que Trump est\u00e1 prometiendo.<\/p>\n<blockquote><p>Veremos precios de autom\u00f3viles mucho m\u00e1s altos\u201d, coment\u00f3 la economista Mary Lovely, investigadora principal del Instituto Peterson de Econom\u00eda Internacional. \u201cVamos a ver menos opciones&#8230; Este tipo de impuestos recaen m\u00e1s en la clase media y trabajadora\u201d.<\/p><\/blockquote>\n<p>En su opini\u00f3n, cada vez m\u00e1s familias se ver\u00e1n excluidas del mercado de autom\u00f3viles nuevos \u2014cuyos precios ya rondan los 49 mil d\u00f3lares\u2014 y tendr\u00e1n que aferrarse a veh\u00edculos viejos.<\/p>\n<p>Los aranceles sobre las importaciones de autos empezar\u00e1n a cobrarse a partir del 3 de abril, inform\u00f3 Trump. Si los aranceles se transfieren \u00edntegramente a los consumidores, el precio promedio de un auto podr\u00eda subir por unos 12 mil 500 d\u00f3lares, una cantidad que podr\u00eda alimentar la inflaci\u00f3n general. Trump regres\u00f3 a la Casa Blanca tras perder las elecciones de 2020 en gran parte porque los votantes cre\u00edan que podr\u00eda bajar los precios.<\/p>\n<p>Los nuevos aranceles abarcan los autom\u00f3viles terminados y las piezas utilizadas en los veh\u00edculos, de acuerdo con un funcionario de la Casa Blanca que insisti\u00f3 en hablar bajo condici\u00f3n de anonimato para discutir los grav\u00e1menes en una llamada con periodistas. Los aranceles se impondr\u00e1n sobre cualquier impuesto ya existente y tienen fundamento jur\u00eddico en una investigaci\u00f3n de 2019 del Departamento del Comercio que se realiz\u00f3 durante el primer mandato de Trump por motivos de seguridad nacional.<\/p>\n<p>Para los veh\u00edculos y piezas bajo el acuerdo comercial T-MEC que aplica a Estados Unidos, M\u00e9xico y Canad\u00e1, los aranceles del 25% s\u00f3lo abarcan los productos no fabricados en Estados Unidos.<\/p>\n<p>El gobierno alega que hay un exceso de capacidad en los fabricantes de autom\u00f3viles estadounidenses que les permitir\u00e1 aumentar la producci\u00f3n para evitar los aranceles fabricando m\u00e1s en el pa\u00eds, y el funcionario se\u00f1al\u00f3 que las automotrices han sabido desde la campa\u00f1a presidencial de Trump que se iban a implementar aranceles.<\/p>\n","protected":false},"excerpt":{"rendered":"<p>Seg\u00fan el presidente estadounidense, la medida ayudar\u00e1 a regresar las f\u00e1bricas de veh\u00edculos a Estados Unidos<\/p>\n","protected":false},"author":1,"featured_media":6393,"comment_status":"closed","ping_status":"closed","sticky":false,"template":"","format":"standard","meta":{"_crdt_document":"","_jetpack_memberships_contains_paid_content":false,"footnotes":"","jetpack_publicize_message":"","jetpack_publicize_feature_enabled":true,"jetpack_social_post_already_shared":true,"jetpack_social_options":{"image_generator_settings":{"template":"highway","default_image_id":0,"font":"","enabled":false},"version":2},"_wpas_customize_per_network":false},"categories":[9],"tags":[],"class_list":["post-6392","post","type-post","status-publish","format-standard","has-post-thumbnail","hentry","category-el-mundo"],"magazineBlocksPostFeaturedMedia":{"thumbnail":"https:\/\/pornuestrolaredo.com\/wp-content\/uploads\/2025\/03\/Stereo91-20250326-6-150x150.jpg","medium":"https:\/\/pornuestrolaredo.com\/wp-content\/uploads\/2025\/03\/Stereo91-20250326-6-300x184.jpg","medium_large":"https:\/\/pornuestrolaredo.com\/wp-content\/uploads\/2025\/03\/Stereo91-20250326-6-768x471.jpg","large":"https:\/\/pornuestrolaredo.com\/wp-content\/uploads\/2025\/03\/Stereo91-20250326-6.jpg","1536x1536":"https:\/\/pornuestrolaredo.com\/wp-content\/uploads\/2025\/03\/Stereo91-20250326-6.jpg","2048x2048":"https:\/\/pornuestrolaredo.com\/wp-content\/uploads\/2025\/03\/Stereo91-20250326-6.jpg","morenews-large":"https:\/\/pornuestrolaredo.com\/wp-content\/uploads\/2025\/03\/Stereo91-20250326-6.jpg","morenews-medium":"https:\/\/pornuestrolaredo.com\/wp-content\/uploads\/2025\/03\/Stereo91-20250326-6.jpg"},"magazineBlocksPostAuthor":{"name":"Redactor","avatar":"https:\/\/pornuestrolaredo.com\/wp-content\/litespeed\/avatar\/dca1d7ec750c399f025f23b0b314f4cf.jpg?ver=1777612120"},"magazineBlocksPostCommentsNumber":false,"magazineBlocksPostExcerpt":"Seg\u00fan el presidente estadounidense, la medida ayudar\u00e1 a regresar las f\u00e1bricas de veh\u00edculos a Estados Unidos","magazineBlocksPostCategories":["El Mundo"],"magazineBlocksPostViewCount":127,"magazineBlocksPostReadTime":4,"magazine_blocks_featured_image_url":{"full":["https:\/\/pornuestrolaredo.com\/wp-content\/uploads\/2025\/03\/Stereo91-20250326-6.jpg",980,601,false],"medium":["https:\/\/pornuestrolaredo.com\/wp-content\/uploads\/2025\/03\/Stereo91-20250326-6-300x184.jpg",300,184,true],"thumbnail":["https:\/\/pornuestrolaredo.com\/wp-content\/uploads\/2025\/03\/Stereo91-20250326-6-150x150.jpg",150,150,true]},"magazine_blocks_author":{"display_name":"Redactor","author_link":"https:\/\/pornuestrolaredo.com\/?author=1"},"magazine_blocks_comment":0,"magazine_blocks_author_image":"https:\/\/pornuestrolaredo.com\/wp-content\/litespeed\/avatar\/dca1d7ec750c399f025f23b0b314f4cf.jpg?ver=1777612120","magazine_blocks_category":"<a href=\"#\" class=\"category-link category-link-9\">El Mundo<\/a>","jetpack_publicize_connections":[],"featured_image_urls":{"full":["https:\/\/pornuestrolaredo.com\/wp-content\/uploads\/2025\/03\/Stereo91-20250326-6.jpg",980,601,false],"thumbnail":["https:\/\/pornuestrolaredo.com\/wp-content\/uploads\/2025\/03\/Stereo91-20250326-6-150x150.jpg",150,150,true],"medium":["https:\/\/pornuestrolaredo.com\/wp-content\/uploads\/2025\/03\/Stereo91-20250326-6-300x184.jpg",300,184,true],"medium_large":["https:\/\/pornuestrolaredo.com\/wp-content\/uploads\/2025\/03\/Stereo91-20250326-6-768x471.jpg",640,393,true],"large":["https:\/\/pornuestrolaredo.com\/wp-content\/uploads\/2025\/03\/Stereo91-20250326-6.jpg",640,392,false],"1536x1536":["https:\/\/pornuestrolaredo.com\/wp-content\/uploads\/2025\/03\/Stereo91-20250326-6.jpg",980,601,false],"2048x2048":["https:\/\/pornuestrolaredo.com\/wp-content\/uploads\/2025\/03\/Stereo91-20250326-6.jpg",980,601,false],"morenews-large":["https:\/\/pornuestrolaredo.com\/wp-content\/uploads\/2025\/03\/Stereo91-20250326-6.jpg",825,506,false],"morenews-medium":["https:\/\/pornuestrolaredo.com\/wp-content\/uploads\/2025\/03\/Stereo91-20250326-6.jpg",590,362,false]},"author_info":{"info":["Redactor"]},"category_info":"<a href=\"https:\/\/pornuestrolaredo.com\/?cat=9\" rel=\"category\">El Mundo<\/a>","tag_info":"El Mundo","comment_count":"0","jetpack_featured_media_url":"https:\/\/pornuestrolaredo.com\/wp-content\/uploads\/2025\/03\/Stereo91-20250326-6.jpg","jetpack_sharing_enabled":true,"_links":{"self":[{"href":"https:\/\/pornuestrolaredo.com\/index.php?rest_route=\/wp\/v2\/posts\/6392","targetHints":{"allow":["GET"]}}],"collection":[{"href":"https:\/\/pornuestrolaredo.com\/index.php?rest_route=\/wp\/v2\/posts"}],"about":[{"href":"https:\/\/pornuestrolaredo.com\/index.php?rest_route=\/wp\/v2\/types\/post"}],"author":[{"embeddable":true,"href":"https:\/\/pornuestrolaredo.com\/index.php?rest_route=\/wp\/v2\/users\/1"}],"replies":[{"embeddable":true,"href":"https:\/\/pornuestrolaredo.com\/index.php?rest_route=%2Fwp%2Fv2%2Fcomments&post=6392"}],"version-history":[{"count":1,"href":"https:\/\/pornuestrolaredo.com\/index.php?rest_route=\/wp\/v2\/posts\/6392\/revisions"}],"predecessor-version":[{"id":6394,"href":"https:\/\/pornuestrolaredo.com\/index.php?rest_route=\/wp\/v2\/posts\/6392\/revisions\/6394"}],"wp:featuredmedia":[{"embeddable":true,"href":"https:\/\/pornuestrolaredo.com\/index.php?rest_route=\/wp\/v2\/media\/6393"}],"wp:attachment":[{"href":"https:\/\/pornuestrolaredo.com\/index.php?rest_route=%2Fwp%2Fv2%2Fmedia&parent=6392"}],"wp:term":[{"taxonomy":"category","embeddable":true,"href":"https:\/\/pornuestrolaredo.com\/index.php?rest_route=%2Fwp%2Fv2%2Fcategories&post=6392"},{"taxonomy":"post_tag","embeddable":true,"href":"https:\/\/pornuestrolaredo.com\/index.php?rest_route=%2Fwp%2Fv2%2Ftags&post=6392"}],"curies":[{"name":"wp","href":"https:\/\/api.w.org\/{rel}","templated":true}]}}