{"id":6395,"date":"2025-03-27T13:40:56","date_gmt":"2025-03-27T18:40:56","guid":{"rendered":"https:\/\/pornuestrolaredo.com\/?p=6395"},"modified":"2025-03-27T13:40:56","modified_gmt":"2025-03-27T18:40:56","slug":"aranceles-hacen-caer-a-armadoras-en-la-bolsa","status":"publish","type":"post","link":"https:\/\/pornuestrolaredo.com\/?p=6395","title":{"rendered":"Aranceles hacen caer a armadoras en la bolsa"},"content":{"rendered":"<p><strong>NUEVA YORK.- <\/strong>Las acciones de los fabricantes de autom\u00f3viles de todo el mundo se desploman este jueves despu\u00e9s de que el presidente estadounidense, Donald Trump, anunci\u00f3 aranceles del 25 por ciento a todos los veh\u00edculos y piezas de autom\u00f3viles de fabricaci\u00f3n extranjera importados a Estados Unidos.<\/p>\n<p>Volkswagen, BMW, Mercedes-Benz, Porsche y Continental perdieron 4 mil 500 millones de euros (4 mil 840 millones de d\u00f3lares) en valor de mercado combinado, ya que los inversionistas entraron en p\u00e1nico ante la perspectiva de m\u00e1s costos y complejidad en una industria que ya lucha con una lenta implantaci\u00f3n de la electrificaci\u00f3n y altos gastos log\u00edsticos.<\/p>\n<p>Las automotrices deben decidir ahora si localizan m\u00e1s producci\u00f3n en Estados Unidos para evitar los aranceles, aumentan el costo o lo repercuten en los consumidores.<\/p>\n<p>Empresas como Volvo Cars, Audi de Volkswagen, Mercedes-Benz y Hyundai ya han dicho que trasladar\u00e1n parte de la producci\u00f3n a la regi\u00f3n este a\u00f1o.<\/p>\n<p>No obstante, algunos presidentes ejecutivos se han mostrado reacios, en privado, a tomar decisiones empresariales a largo plazo basadas en lo que podr\u00eda ser una pol\u00edtica a corto plazo.<\/p>\n<blockquote><p>Estas pol\u00edticas ya han puesto muy nerviosos a los mercados de renta variable y de deuda, y sabemos que el presidente considera el \u00edndice Dow Jones un bar\u00f3metro clave de su \u00e9xito&#8221;, afirmaron en una nota los analistas de Bernstein Research.<\/p><\/blockquote>\n<blockquote><p>Es dif\u00edcil juzgar la duraci\u00f3n de estas pol\u00edticas de motosierra si provocan una ca\u00edda del mercado que no parece transitoria&#8221;, a\u00f1adieron.<\/p><\/blockquote>\n<p>Las acciones de Stellantis y Porsche se hunden 4 por ciento, mientras que Mercedes-Benz restan 2.8 por ciento. General Motors se desploma 7.8 por ciento tras la apertura del mercado, mientras que Ford declina 4.3 por ciento.<\/p>\n<p>Porsche, que no tiene base de producci\u00f3n en Estados Unidos, registra una ca\u00edda mayor, del 4.9 por ciento.<\/p>\n","protected":false},"excerpt":{"rendered":"<p>S\u00f3lo cinco fabricantes reportan p\u00e9rdidas en sus acciones de 4 mil 840 millones de d\u00f3lares<\/p>\n","protected":false},"author":1,"featured_media":6396,"comment_status":"closed","ping_status":"closed","sticky":false,"template":"","format":"standard","meta":{"_crdt_document":"","_jetpack_memberships_contains_paid_content":false,"footnotes":"","jetpack_publicize_message":"","jetpack_publicize_feature_enabled":true,"jetpack_social_post_already_shared":true,"jetpack_social_options":{"image_generator_settings":{"template":"highway","default_image_id":0,"font":"","enabled":false},"version":2},"_wpas_customize_per_network":false},"categories":[9],"tags":[],"class_list":["post-6395","post","type-post","status-publish","format-standard","has-post-thumbnail","hentry","category-el-mundo"],"magazineBlocksPostFeaturedMedia":{"thumbnail":"https:\/\/pornuestrolaredo.com\/wp-content\/uploads\/2025\/03\/Stereo91-20250327-2-150x150.jpg","medium":"https:\/\/pornuestrolaredo.com\/wp-content\/uploads\/2025\/03\/Stereo91-20250327-2-300x169.jpg","medium_large":"https:\/\/pornuestrolaredo.com\/wp-content\/uploads\/2025\/03\/Stereo91-20250327-2-768x432.jpg","large":"https:\/\/pornuestrolaredo.com\/wp-content\/uploads\/2025\/03\/Stereo91-20250327-2.jpg","1536x1536":"https:\/\/pornuestrolaredo.com\/wp-content\/uploads\/2025\/03\/Stereo91-20250327-2.jpg","2048x2048":"https:\/\/pornuestrolaredo.com\/wp-content\/uploads\/2025\/03\/Stereo91-20250327-2.jpg","morenews-large":"https:\/\/pornuestrolaredo.com\/wp-content\/uploads\/2025\/03\/Stereo91-20250327-2.jpg","morenews-medium":"https:\/\/pornuestrolaredo.com\/wp-content\/uploads\/2025\/03\/Stereo91-20250327-2.jpg"},"magazineBlocksPostAuthor":{"name":"Redactor","avatar":"https:\/\/pornuestrolaredo.com\/wp-content\/litespeed\/avatar\/dca1d7ec750c399f025f23b0b314f4cf.jpg?ver=1777612120"},"magazineBlocksPostCommentsNumber":false,"magazineBlocksPostExcerpt":"S\u00f3lo cinco fabricantes reportan p\u00e9rdidas en sus acciones de 4 mil 840 millones de d\u00f3lares","magazineBlocksPostCategories":["El Mundo"],"magazineBlocksPostViewCount":132,"magazineBlocksPostReadTime":2,"magazine_blocks_featured_image_url":{"full":["https:\/\/pornuestrolaredo.com\/wp-content\/uploads\/2025\/03\/Stereo91-20250327-2.jpg",850,478,false],"medium":["https:\/\/pornuestrolaredo.com\/wp-content\/uploads\/2025\/03\/Stereo91-20250327-2-300x169.jpg",300,169,true],"thumbnail":["https:\/\/pornuestrolaredo.com\/wp-content\/uploads\/2025\/03\/Stereo91-20250327-2-150x150.jpg",150,150,true]},"magazine_blocks_author":{"display_name":"Redactor","author_link":"https:\/\/pornuestrolaredo.com\/?author=1"},"magazine_blocks_comment":0,"magazine_blocks_author_image":"https:\/\/pornuestrolaredo.com\/wp-content\/litespeed\/avatar\/dca1d7ec750c399f025f23b0b314f4cf.jpg?ver=1777612120","magazine_blocks_category":"<a href=\"#\" class=\"category-link category-link-9\">El Mundo<\/a>","jetpack_publicize_connections":[],"featured_image_urls":{"full":["https:\/\/pornuestrolaredo.com\/wp-content\/uploads\/2025\/03\/Stereo91-20250327-2.jpg",850,478,false],"thumbnail":["https:\/\/pornuestrolaredo.com\/wp-content\/uploads\/2025\/03\/Stereo91-20250327-2-150x150.jpg",150,150,true],"medium":["https:\/\/pornuestrolaredo.com\/wp-content\/uploads\/2025\/03\/Stereo91-20250327-2-300x169.jpg",300,169,true],"medium_large":["https:\/\/pornuestrolaredo.com\/wp-content\/uploads\/2025\/03\/Stereo91-20250327-2-768x432.jpg",640,360,true],"large":["https:\/\/pornuestrolaredo.com\/wp-content\/uploads\/2025\/03\/Stereo91-20250327-2.jpg",640,360,false],"1536x1536":["https:\/\/pornuestrolaredo.com\/wp-content\/uploads\/2025\/03\/Stereo91-20250327-2.jpg",850,478,false],"2048x2048":["https:\/\/pornuestrolaredo.com\/wp-content\/uploads\/2025\/03\/Stereo91-20250327-2.jpg",850,478,false],"morenews-large":["https:\/\/pornuestrolaredo.com\/wp-content\/uploads\/2025\/03\/Stereo91-20250327-2.jpg",825,464,false],"morenews-medium":["https:\/\/pornuestrolaredo.com\/wp-content\/uploads\/2025\/03\/Stereo91-20250327-2.jpg",590,332,false]},"author_info":{"info":["Redactor"]},"category_info":"<a href=\"https:\/\/pornuestrolaredo.com\/?cat=9\" rel=\"category\">El Mundo<\/a>","tag_info":"El Mundo","comment_count":"0","jetpack_featured_media_url":"https:\/\/pornuestrolaredo.com\/wp-content\/uploads\/2025\/03\/Stereo91-20250327-2.jpg","jetpack_sharing_enabled":true,"_links":{"self":[{"href":"https:\/\/pornuestrolaredo.com\/index.php?rest_route=\/wp\/v2\/posts\/6395","targetHints":{"allow":["GET"]}}],"collection":[{"href":"https:\/\/pornuestrolaredo.com\/index.php?rest_route=\/wp\/v2\/posts"}],"about":[{"href":"https:\/\/pornuestrolaredo.com\/index.php?rest_route=\/wp\/v2\/types\/post"}],"author":[{"embeddable":true,"href":"https:\/\/pornuestrolaredo.com\/index.php?rest_route=\/wp\/v2\/users\/1"}],"replies":[{"embeddable":true,"href":"https:\/\/pornuestrolaredo.com\/index.php?rest_route=%2Fwp%2Fv2%2Fcomments&post=6395"}],"version-history":[{"count":1,"href":"https:\/\/pornuestrolaredo.com\/index.php?rest_route=\/wp\/v2\/posts\/6395\/revisions"}],"predecessor-version":[{"id":6397,"href":"https:\/\/pornuestrolaredo.com\/index.php?rest_route=\/wp\/v2\/posts\/6395\/revisions\/6397"}],"wp:featuredmedia":[{"embeddable":true,"href":"https:\/\/pornuestrolaredo.com\/index.php?rest_route=\/wp\/v2\/media\/6396"}],"wp:attachment":[{"href":"https:\/\/pornuestrolaredo.com\/index.php?rest_route=%2Fwp%2Fv2%2Fmedia&parent=6395"}],"wp:term":[{"taxonomy":"category","embeddable":true,"href":"https:\/\/pornuestrolaredo.com\/index.php?rest_route=%2Fwp%2Fv2%2Fcategories&post=6395"},{"taxonomy":"post_tag","embeddable":true,"href":"https:\/\/pornuestrolaredo.com\/index.php?rest_route=%2Fwp%2Fv2%2Ftags&post=6395"}],"curies":[{"name":"wp","href":"https:\/\/api.w.org\/{rel}","templated":true}]}}