{"id":6412,"date":"2025-03-31T22:02:20","date_gmt":"2025-04-01T03:02:20","guid":{"rendered":"https:\/\/pornuestrolaredo.com\/?p=6412"},"modified":"2025-03-31T22:02:20","modified_gmt":"2025-04-01T03:02:20","slug":"por-misogino-castiga-el-pri-a-cavazos-lerma","status":"publish","type":"post","link":"https:\/\/pornuestrolaredo.com\/?p=6412","title":{"rendered":"Por mis\u00f3gino, castiga el PRI a Cavazos Lerma"},"content":{"rendered":"<p><strong><em>CIUDAD VICTORIA.-<\/em> <\/strong>El lado mis\u00f3gino de Manuel Cavazos Lerma le cobr\u00f3 fuerte factura: Su partido, aquel que lo hizo gobernador de Tamaulipas, lo removi\u00f3 como secretario de Operaci\u00f3n Pol\u00edtica.<\/p>\n<p>Y es que Cavazos Lerma insult\u00f3 a la hermana de Cuauht\u00e9moc Blanco y todo para defender al futbolista metido a pol\u00edtico de las acusaciones de intento de abuso sexual.<\/p>\n<p>En una conferencia de prensa hoy, en Ciudad Victoria, Cavazos Lerma defendi\u00f3 el voto de los diputados federales del tricolor a favor de &#8220;Cuau&#8221; en el proceso de su desafuero.<\/p>\n<blockquote><p>Primero tienen que probarle que intent\u00f3 violar a una hermana que, no est\u00e1 muy violable que digamos&#8221;, coment\u00f3 Cavazos Lerma.<\/p><\/blockquote>\n<p>Horas despu\u00e9s, el dirigente nacional del PRI, Alejandro Moreno, anunci\u00f3 el cese de Cavazos Lerma.<\/p>\n<blockquote><p>Las declaraciones que realiz\u00f3 el ex gobernador Manuel Cavazos Lerma son inaceptables y no representan los valores del PRI ni el proyecto que estamos construyendo para M\u00e9xico&#8221;, indic\u00f3 &#8220;Alito&#8221;.<\/p><\/blockquote>\n<blockquote><p>Por esa raz\u00f3n, he tomado la decisi\u00f3n de removerlo de su responsabilidad al interior del partido. Esta determinaci\u00f3n responde al compromiso que tenemos con una pol\u00edtica responsable, respetuosa y a la altura del pueblo de M\u00e9xico&#8221;, agreg\u00f3.<\/p><\/blockquote>\n<p>El dirigente nacional priista design\u00f3 a Alejandra Andrade como nueva secretaria de Operaci\u00f3n Pol\u00edtica del CEN.<\/p>\n","protected":false},"excerpt":{"rendered":"<p>Insulta a la hermana de Cuauht\u00e9moc Blanco, que acus\u00f3 al futbolista de tratar de atacarla<\/p>\n","protected":false},"author":1,"featured_media":6413,"comment_status":"closed","ping_status":"closed","sticky":false,"template":"","format":"standard","meta":{"_crdt_document":"","_jetpack_memberships_contains_paid_content":false,"footnotes":"","jetpack_publicize_message":"","jetpack_publicize_feature_enabled":true,"jetpack_social_post_already_shared":true,"jetpack_social_options":{"image_generator_settings":{"template":"highway","default_image_id":0,"font":"","enabled":false},"version":2},"_wpas_customize_per_network":false},"categories":[33],"tags":[],"class_list":["post-6412","post","type-post","status-publish","format-standard","has-post-thumbnail","hentry","category-mexico"],"magazineBlocksPostFeaturedMedia":{"thumbnail":"https:\/\/pornuestrolaredo.com\/wp-content\/uploads\/2025\/03\/Stereo91-20250331-3-150x150.jpg","medium":"https:\/\/pornuestrolaredo.com\/wp-content\/uploads\/2025\/03\/Stereo91-20250331-3-300x150.jpg","medium_large":"https:\/\/pornuestrolaredo.com\/wp-content\/uploads\/2025\/03\/Stereo91-20250331-3-768x384.jpg","large":"https:\/\/pornuestrolaredo.com\/wp-content\/uploads\/2025\/03\/Stereo91-20250331-3-1000x500.jpg","1536x1536":"https:\/\/pornuestrolaredo.com\/wp-content\/uploads\/2025\/03\/Stereo91-20250331-3-1536x767.jpg","2048x2048":"https:\/\/pornuestrolaredo.com\/wp-content\/uploads\/2025\/03\/Stereo91-20250331-3-2048x1023.jpg","morenews-large":"https:\/\/pornuestrolaredo.com\/wp-content\/uploads\/2025\/03\/Stereo91-20250331-3-scaled.jpg","morenews-medium":"https:\/\/pornuestrolaredo.com\/wp-content\/uploads\/2025\/03\/Stereo91-20250331-3-scaled.jpg"},"magazineBlocksPostAuthor":{"name":"Redactor","avatar":"https:\/\/pornuestrolaredo.com\/wp-content\/litespeed\/avatar\/dca1d7ec750c399f025f23b0b314f4cf.jpg?ver=1777612120"},"magazineBlocksPostCommentsNumber":false,"magazineBlocksPostExcerpt":"Insulta a la hermana de Cuauht\u00e9moc Blanco, que acus\u00f3 al futbolista de tratar de atacarla","magazineBlocksPostCategories":["Mexico"],"magazineBlocksPostViewCount":165,"magazineBlocksPostReadTime":2,"magazine_blocks_featured_image_url":{"full":["https:\/\/pornuestrolaredo.com\/wp-content\/uploads\/2025\/03\/Stereo91-20250331-3-scaled.jpg",2560,1279,false],"medium":["https:\/\/pornuestrolaredo.com\/wp-content\/uploads\/2025\/03\/Stereo91-20250331-3-300x150.jpg",300,150,true],"thumbnail":["https:\/\/pornuestrolaredo.com\/wp-content\/uploads\/2025\/03\/Stereo91-20250331-3-150x150.jpg",150,150,true]},"magazine_blocks_author":{"display_name":"Redactor","author_link":"https:\/\/pornuestrolaredo.com\/?author=1"},"magazine_blocks_comment":0,"magazine_blocks_author_image":"https:\/\/pornuestrolaredo.com\/wp-content\/litespeed\/avatar\/dca1d7ec750c399f025f23b0b314f4cf.jpg?ver=1777612120","magazine_blocks_category":"<a href=\"#\" class=\"category-link category-link-33\">Mexico<\/a>","jetpack_publicize_connections":[],"featured_image_urls":{"full":["https:\/\/pornuestrolaredo.com\/wp-content\/uploads\/2025\/03\/Stereo91-20250331-3-scaled.jpg",2560,1279,false],"thumbnail":["https:\/\/pornuestrolaredo.com\/wp-content\/uploads\/2025\/03\/Stereo91-20250331-3-150x150.jpg",150,150,true],"medium":["https:\/\/pornuestrolaredo.com\/wp-content\/uploads\/2025\/03\/Stereo91-20250331-3-300x150.jpg",300,150,true],"medium_large":["https:\/\/pornuestrolaredo.com\/wp-content\/uploads\/2025\/03\/Stereo91-20250331-3-768x384.jpg",640,320,true],"large":["https:\/\/pornuestrolaredo.com\/wp-content\/uploads\/2025\/03\/Stereo91-20250331-3-1000x500.jpg",640,320,true],"1536x1536":["https:\/\/pornuestrolaredo.com\/wp-content\/uploads\/2025\/03\/Stereo91-20250331-3-1536x767.jpg",1536,767,true],"2048x2048":["https:\/\/pornuestrolaredo.com\/wp-content\/uploads\/2025\/03\/Stereo91-20250331-3-2048x1023.jpg",2048,1023,true],"morenews-large":["https:\/\/pornuestrolaredo.com\/wp-content\/uploads\/2025\/03\/Stereo91-20250331-3-scaled.jpg",825,412,false],"morenews-medium":["https:\/\/pornuestrolaredo.com\/wp-content\/uploads\/2025\/03\/Stereo91-20250331-3-scaled.jpg",590,295,false]},"author_info":{"info":["Redactor"]},"category_info":"<a href=\"https:\/\/pornuestrolaredo.com\/?cat=33\" rel=\"category\">Mexico<\/a>","tag_info":"Mexico","comment_count":"0","jetpack_featured_media_url":"https:\/\/pornuestrolaredo.com\/wp-content\/uploads\/2025\/03\/Stereo91-20250331-3-scaled.jpg","jetpack_sharing_enabled":true,"_links":{"self":[{"href":"https:\/\/pornuestrolaredo.com\/index.php?rest_route=\/wp\/v2\/posts\/6412","targetHints":{"allow":["GET"]}}],"collection":[{"href":"https:\/\/pornuestrolaredo.com\/index.php?rest_route=\/wp\/v2\/posts"}],"about":[{"href":"https:\/\/pornuestrolaredo.com\/index.php?rest_route=\/wp\/v2\/types\/post"}],"author":[{"embeddable":true,"href":"https:\/\/pornuestrolaredo.com\/index.php?rest_route=\/wp\/v2\/users\/1"}],"replies":[{"embeddable":true,"href":"https:\/\/pornuestrolaredo.com\/index.php?rest_route=%2Fwp%2Fv2%2Fcomments&post=6412"}],"version-history":[{"count":1,"href":"https:\/\/pornuestrolaredo.com\/index.php?rest_route=\/wp\/v2\/posts\/6412\/revisions"}],"predecessor-version":[{"id":6414,"href":"https:\/\/pornuestrolaredo.com\/index.php?rest_route=\/wp\/v2\/posts\/6412\/revisions\/6414"}],"wp:featuredmedia":[{"embeddable":true,"href":"https:\/\/pornuestrolaredo.com\/index.php?rest_route=\/wp\/v2\/media\/6413"}],"wp:attachment":[{"href":"https:\/\/pornuestrolaredo.com\/index.php?rest_route=%2Fwp%2Fv2%2Fmedia&parent=6412"}],"wp:term":[{"taxonomy":"category","embeddable":true,"href":"https:\/\/pornuestrolaredo.com\/index.php?rest_route=%2Fwp%2Fv2%2Fcategories&post=6412"},{"taxonomy":"post_tag","embeddable":true,"href":"https:\/\/pornuestrolaredo.com\/index.php?rest_route=%2Fwp%2Fv2%2Ftags&post=6412"}],"curies":[{"name":"wp","href":"https:\/\/api.w.org\/{rel}","templated":true}]}}