{"id":6418,"date":"2025-04-01T14:22:34","date_gmt":"2025-04-01T19:22:34","guid":{"rendered":"https:\/\/pornuestrolaredo.com\/?p=6418"},"modified":"2025-04-01T14:22:34","modified_gmt":"2025-04-01T19:22:34","slug":"impulsan-reforestacion-y-huertos-escolares-en-la-ut-de-nuevo-laredo","status":"publish","type":"post","link":"https:\/\/pornuestrolaredo.com\/?p=6418","title":{"rendered":"Impulsan reforestaci\u00f3n y huertos escolares en la UT de Nuevo Laredo"},"content":{"rendered":"<p>NUEVO LAREDO.- Como parte de las acciones para fortalecer la educaci\u00f3n ambiental y fomentar la sustentabilidad, el Gobierno Municipal de Nuevo Laredo llev\u00f3 a cabo una gran jornada de reforestaci\u00f3n y la inauguraci\u00f3n de los Huertos Escolares en la Universidad Tecnol\u00f3gica de Nuevo Laredo (UT).<\/p>\n<p>Durante esta actividad, se plantaron 200 \u00e1rboles con la colaboraci\u00f3n de estudiantes, docentes y autoridades, reafirmando el compromiso de la administraci\u00f3n municipal con el medio ambiente y la formaci\u00f3n de nuevas generaciones en pr\u00e1cticas sostenibles.<\/p>\n<p>A trav\u00e9s de la Coordinaci\u00f3n General de Gesti\u00f3n Ambiental (CGGA), se brind\u00f3 asesoramiento en la selecci\u00f3n de especies arb\u00f3reas y en la implementaci\u00f3n de los huertos escolares. Adem\u00e1s, se proporcionaron cajones para la siembra y se acompa\u00f1\u00f3 la plantaci\u00f3n de hortalizas, asegurando su correcto crecimiento y desarrollo.<\/p>\n<p>El evento cont\u00f3 con la presencia del rector de la UT, Ing. Jos\u00e9 Antonio Tovar Lara; la titular de la CGGA, Lic. Tania Taboada Blanco; la regidora Imayra Iveth Inocencio Gonz\u00e1lez; personal de la Coordinaci\u00f3n General de Gesti\u00f3n Ambiental; as\u00ed como estudiantes y docentes, quienes sumaron esfuerzos para hacer de esta iniciativa una realidad.<\/p>\n<p>Siguiendo la visi\u00f3n de la Presidenta Municipal, Carmen Lilia Canturosas, el Gobierno de Nuevo Laredo reafirma su compromiso con la promoci\u00f3n de proyectos ambientales que generen un impacto positivo en la comunidad y contribuyan al bienestar de futuras generaciones.<\/p>\n","protected":false},"excerpt":{"rendered":"<p>Plantan 200 \u00e1rboles con la colaboraci\u00f3n de estudiantes, docentes y autoridades municipales en el campus educativo<\/p>\n","protected":false},"author":1,"featured_media":6419,"comment_status":"closed","ping_status":"closed","sticky":false,"template":"","format":"standard","meta":{"_crdt_document":"","_jetpack_memberships_contains_paid_content":false,"footnotes":"","jetpack_publicize_message":"","jetpack_publicize_feature_enabled":true,"jetpack_social_post_already_shared":true,"jetpack_social_options":{"image_generator_settings":{"template":"highway","default_image_id":0,"font":"","enabled":false},"version":2},"_wpas_customize_per_network":false},"categories":[4],"tags":[],"class_list":["post-6418","post","type-post","status-publish","format-standard","has-post-thumbnail","hentry","category-los-dos-laredos"],"magazineBlocksPostFeaturedMedia":{"thumbnail":"https:\/\/pornuestrolaredo.com\/wp-content\/uploads\/2025\/04\/Stereo91-20250401-3-150x150.jpg","medium":"https:\/\/pornuestrolaredo.com\/wp-content\/uploads\/2025\/04\/Stereo91-20250401-3-300x169.jpg","medium_large":"https:\/\/pornuestrolaredo.com\/wp-content\/uploads\/2025\/04\/Stereo91-20250401-3-768x432.jpg","large":"https:\/\/pornuestrolaredo.com\/wp-content\/uploads\/2025\/04\/Stereo91-20250401-3.jpg","1536x1536":"https:\/\/pornuestrolaredo.com\/wp-content\/uploads\/2025\/04\/Stereo91-20250401-3.jpg","2048x2048":"https:\/\/pornuestrolaredo.com\/wp-content\/uploads\/2025\/04\/Stereo91-20250401-3.jpg","morenews-large":"https:\/\/pornuestrolaredo.com\/wp-content\/uploads\/2025\/04\/Stereo91-20250401-3.jpg","morenews-medium":"https:\/\/pornuestrolaredo.com\/wp-content\/uploads\/2025\/04\/Stereo91-20250401-3.jpg"},"magazineBlocksPostAuthor":{"name":"Redactor","avatar":"https:\/\/pornuestrolaredo.com\/wp-content\/litespeed\/avatar\/dca1d7ec750c399f025f23b0b314f4cf.jpg?ver=1777612120"},"magazineBlocksPostCommentsNumber":false,"magazineBlocksPostExcerpt":"Plantan 200 \u00e1rboles con la colaboraci\u00f3n de estudiantes, docentes y autoridades municipales en el campus educativo","magazineBlocksPostCategories":["Los dos Laredos"],"magazineBlocksPostViewCount":149,"magazineBlocksPostReadTime":2,"magazine_blocks_featured_image_url":{"full":["https:\/\/pornuestrolaredo.com\/wp-content\/uploads\/2025\/04\/Stereo91-20250401-3.jpg",850,478,false],"medium":["https:\/\/pornuestrolaredo.com\/wp-content\/uploads\/2025\/04\/Stereo91-20250401-3-300x169.jpg",300,169,true],"thumbnail":["https:\/\/pornuestrolaredo.com\/wp-content\/uploads\/2025\/04\/Stereo91-20250401-3-150x150.jpg",150,150,true]},"magazine_blocks_author":{"display_name":"Redactor","author_link":"https:\/\/pornuestrolaredo.com\/?author=1"},"magazine_blocks_comment":0,"magazine_blocks_author_image":"https:\/\/pornuestrolaredo.com\/wp-content\/litespeed\/avatar\/dca1d7ec750c399f025f23b0b314f4cf.jpg?ver=1777612120","magazine_blocks_category":"<a href=\"#\" class=\"category-link category-link-4\">Los dos Laredos<\/a>","jetpack_publicize_connections":[],"featured_image_urls":{"full":["https:\/\/pornuestrolaredo.com\/wp-content\/uploads\/2025\/04\/Stereo91-20250401-3.jpg",850,478,false],"thumbnail":["https:\/\/pornuestrolaredo.com\/wp-content\/uploads\/2025\/04\/Stereo91-20250401-3-150x150.jpg",150,150,true],"medium":["https:\/\/pornuestrolaredo.com\/wp-content\/uploads\/2025\/04\/Stereo91-20250401-3-300x169.jpg",300,169,true],"medium_large":["https:\/\/pornuestrolaredo.com\/wp-content\/uploads\/2025\/04\/Stereo91-20250401-3-768x432.jpg",640,360,true],"large":["https:\/\/pornuestrolaredo.com\/wp-content\/uploads\/2025\/04\/Stereo91-20250401-3.jpg",640,360,false],"1536x1536":["https:\/\/pornuestrolaredo.com\/wp-content\/uploads\/2025\/04\/Stereo91-20250401-3.jpg",850,478,false],"2048x2048":["https:\/\/pornuestrolaredo.com\/wp-content\/uploads\/2025\/04\/Stereo91-20250401-3.jpg",850,478,false],"morenews-large":["https:\/\/pornuestrolaredo.com\/wp-content\/uploads\/2025\/04\/Stereo91-20250401-3.jpg",825,464,false],"morenews-medium":["https:\/\/pornuestrolaredo.com\/wp-content\/uploads\/2025\/04\/Stereo91-20250401-3.jpg",590,332,false]},"author_info":{"info":["Redactor"]},"category_info":"<a href=\"https:\/\/pornuestrolaredo.com\/?cat=4\" rel=\"category\">Los dos Laredos<\/a>","tag_info":"Los dos Laredos","comment_count":"0","jetpack_featured_media_url":"https:\/\/pornuestrolaredo.com\/wp-content\/uploads\/2025\/04\/Stereo91-20250401-3.jpg","jetpack_sharing_enabled":true,"_links":{"self":[{"href":"https:\/\/pornuestrolaredo.com\/index.php?rest_route=\/wp\/v2\/posts\/6418","targetHints":{"allow":["GET"]}}],"collection":[{"href":"https:\/\/pornuestrolaredo.com\/index.php?rest_route=\/wp\/v2\/posts"}],"about":[{"href":"https:\/\/pornuestrolaredo.com\/index.php?rest_route=\/wp\/v2\/types\/post"}],"author":[{"embeddable":true,"href":"https:\/\/pornuestrolaredo.com\/index.php?rest_route=\/wp\/v2\/users\/1"}],"replies":[{"embeddable":true,"href":"https:\/\/pornuestrolaredo.com\/index.php?rest_route=%2Fwp%2Fv2%2Fcomments&post=6418"}],"version-history":[{"count":1,"href":"https:\/\/pornuestrolaredo.com\/index.php?rest_route=\/wp\/v2\/posts\/6418\/revisions"}],"predecessor-version":[{"id":6420,"href":"https:\/\/pornuestrolaredo.com\/index.php?rest_route=\/wp\/v2\/posts\/6418\/revisions\/6420"}],"wp:featuredmedia":[{"embeddable":true,"href":"https:\/\/pornuestrolaredo.com\/index.php?rest_route=\/wp\/v2\/media\/6419"}],"wp:attachment":[{"href":"https:\/\/pornuestrolaredo.com\/index.php?rest_route=%2Fwp%2Fv2%2Fmedia&parent=6418"}],"wp:term":[{"taxonomy":"category","embeddable":true,"href":"https:\/\/pornuestrolaredo.com\/index.php?rest_route=%2Fwp%2Fv2%2Fcategories&post=6418"},{"taxonomy":"post_tag","embeddable":true,"href":"https:\/\/pornuestrolaredo.com\/index.php?rest_route=%2Fwp%2Fv2%2Ftags&post=6418"}],"curies":[{"name":"wp","href":"https:\/\/api.w.org\/{rel}","templated":true}]}}