{"id":6429,"date":"2025-04-02T14:47:07","date_gmt":"2025-04-02T19:47:07","guid":{"rendered":"https:\/\/pornuestrolaredo.com\/?p=6429"},"modified":"2025-04-02T14:47:07","modified_gmt":"2025-04-02T19:47:07","slug":"cerraran-dos-dias-la-carretera-nacional-colocaran-puente-peatonal","status":"publish","type":"post","link":"https:\/\/pornuestrolaredo.com\/?p=6429","title":{"rendered":"Cerrar\u00e1n dos d\u00edas la Carretera Nacional; colocar\u00e1n puente peatonal"},"content":{"rendered":"<p><em><strong>NUEVO LAREDO.-<\/strong> <\/em>El Gobierno Municipal, a trav\u00e9s de la Secretar\u00eda de Obras P\u00fablicas, informa a la ciudadan\u00eda sobre el cierre temporal de la Carretera Nacional debido a los trabajos de construcci\u00f3n y colocaci\u00f3n de un puente peatonal.<\/p>\n<p>El cierre se llevar\u00e1 a cabo los d\u00edas s\u00e1bado 5 y domingo 6 de abril, con el objetivo de garantizar la seguridad y eficiencia en la ejecuci\u00f3n de la obra.<\/p>\n<p>Carlos De Anda Hern\u00e1ndez, secretario de Obras P\u00fablicas de Nuevo Laredo, indic\u00f3 que los trabajos iniciar\u00e1n en las primeras horas del s\u00e1bado y consistir\u00e1n en la instalaci\u00f3n del puente peatonal previamente ensamblado, la estructura ya cuenta con columnas y apoyos listos para su colocaci\u00f3n.<\/p>\n<p>Para minimizar las afectaciones a la movilidad, se han habilitado rutas alternas, los conductores podr\u00e1n utilizar la Radial 3 para incorporarse nuevamente a la carretera, as\u00ed como la avenida Monterrey, la rotonda de la Revoluci\u00f3n y la vialidad del Sur, que bordea el parque industrial en Am\u00e9ricas.<\/p>\n<p>Estas v\u00edas han sido verificadas con camiones de carga de hasta 53 pies para asegurar su viabilidad y resistencia.<\/p>\n<p>El proceso de instalaci\u00f3n del puente peatonal se llevar\u00e1 a cabo con el uso de dos gr\u00faas, garantizando la seguridad en su colocaci\u00f3n sobre los pedestales.<\/p>\n<p>Posteriormente, se realizar\u00e1n los trabajos de soldadura para reforzar la estructura y el colado de concreto del piso.<\/p>\n<p>El puente cuenta con una extensi\u00f3n aproximada de 85 metros lineales, 2 metros de ancho y tres apoyos principales.<\/p>\n<p>Se exhorta a la ciudadan\u00eda, operadores de transporte y vecinos del sector a tomar precauciones y planificar sus rutas con anticipaci\u00f3n.<\/p>\n<p>El Gobierno Municipal agradece la comprensi\u00f3n y colaboraci\u00f3n de la comunidad para el \u00e9xito de esta obra, que contribuir\u00e1 a mejorar la movilidad y seguridad peatonal en la zona.<\/p>\n","protected":false},"excerpt":{"rendered":"<p>NUEVO LAREDO.- El Gobierno Municipal, a trav\u00e9s de la Secretar\u00eda de Obras P\u00fablicas, informa a la ciudadan\u00eda sobre<\/p>\n","protected":false},"author":1,"featured_media":6430,"comment_status":"open","ping_status":"open","sticky":false,"template":"","format":"standard","meta":{"_crdt_document":"","_jetpack_memberships_contains_paid_content":false,"footnotes":"","jetpack_publicize_message":"","jetpack_publicize_feature_enabled":true,"jetpack_social_post_already_shared":true,"jetpack_social_options":{"image_generator_settings":{"template":"highway","default_image_id":0,"font":"","enabled":false},"version":2},"_wpas_customize_per_network":false},"categories":[4],"tags":[],"class_list":["post-6429","post","type-post","status-publish","format-standard","has-post-thumbnail","hentry","category-los-dos-laredos"],"magazineBlocksPostFeaturedMedia":{"thumbnail":"https:\/\/pornuestrolaredo.com\/wp-content\/uploads\/2025\/04\/PNL-20250402-2-150x150.jpg","medium":"https:\/\/pornuestrolaredo.com\/wp-content\/uploads\/2025\/04\/PNL-20250402-2-300x225.jpg","medium_large":"https:\/\/pornuestrolaredo.com\/wp-content\/uploads\/2025\/04\/PNL-20250402-2-768x576.jpg","large":"https:\/\/pornuestrolaredo.com\/wp-content\/uploads\/2025\/04\/PNL-20250402-2.jpg","1536x1536":"https:\/\/pornuestrolaredo.com\/wp-content\/uploads\/2025\/04\/PNL-20250402-2.jpg","2048x2048":"https:\/\/pornuestrolaredo.com\/wp-content\/uploads\/2025\/04\/PNL-20250402-2.jpg","morenews-large":"https:\/\/pornuestrolaredo.com\/wp-content\/uploads\/2025\/04\/PNL-20250402-2.jpg","morenews-medium":"https:\/\/pornuestrolaredo.com\/wp-content\/uploads\/2025\/04\/PNL-20250402-2.jpg"},"magazineBlocksPostAuthor":{"name":"Redactor","avatar":"https:\/\/pornuestrolaredo.com\/wp-content\/litespeed\/avatar\/dca1d7ec750c399f025f23b0b314f4cf.jpg?ver=1777612120"},"magazineBlocksPostCommentsNumber":false,"magazineBlocksPostExcerpt":"NUEVO LAREDO.- El Gobierno Municipal, a trav\u00e9s de la Secretar\u00eda de Obras P\u00fablicas, informa a la ciudadan\u00eda sobre","magazineBlocksPostCategories":["Los dos Laredos"],"magazineBlocksPostViewCount":156,"magazineBlocksPostReadTime":2,"magazine_blocks_featured_image_url":{"full":["https:\/\/pornuestrolaredo.com\/wp-content\/uploads\/2025\/04\/PNL-20250402-2.jpg",850,638,false],"medium":["https:\/\/pornuestrolaredo.com\/wp-content\/uploads\/2025\/04\/PNL-20250402-2-300x225.jpg",300,225,true],"thumbnail":["https:\/\/pornuestrolaredo.com\/wp-content\/uploads\/2025\/04\/PNL-20250402-2-150x150.jpg",150,150,true]},"magazine_blocks_author":{"display_name":"Redactor","author_link":"https:\/\/pornuestrolaredo.com\/?author=1"},"magazine_blocks_comment":0,"magazine_blocks_author_image":"https:\/\/pornuestrolaredo.com\/wp-content\/litespeed\/avatar\/dca1d7ec750c399f025f23b0b314f4cf.jpg?ver=1777612120","magazine_blocks_category":"<a href=\"#\" class=\"category-link category-link-4\">Los dos Laredos<\/a>","jetpack_publicize_connections":[],"featured_image_urls":{"full":["https:\/\/pornuestrolaredo.com\/wp-content\/uploads\/2025\/04\/PNL-20250402-2.jpg",850,638,false],"thumbnail":["https:\/\/pornuestrolaredo.com\/wp-content\/uploads\/2025\/04\/PNL-20250402-2-150x150.jpg",150,150,true],"medium":["https:\/\/pornuestrolaredo.com\/wp-content\/uploads\/2025\/04\/PNL-20250402-2-300x225.jpg",300,225,true],"medium_large":["https:\/\/pornuestrolaredo.com\/wp-content\/uploads\/2025\/04\/PNL-20250402-2-768x576.jpg",640,480,true],"large":["https:\/\/pornuestrolaredo.com\/wp-content\/uploads\/2025\/04\/PNL-20250402-2.jpg",640,480,false],"1536x1536":["https:\/\/pornuestrolaredo.com\/wp-content\/uploads\/2025\/04\/PNL-20250402-2.jpg",850,638,false],"2048x2048":["https:\/\/pornuestrolaredo.com\/wp-content\/uploads\/2025\/04\/PNL-20250402-2.jpg",850,638,false],"morenews-large":["https:\/\/pornuestrolaredo.com\/wp-content\/uploads\/2025\/04\/PNL-20250402-2.jpg",766,575,false],"morenews-medium":["https:\/\/pornuestrolaredo.com\/wp-content\/uploads\/2025\/04\/PNL-20250402-2.jpg",546,410,false]},"author_info":{"info":["Redactor"]},"category_info":"<a href=\"https:\/\/pornuestrolaredo.com\/?cat=4\" rel=\"category\">Los dos Laredos<\/a>","tag_info":"Los dos Laredos","comment_count":"0","jetpack_featured_media_url":"https:\/\/pornuestrolaredo.com\/wp-content\/uploads\/2025\/04\/PNL-20250402-2.jpg","jetpack_sharing_enabled":true,"_links":{"self":[{"href":"https:\/\/pornuestrolaredo.com\/index.php?rest_route=\/wp\/v2\/posts\/6429","targetHints":{"allow":["GET"]}}],"collection":[{"href":"https:\/\/pornuestrolaredo.com\/index.php?rest_route=\/wp\/v2\/posts"}],"about":[{"href":"https:\/\/pornuestrolaredo.com\/index.php?rest_route=\/wp\/v2\/types\/post"}],"author":[{"embeddable":true,"href":"https:\/\/pornuestrolaredo.com\/index.php?rest_route=\/wp\/v2\/users\/1"}],"replies":[{"embeddable":true,"href":"https:\/\/pornuestrolaredo.com\/index.php?rest_route=%2Fwp%2Fv2%2Fcomments&post=6429"}],"version-history":[{"count":1,"href":"https:\/\/pornuestrolaredo.com\/index.php?rest_route=\/wp\/v2\/posts\/6429\/revisions"}],"predecessor-version":[{"id":6431,"href":"https:\/\/pornuestrolaredo.com\/index.php?rest_route=\/wp\/v2\/posts\/6429\/revisions\/6431"}],"wp:featuredmedia":[{"embeddable":true,"href":"https:\/\/pornuestrolaredo.com\/index.php?rest_route=\/wp\/v2\/media\/6430"}],"wp:attachment":[{"href":"https:\/\/pornuestrolaredo.com\/index.php?rest_route=%2Fwp%2Fv2%2Fmedia&parent=6429"}],"wp:term":[{"taxonomy":"category","embeddable":true,"href":"https:\/\/pornuestrolaredo.com\/index.php?rest_route=%2Fwp%2Fv2%2Fcategories&post=6429"},{"taxonomy":"post_tag","embeddable":true,"href":"https:\/\/pornuestrolaredo.com\/index.php?rest_route=%2Fwp%2Fv2%2Ftags&post=6429"}],"curies":[{"name":"wp","href":"https:\/\/api.w.org\/{rel}","templated":true}]}}