{"id":644,"date":"2022-10-19T04:56:34","date_gmt":"2022-10-19T04:56:34","guid":{"rendered":"https:\/\/pornuestrolaredo.com\/?p=644"},"modified":"2022-10-19T04:56:34","modified_gmt":"2022-10-19T04:56:34","slug":"%ef%bf%bcpromete-amlo-apoyar-con-todo-a-tamaulipas","status":"publish","type":"post","link":"https:\/\/pornuestrolaredo.com\/?p=644","title":{"rendered":"\ufffcPromete AMLO apoyar con todo a Tamaulipas"},"content":{"rendered":"\n<p class=\"wp-block-paragraph\"><strong><em>CIUDAD VICTORIA.-<\/em><\/strong> Nuevo Laredo es una de las prioridades en el Plan de Apoyo a Tamaulipas que present\u00f3 este martes el presidente Andr\u00e9s Manuel L\u00f3pez Obrador.<\/p>\n\n\n\n<p class=\"wp-block-paragraph\">La construcci\u00f3n de la Agencia Nacional de Aduanas de M\u00e9xico encabeza la lista de las obras que realizar\u00e1 la administraci\u00f3n federal en Tamaulipas.<\/p>\n\n\n\n<p class=\"wp-block-paragraph\">Al presentar el Plan de Apoyo a Tamaulipas en presencia del gobernador Am\u00e9rico Villarreal Anaya y el gabinete federal, L\u00f3pez Obrador anunci\u00f3 que intensificar\u00e1 todas las acciones y programas de la Federaci\u00f3n, e incluso visitar\u00e1 la entidad m\u00e1s seguido.<\/p>\n\n\n\n<blockquote class=\"wp-block-quote is-layout-flow wp-block-quote-is-layout-flow\"><p>Vamos a apoyar en todo, lo hemos hecho a\u00fan en situaciones de dificultad porque independientemente de las diferencias partidistas o pol\u00edticas, tenemos que atender a la gente, atender al pueblo.<\/p><\/blockquote>\n\n\n\n<blockquote class=\"wp-block-quote is-layout-flow wp-block-quote-is-layout-flow\"><p>Y lo hemos hecho en circunstancias dif\u00edciles, yo creo que han quedado de manifiesto los resultados, desde que llegamos al Gobierno hemos estado atendiendo al pueblo de Tamaulipas. Vamos ahora desde luego a intensificar rodas las acciones\u201d, plante\u00f3 L\u00f3pez Obrador en el Polyf\u00f3rum de Ciudad Victoria.<\/p><\/blockquote>\n\n\n\n<p class=\"wp-block-paragraph\">Asegur\u00f3 que hay mejores e inmejorables condiciones para sacar a Tamaulipas adelante a trav\u00e9s de la ampliaci\u00f3n de los programas sociales y la canalizaci\u00f3n de m\u00e1s recursos.<\/p>\n\n\n\n<p class=\"wp-block-paragraph\">L\u00f3pez Obrador enlist\u00f3 una serie de medidas como la rehabilitaci\u00f3n de las aduanas fronterizas, el mejoramiento de los puertos, la ampliaci\u00f3n de la red de los bancos del bienestar y la inyecci\u00f3n de miles de millones de pesos a instalaciones de Pemex.<\/p>\n\n\n\n<p class=\"wp-block-paragraph\">En un evento que dur\u00f3 m\u00e1s de dos horas y concluy\u00f3 a las 9:30 de la noche, L\u00f3pez Obrador afirm\u00f3 que a Tamaulipas le fue mal porque imperaba la &#8220;peste&#8221; de la corrupci\u00f3n.<\/p>\n\n\n\n<blockquote class=\"wp-block-quote is-layout-flow wp-block-quote-is-layout-flow\"><p>A Tamaulipas y al pa\u00eds le fue mal porque imperaba la corrupci\u00f3n. Si se acaba con ese mal, con ese mal, con esa peste, desde luego que se sale adelante\u201d, subray\u00f3.<\/p><\/blockquote>\n\n\n\n<p class=\"wp-block-paragraph\">L\u00f3pez Obrador volvi\u00f3 a encabezar un acto p\u00fablico en esta entidad despu\u00e9s de casi dos a\u00f1os, y a menos de un mes de que termin\u00f3 la gesti\u00f3n de Francisco Garc\u00eda Cabeza de Vaca.<\/p>\n\n\n\n<p class=\"wp-block-paragraph\">Aunque no mencion\u00f3 al panista, quien es buscado con base en una orden de aprehensi\u00f3n, el presidente hizo \u00e9nfasis en la corrupci\u00f3n del pasado.<\/p>\n\n\n\n<blockquote class=\"wp-block-quote is-layout-flow wp-block-quote-is-layout-flow\"><p>Eso no lo entendieron y lo aplicaron durante d\u00e9cadas los gobernantes, ni siquiera se hablaba del grave problema, el principal problema de M\u00e9xico de la corrupci\u00f3n\u201d, a\u00f1adi\u00f3.<\/p><\/blockquote>\n\n\n\n<blockquote class=\"wp-block-quote is-layout-flow wp-block-quote-is-layout-flow\"><p>Van a contar con nosotros siempre; no ven\u00eda tanto a Tamaulipas, ahora s\u00ed voy a estar m\u00e1s seguido en Tamaulipas. Me da mucho gusto la verdad que tengan un gobernador como el doctor Villarreal&#8221;.<\/p><\/blockquote>\n\n\n\n<p class=\"wp-block-paragraph\">Acompa\u00f1ado de su gabinete, L\u00f3pez Obrador subray\u00f3 que Villarreal es un hombre \u00edntegro, honesto y que tiene una visi\u00f3n clara acerca del desarrollo del Estado.<\/p>\n\n\n\n<blockquote class=\"wp-block-quote is-layout-flow wp-block-quote-is-layout-flow\"><p>Esto va a ayudar mucho, desde luego, lo principal es la honestidad. Tambi\u00e9n felicitar al pueblo de Tamaulipas porque actuaron de manera ejemplar cuando ya era notoria, evidente, insoportable la decadencia&#8221;, abund\u00f3.<\/p><\/blockquote>\n\n\n\n<blockquote class=\"wp-block-quote is-layout-flow wp-block-quote-is-layout-flow\"><p>El pueblo de Tamaulipas dijo basta y opt\u00f3 por un cambio verdadero, enfrentando todas las adversidades, sobre todo el miedo que se auspici\u00f3 para que la gente no participara en el proceso electoral&#8221;, dijo el presidente.<\/p><\/blockquote>\n","protected":false},"excerpt":{"rendered":"<p>CIUDAD VICTORIA.- Nuevo Laredo es una de las prioridades en el Plan de Apoyo a Tamaulipas que present\u00f3<\/p>\n","protected":false},"author":1,"featured_media":645,"comment_status":"open","ping_status":"open","sticky":false,"template":"","format":"standard","meta":{"_crdt_document":"","_jetpack_memberships_contains_paid_content":false,"footnotes":"","jetpack_publicize_message":"La construcci\u00f3n de la la Agencia Nacional de Aduanas de M\u00e9xico es una de las obras prioritarias del Gobierno Federal","jetpack_publicize_feature_enabled":true,"jetpack_social_post_already_shared":true,"jetpack_social_options":{"image_generator_settings":{"template":"highway","default_image_id":0,"font":"","enabled":false},"version":2},"_wpas_customize_per_network":false},"categories":[11],"tags":[],"class_list":["post-644","post","type-post","status-publish","format-standard","has-post-thumbnail","hentry","category-tamaulipas"],"magazineBlocksPostFeaturedMedia":{"thumbnail":"https:\/\/pornuestrolaredo.com\/wp-content\/uploads\/2022\/10\/Stereo91-20221018-1-150x150.jpg","medium":"https:\/\/pornuestrolaredo.com\/wp-content\/uploads\/2022\/10\/Stereo91-20221018-1-300x200.jpg","medium_large":"https:\/\/pornuestrolaredo.com\/wp-content\/uploads\/2022\/10\/Stereo91-20221018-1-768x511.jpg","large":"https:\/\/pornuestrolaredo.com\/wp-content\/uploads\/2022\/10\/Stereo91-20221018-1-1024x682.jpg","1536x1536":"https:\/\/pornuestrolaredo.com\/wp-content\/uploads\/2022\/10\/Stereo91-20221018-1.jpg","2048x2048":"https:\/\/pornuestrolaredo.com\/wp-content\/uploads\/2022\/10\/Stereo91-20221018-1.jpg","morenews-large":"https:\/\/pornuestrolaredo.com\/wp-content\/uploads\/2022\/10\/Stereo91-20221018-1.jpg","morenews-medium":"https:\/\/pornuestrolaredo.com\/wp-content\/uploads\/2022\/10\/Stereo91-20221018-1.jpg"},"magazineBlocksPostAuthor":{"name":"Redactor","avatar":"https:\/\/pornuestrolaredo.com\/wp-content\/litespeed\/avatar\/dca1d7ec750c399f025f23b0b314f4cf.jpg?ver=1777612120"},"magazineBlocksPostCommentsNumber":false,"magazineBlocksPostExcerpt":"CIUDAD VICTORIA.- Nuevo Laredo es una de las prioridades en el Plan de Apoyo a Tamaulipas que present\u00f3","magazineBlocksPostCategories":["Tamaulipas"],"magazineBlocksPostViewCount":143,"magazineBlocksPostReadTime":3,"magazine_blocks_featured_image_url":{"full":["https:\/\/pornuestrolaredo.com\/wp-content\/uploads\/2022\/10\/Stereo91-20221018-1.jpg",1280,852,false],"medium":["https:\/\/pornuestrolaredo.com\/wp-content\/uploads\/2022\/10\/Stereo91-20221018-1-300x200.jpg",300,200,true],"thumbnail":["https:\/\/pornuestrolaredo.com\/wp-content\/uploads\/2022\/10\/Stereo91-20221018-1-150x150.jpg",150,150,true]},"magazine_blocks_author":{"display_name":"Redactor","author_link":"https:\/\/pornuestrolaredo.com\/?author=1"},"magazine_blocks_comment":0,"magazine_blocks_author_image":"https:\/\/pornuestrolaredo.com\/wp-content\/litespeed\/avatar\/dca1d7ec750c399f025f23b0b314f4cf.jpg?ver=1777612120","magazine_blocks_category":"<a href=\"#\" class=\"category-link category-link-11\">Tamaulipas<\/a>","jetpack_publicize_connections":[],"featured_image_urls":{"full":["https:\/\/pornuestrolaredo.com\/wp-content\/uploads\/2022\/10\/Stereo91-20221018-1.jpg",1280,852,false],"thumbnail":["https:\/\/pornuestrolaredo.com\/wp-content\/uploads\/2022\/10\/Stereo91-20221018-1-150x150.jpg",150,150,true],"medium":["https:\/\/pornuestrolaredo.com\/wp-content\/uploads\/2022\/10\/Stereo91-20221018-1-300x200.jpg",300,200,true],"medium_large":["https:\/\/pornuestrolaredo.com\/wp-content\/uploads\/2022\/10\/Stereo91-20221018-1-768x511.jpg",640,426,true],"large":["https:\/\/pornuestrolaredo.com\/wp-content\/uploads\/2022\/10\/Stereo91-20221018-1-1024x682.jpg",640,426,true],"1536x1536":["https:\/\/pornuestrolaredo.com\/wp-content\/uploads\/2022\/10\/Stereo91-20221018-1.jpg",1280,852,false],"2048x2048":["https:\/\/pornuestrolaredo.com\/wp-content\/uploads\/2022\/10\/Stereo91-20221018-1.jpg",1280,852,false],"morenews-large":["https:\/\/pornuestrolaredo.com\/wp-content\/uploads\/2022\/10\/Stereo91-20221018-1.jpg",825,549,false],"morenews-medium":["https:\/\/pornuestrolaredo.com\/wp-content\/uploads\/2022\/10\/Stereo91-20221018-1.jpg",590,393,false]},"author_info":{"info":["Redactor"]},"category_info":"<a href=\"https:\/\/pornuestrolaredo.com\/?cat=11\" rel=\"category\">Tamaulipas<\/a>","tag_info":"Tamaulipas","comment_count":"0","jetpack_featured_media_url":"https:\/\/pornuestrolaredo.com\/wp-content\/uploads\/2022\/10\/Stereo91-20221018-1.jpg","jetpack_sharing_enabled":true,"_links":{"self":[{"href":"https:\/\/pornuestrolaredo.com\/index.php?rest_route=\/wp\/v2\/posts\/644","targetHints":{"allow":["GET"]}}],"collection":[{"href":"https:\/\/pornuestrolaredo.com\/index.php?rest_route=\/wp\/v2\/posts"}],"about":[{"href":"https:\/\/pornuestrolaredo.com\/index.php?rest_route=\/wp\/v2\/types\/post"}],"author":[{"embeddable":true,"href":"https:\/\/pornuestrolaredo.com\/index.php?rest_route=\/wp\/v2\/users\/1"}],"replies":[{"embeddable":true,"href":"https:\/\/pornuestrolaredo.com\/index.php?rest_route=%2Fwp%2Fv2%2Fcomments&post=644"}],"version-history":[{"count":1,"href":"https:\/\/pornuestrolaredo.com\/index.php?rest_route=\/wp\/v2\/posts\/644\/revisions"}],"predecessor-version":[{"id":646,"href":"https:\/\/pornuestrolaredo.com\/index.php?rest_route=\/wp\/v2\/posts\/644\/revisions\/646"}],"wp:featuredmedia":[{"embeddable":true,"href":"https:\/\/pornuestrolaredo.com\/index.php?rest_route=\/wp\/v2\/media\/645"}],"wp:attachment":[{"href":"https:\/\/pornuestrolaredo.com\/index.php?rest_route=%2Fwp%2Fv2%2Fmedia&parent=644"}],"wp:term":[{"taxonomy":"category","embeddable":true,"href":"https:\/\/pornuestrolaredo.com\/index.php?rest_route=%2Fwp%2Fv2%2Fcategories&post=644"},{"taxonomy":"post_tag","embeddable":true,"href":"https:\/\/pornuestrolaredo.com\/index.php?rest_route=%2Fwp%2Fv2%2Ftags&post=644"}],"curies":[{"name":"wp","href":"https:\/\/api.w.org\/{rel}","templated":true}]}}