{"id":6441,"date":"2025-04-03T21:41:09","date_gmt":"2025-04-04T02:41:09","guid":{"rendered":"https:\/\/pornuestrolaredo.com\/?p=6441"},"modified":"2025-04-03T21:41:09","modified_gmt":"2025-04-04T02:41:09","slug":"lanzan-plan-mexico-para-conseguir-independencia-economica","status":"publish","type":"post","link":"https:\/\/pornuestrolaredo.com\/?p=6441","title":{"rendered":"Lanzan Plan M\u00e9xico para conseguir independencia econ\u00f3mica"},"content":{"rendered":"<p><strong><em>CIUDAD DE M\u00c9XICO.-<\/em><\/strong> Al enlistar 18 acciones del Plan M\u00e9xico, la Presidenta Claudia Sheinbaum dijo que buscar\u00e1n ampliar la fabricaci\u00f3n de veh\u00edculos que se hacen en el pa\u00eds.<\/p>\n<p>En el Museo Nacional de Antropolog\u00eda, Sheinbaum present\u00f3 medidas para fortalecer la econom\u00eda mexicana y el bienestar, luego del anuncio de aranceles del presidente Donald Trump.<\/p>\n<p>El sexto punto de los 18 que present\u00f3 Sheinbaum fue el tema del sector automotriz.<\/p>\n<blockquote><p>Ampliar la fabricaci\u00f3n nacional para el mercado interno de veh\u00edculos, robusteciendo innovaci\u00f3n, investigaci\u00f3n y desarrollo, as\u00ed como eficiencia energ\u00e9tica&#8221;, explic\u00f3.<\/p><\/blockquote>\n<blockquote><p>Tenemos el plan, hemos hablado con la industria automotriz. El objetivo es que la mayor parte de los veh\u00edculos que se consumen en M\u00e9xico sean fabricados en nuestro pa\u00eds con di\u00e1logo con los distintos pa\u00edses del mundo. Los decretos de este programa que est\u00e1n asociados tambi\u00e9n al di\u00e1logo con los Estados Unidos ser\u00e1n publicados el 16 de mayo&#8221;.<\/p><\/blockquote>\n<p>En el marco de la redefinici\u00f3n del comercio mundial, impulsada por la escalada arancelaria impuesta por Estado Unidos, Sheinbaum destac\u00f3 las 18 acciones para fortalecer la econom\u00eda del Pa\u00eds.<\/p>\n<p>Ante gobernadores, empresarios, legisladores y dem\u00e1s invitados, asegur\u00f3 que estas acciones permitir\u00e1n la creaci\u00f3n de miles de empleos, recuperar la soberan\u00eda energ\u00e9tica y alimentaria, as\u00ed como mejorar el bienestar de la poblaci\u00f3n.<\/p>\n<blockquote><p>Es el camino que estoy segura nos llevar\u00e1 a un M\u00e9xico con m\u00e1s empleo, bien remunerado, con menor pobreza y desigualdad con mayor inversi\u00f3n y producci\u00f3n, con m\u00e1s innovaci\u00f3n, menor contenido de carbono, que respete al medio ambiente y aumente nuestra autosuficiencia y soberan\u00eda&#8221;, se\u00f1al\u00f3 Sheinbaum.<\/p><\/blockquote>\n<p>Con la aceleraci\u00f3n de la inversi\u00f3n p\u00fablica, dijo, se espera generar, como m\u00ednimo, entre medio mill\u00f3n y un mill\u00f3n de empleos. La obras, indic\u00f3, ser\u00e1n impulsadas con las reformas legales que est\u00e1n por aprobarse en el Congreso, las cuales facilitan los procesos de contrataci\u00f3n.<\/p>\n<blockquote><p>(Vamos a) acelerar la construcci\u00f3n de vivienda y cr\u00e9ditos. Hab\u00edamos puesto una meta de 130 mil viviendas este a\u00f1o, pero le hemos aumentado a 180 mil viviendas en 2025 con Infonavit y Conavi&#8221;, expuso.<\/p><\/blockquote>\n<p>Adem\u00e1s, se\u00f1al\u00f3, se va a fortalecer y ampliar la fabricaci\u00f3n nacional para el mercado interno de la industria textil, del calzado, de muebles, de acero y aluminio, semiconductores, paneles fotovoltaicos, bater\u00edas, industria creativa, entre otros.<\/p>\n<p>Tambi\u00e9n, dijo, se va a aumentar la producci\u00f3n nacional de la industria farmac\u00e9utica y de equipos m\u00e9dicos a trav\u00e9s de la simplificaci\u00f3n administrativa.<\/p>\n<p>En materia agroalimentaria indic\u00f3 que aumentar\u00e1 la producci\u00f3n de ma\u00edz blanco de 21.3 millones de toneladas en 2024 a 25 millones de toneladas en 2025. En el caso de la leche, se aumentar\u00e1 la producci\u00f3n de 13 mil a 15 mil millones de litros y Liconsa incrementar\u00e1 la compra a peque\u00f1os productores de 687 a mil 300 millones de litros. Adem\u00e1s, va a aumentar la producci\u00f3n de arroz de 221 mil a 450 mil toneladas.<\/p>\n<p>En el caso de la autosuficiencia energ\u00e9tica, inform\u00f3 que se prev\u00e9 reducir la importaci\u00f3n de gas natural, aumentar la producci\u00f3n de gasolina y acelerar las inversiones en la industria el\u00e9ctrica.<\/p>\n<p>Sheinbaum dijo que el plan originalmente fue concebido para responder a la imposici\u00f3n de aranceles con la que hab\u00eda amagado Trump; sin embargo, M\u00e9xico junto con Canad\u00e1, en virtud del tratado de libre comercio, no fueron sujetos de la imposici\u00f3n tarifaria del 10 por ciento fijada para la mayor\u00eda de pa\u00edses.<\/p>\n<blockquote><p>Seguimos dialogando con el gobierno de los Estados Unidos los aranceles que fueron anunciados previamente, en ellos est\u00e1n, por supuesto, la industria del acero y el aluminio, y tambi\u00e9n de la industria automotriz. Creemos que con el di\u00e1logo que hemos establecido con el gobierno de los Estados Unidos estamos en condiciones de poder tener un mejor acuerdo&#8221;, agreg\u00f3.<\/p><\/blockquote>\n","protected":false},"excerpt":{"rendered":"<p>Es la respuesta mexicana a los aranceles del presidente Donald Trump; fortalecer\u00e1n la industria automotriz<\/p>\n","protected":false},"author":1,"featured_media":6442,"comment_status":"closed","ping_status":"closed","sticky":false,"template":"","format":"standard","meta":{"_crdt_document":"","_jetpack_memberships_contains_paid_content":false,"footnotes":"","jetpack_publicize_message":"","jetpack_publicize_feature_enabled":true,"jetpack_social_post_already_shared":true,"jetpack_social_options":{"image_generator_settings":{"template":"highway","default_image_id":0,"font":"","enabled":false},"version":2},"_wpas_customize_per_network":false},"categories":[33],"tags":[],"class_list":["post-6441","post","type-post","status-publish","format-standard","has-post-thumbnail","hentry","category-mexico"],"magazineBlocksPostFeaturedMedia":{"thumbnail":"https:\/\/pornuestrolaredo.com\/wp-content\/uploads\/2025\/04\/Stereo91-20250403-2-150x150.jpg","medium":"https:\/\/pornuestrolaredo.com\/wp-content\/uploads\/2025\/04\/Stereo91-20250403-2-300x188.jpg","medium_large":"https:\/\/pornuestrolaredo.com\/wp-content\/uploads\/2025\/04\/Stereo91-20250403-2-768x480.jpg","large":"https:\/\/pornuestrolaredo.com\/wp-content\/uploads\/2025\/04\/Stereo91-20250403-2-1000x625.jpg","1536x1536":"https:\/\/pornuestrolaredo.com\/wp-content\/uploads\/2025\/04\/Stereo91-20250403-2.jpg","2048x2048":"https:\/\/pornuestrolaredo.com\/wp-content\/uploads\/2025\/04\/Stereo91-20250403-2.jpg","morenews-large":"https:\/\/pornuestrolaredo.com\/wp-content\/uploads\/2025\/04\/Stereo91-20250403-2.jpg","morenews-medium":"https:\/\/pornuestrolaredo.com\/wp-content\/uploads\/2025\/04\/Stereo91-20250403-2.jpg"},"magazineBlocksPostAuthor":{"name":"Redactor","avatar":"https:\/\/pornuestrolaredo.com\/wp-content\/litespeed\/avatar\/dca1d7ec750c399f025f23b0b314f4cf.jpg?ver=1777612120"},"magazineBlocksPostCommentsNumber":false,"magazineBlocksPostExcerpt":"Es la respuesta mexicana a los aranceles del presidente Donald Trump; fortalecer\u00e1n la industria automotriz","magazineBlocksPostCategories":["Mexico"],"magazineBlocksPostViewCount":156,"magazineBlocksPostReadTime":4,"magazine_blocks_featured_image_url":{"full":["https:\/\/pornuestrolaredo.com\/wp-content\/uploads\/2025\/04\/Stereo91-20250403-2.jpg",1024,640,false],"medium":["https:\/\/pornuestrolaredo.com\/wp-content\/uploads\/2025\/04\/Stereo91-20250403-2-300x188.jpg",300,188,true],"thumbnail":["https:\/\/pornuestrolaredo.com\/wp-content\/uploads\/2025\/04\/Stereo91-20250403-2-150x150.jpg",150,150,true]},"magazine_blocks_author":{"display_name":"Redactor","author_link":"https:\/\/pornuestrolaredo.com\/?author=1"},"magazine_blocks_comment":0,"magazine_blocks_author_image":"https:\/\/pornuestrolaredo.com\/wp-content\/litespeed\/avatar\/dca1d7ec750c399f025f23b0b314f4cf.jpg?ver=1777612120","magazine_blocks_category":"<a href=\"#\" class=\"category-link category-link-33\">Mexico<\/a>","jetpack_publicize_connections":[],"featured_image_urls":{"full":["https:\/\/pornuestrolaredo.com\/wp-content\/uploads\/2025\/04\/Stereo91-20250403-2.jpg",1024,640,false],"thumbnail":["https:\/\/pornuestrolaredo.com\/wp-content\/uploads\/2025\/04\/Stereo91-20250403-2-150x150.jpg",150,150,true],"medium":["https:\/\/pornuestrolaredo.com\/wp-content\/uploads\/2025\/04\/Stereo91-20250403-2-300x188.jpg",300,188,true],"medium_large":["https:\/\/pornuestrolaredo.com\/wp-content\/uploads\/2025\/04\/Stereo91-20250403-2-768x480.jpg",640,400,true],"large":["https:\/\/pornuestrolaredo.com\/wp-content\/uploads\/2025\/04\/Stereo91-20250403-2-1000x625.jpg",640,400,true],"1536x1536":["https:\/\/pornuestrolaredo.com\/wp-content\/uploads\/2025\/04\/Stereo91-20250403-2.jpg",1024,640,false],"2048x2048":["https:\/\/pornuestrolaredo.com\/wp-content\/uploads\/2025\/04\/Stereo91-20250403-2.jpg",1024,640,false],"morenews-large":["https:\/\/pornuestrolaredo.com\/wp-content\/uploads\/2025\/04\/Stereo91-20250403-2.jpg",825,516,false],"morenews-medium":["https:\/\/pornuestrolaredo.com\/wp-content\/uploads\/2025\/04\/Stereo91-20250403-2.jpg",590,369,false]},"author_info":{"info":["Redactor"]},"category_info":"<a href=\"https:\/\/pornuestrolaredo.com\/?cat=33\" rel=\"category\">Mexico<\/a>","tag_info":"Mexico","comment_count":"0","jetpack_featured_media_url":"https:\/\/pornuestrolaredo.com\/wp-content\/uploads\/2025\/04\/Stereo91-20250403-2.jpg","jetpack_sharing_enabled":true,"_links":{"self":[{"href":"https:\/\/pornuestrolaredo.com\/index.php?rest_route=\/wp\/v2\/posts\/6441","targetHints":{"allow":["GET"]}}],"collection":[{"href":"https:\/\/pornuestrolaredo.com\/index.php?rest_route=\/wp\/v2\/posts"}],"about":[{"href":"https:\/\/pornuestrolaredo.com\/index.php?rest_route=\/wp\/v2\/types\/post"}],"author":[{"embeddable":true,"href":"https:\/\/pornuestrolaredo.com\/index.php?rest_route=\/wp\/v2\/users\/1"}],"replies":[{"embeddable":true,"href":"https:\/\/pornuestrolaredo.com\/index.php?rest_route=%2Fwp%2Fv2%2Fcomments&post=6441"}],"version-history":[{"count":1,"href":"https:\/\/pornuestrolaredo.com\/index.php?rest_route=\/wp\/v2\/posts\/6441\/revisions"}],"predecessor-version":[{"id":6443,"href":"https:\/\/pornuestrolaredo.com\/index.php?rest_route=\/wp\/v2\/posts\/6441\/revisions\/6443"}],"wp:featuredmedia":[{"embeddable":true,"href":"https:\/\/pornuestrolaredo.com\/index.php?rest_route=\/wp\/v2\/media\/6442"}],"wp:attachment":[{"href":"https:\/\/pornuestrolaredo.com\/index.php?rest_route=%2Fwp%2Fv2%2Fmedia&parent=6441"}],"wp:term":[{"taxonomy":"category","embeddable":true,"href":"https:\/\/pornuestrolaredo.com\/index.php?rest_route=%2Fwp%2Fv2%2Fcategories&post=6441"},{"taxonomy":"post_tag","embeddable":true,"href":"https:\/\/pornuestrolaredo.com\/index.php?rest_route=%2Fwp%2Fv2%2Ftags&post=6441"}],"curies":[{"name":"wp","href":"https:\/\/api.w.org\/{rel}","templated":true}]}}