{"id":647,"date":"2022-10-19T05:00:52","date_gmt":"2022-10-19T05:00:52","guid":{"rendered":"https:\/\/pornuestrolaredo.com\/?p=647"},"modified":"2022-10-19T05:00:52","modified_gmt":"2022-10-19T05:00:52","slug":"sera-tamaulipas-referente-positivo-de-la-patria%ef%bf%bc","status":"publish","type":"post","link":"https:\/\/pornuestrolaredo.com\/?p=647","title":{"rendered":"&#8216;Ser\u00e1 Tamaulipas referente positivo de la patria&#8217;\ufffc"},"content":{"rendered":"\n<p class=\"wp-block-paragraph\"><strong><em>CIUDAD VICTORIA.- <\/em><\/strong>El gobernador Am\u00e9rico Villarreal asegur\u00f3 que Tamaulipas ser\u00e1 un referente positivo de la patria y valor\u00f3 el apoyo del presidente de M\u00e9xico Andr\u00e9s Manuel L\u00f3pez Obrador, quien este martes asisti\u00f3 personalmente a la presentaci\u00f3n del Plan de Apoyo a Tamaulipas.<\/p>\n\n\n\n<p class=\"wp-block-paragraph\">Luego de escuchar la participaci\u00f3n de los secretarios del gobierno federal, el gobernador Am\u00e9rico Villarreal, acompa\u00f1ado de los integrantes de su gabinete, present\u00f3 una radiograf\u00eda de la situaci\u00f3n del estado a escasos d\u00edas de haber asumido la administraci\u00f3n estatal y expuso los proyectos de impacto nacional y regional para lograr la recuperaci\u00f3n y el desarrollo de la entidad.<\/p>\n\n\n\n<p class=\"wp-block-paragraph\">Ante el presidente L\u00f3pez Obrador, el Jefe del Ejecutivo Estatal plante\u00f3 proyectos h\u00eddricos, la modernizaci\u00f3n de las aduanas, el puente IV-V en Nuevo Laredo, el puerto de Altura en Matamoros, la Ampliaci\u00f3n de la carretera Victoria-Nuevo Le\u00f3n, el Recinto Fiscal en ciudad Victoria y ampliar y modernizar la aduana mar\u00edtima, entre otros.<\/p>\n\n\n\n<p class=\"wp-block-paragraph\">Dio a conocer los proyectos regionales para modernizar o terminar hospitales generales, construir una planta de fertilizantes en Reynosa y otra de productos balanceados en San Fernando, adem\u00e1s de la segunda l\u00ednea del acueducto para Victoria y el apoyo a unidades pesqueras en Soto La Marina y al ingenio de El Mante.<\/p>\n\n\n\n<p class=\"wp-block-paragraph\">El gobernador asegur\u00f3 que todo este plan as\u00ed como los proyectos de Planeaci\u00f3n H\u00eddrica Golfo Norte (PLHIGON) permitir\u00e1n impactar favorablemente para mejorar las condiciones de vida de las y los tamaulipecos y atender los rezagos acumulados.<\/p>\n\n\n\n<p class=\"wp-block-paragraph\">En materia de Salud, expuso que se requieren 218 millones de pesos para asegurar el suministro de insumos de salud para los pr\u00f3ximos seis meses.<\/p>\n\n\n\n<p class=\"wp-block-paragraph\">Asimismo, a nombre de los tamaulipecos, agradeci\u00f3 el apoyo brindado por los funcionarios del Gobierno Federal y reiter\u00f3 el compromiso para trabajar de la mano durante su gobierno. &#8220;Extenderles un agradecimiento por las acciones y el pendiente que han tenido para el bienestar de las y los tamaulipecos que nos dejan constancia de lo que se ha hecho y de la proyecci\u00f3n de lo que se estar\u00e1 haciendo en nuestra administraci\u00f3n&#8221;, manifest\u00f3.<\/p>\n","protected":false},"excerpt":{"rendered":"<p>CIUDAD VICTORIA.- El gobernador Am\u00e9rico Villarreal asegur\u00f3 que Tamaulipas ser\u00e1 un referente positivo de la patria y valor\u00f3<\/p>\n","protected":false},"author":1,"featured_media":648,"comment_status":"open","ping_status":"open","sticky":false,"template":"","format":"standard","meta":{"_crdt_document":"","_jetpack_memberships_contains_paid_content":false,"footnotes":"","jetpack_publicize_message":"Presentan el gobernador Am\u00e9rico Villarreal y su gabinete una radiograf\u00eda de la situaci\u00f3n del estado al presidente de la Rep\u00fablica","jetpack_publicize_feature_enabled":true,"jetpack_social_post_already_shared":true,"jetpack_social_options":{"image_generator_settings":{"template":"highway","default_image_id":0,"font":"","enabled":false},"version":2},"_wpas_customize_per_network":false},"categories":[11],"tags":[],"class_list":["post-647","post","type-post","status-publish","format-standard","has-post-thumbnail","hentry","category-tamaulipas"],"magazineBlocksPostFeaturedMedia":{"thumbnail":"https:\/\/pornuestrolaredo.com\/wp-content\/uploads\/2022\/10\/Stereo91-20221018-2-150x150.jpg","medium":"https:\/\/pornuestrolaredo.com\/wp-content\/uploads\/2022\/10\/Stereo91-20221018-2-300x200.jpg","medium_large":"https:\/\/pornuestrolaredo.com\/wp-content\/uploads\/2022\/10\/Stereo91-20221018-2-768x512.jpg","large":"https:\/\/pornuestrolaredo.com\/wp-content\/uploads\/2022\/10\/Stereo91-20221018-2.jpg","1536x1536":"https:\/\/pornuestrolaredo.com\/wp-content\/uploads\/2022\/10\/Stereo91-20221018-2.jpg","2048x2048":"https:\/\/pornuestrolaredo.com\/wp-content\/uploads\/2022\/10\/Stereo91-20221018-2.jpg","morenews-large":"https:\/\/pornuestrolaredo.com\/wp-content\/uploads\/2022\/10\/Stereo91-20221018-2.jpg","morenews-medium":"https:\/\/pornuestrolaredo.com\/wp-content\/uploads\/2022\/10\/Stereo91-20221018-2.jpg"},"magazineBlocksPostAuthor":{"name":"Redactor","avatar":"https:\/\/pornuestrolaredo.com\/wp-content\/litespeed\/avatar\/dca1d7ec750c399f025f23b0b314f4cf.jpg?ver=1777612120"},"magazineBlocksPostCommentsNumber":false,"magazineBlocksPostExcerpt":"CIUDAD VICTORIA.- El gobernador Am\u00e9rico Villarreal asegur\u00f3 que Tamaulipas ser\u00e1 un referente positivo de la patria y valor\u00f3","magazineBlocksPostCategories":["Tamaulipas"],"magazineBlocksPostViewCount":122,"magazineBlocksPostReadTime":2,"magazine_blocks_featured_image_url":{"full":["https:\/\/pornuestrolaredo.com\/wp-content\/uploads\/2022\/10\/Stereo91-20221018-2.jpg",1024,683,false],"medium":["https:\/\/pornuestrolaredo.com\/wp-content\/uploads\/2022\/10\/Stereo91-20221018-2-300x200.jpg",300,200,true],"thumbnail":["https:\/\/pornuestrolaredo.com\/wp-content\/uploads\/2022\/10\/Stereo91-20221018-2-150x150.jpg",150,150,true]},"magazine_blocks_author":{"display_name":"Redactor","author_link":"https:\/\/pornuestrolaredo.com\/?author=1"},"magazine_blocks_comment":0,"magazine_blocks_author_image":"https:\/\/pornuestrolaredo.com\/wp-content\/litespeed\/avatar\/dca1d7ec750c399f025f23b0b314f4cf.jpg?ver=1777612120","magazine_blocks_category":"<a href=\"#\" class=\"category-link category-link-11\">Tamaulipas<\/a>","jetpack_publicize_connections":[],"featured_image_urls":{"full":["https:\/\/pornuestrolaredo.com\/wp-content\/uploads\/2022\/10\/Stereo91-20221018-2.jpg",1024,683,false],"thumbnail":["https:\/\/pornuestrolaredo.com\/wp-content\/uploads\/2022\/10\/Stereo91-20221018-2-150x150.jpg",150,150,true],"medium":["https:\/\/pornuestrolaredo.com\/wp-content\/uploads\/2022\/10\/Stereo91-20221018-2-300x200.jpg",300,200,true],"medium_large":["https:\/\/pornuestrolaredo.com\/wp-content\/uploads\/2022\/10\/Stereo91-20221018-2-768x512.jpg",640,427,true],"large":["https:\/\/pornuestrolaredo.com\/wp-content\/uploads\/2022\/10\/Stereo91-20221018-2.jpg",640,427,false],"1536x1536":["https:\/\/pornuestrolaredo.com\/wp-content\/uploads\/2022\/10\/Stereo91-20221018-2.jpg",1024,683,false],"2048x2048":["https:\/\/pornuestrolaredo.com\/wp-content\/uploads\/2022\/10\/Stereo91-20221018-2.jpg",1024,683,false],"morenews-large":["https:\/\/pornuestrolaredo.com\/wp-content\/uploads\/2022\/10\/Stereo91-20221018-2.jpg",825,550,false],"morenews-medium":["https:\/\/pornuestrolaredo.com\/wp-content\/uploads\/2022\/10\/Stereo91-20221018-2.jpg",590,394,false]},"author_info":{"info":["Redactor"]},"category_info":"<a href=\"https:\/\/pornuestrolaredo.com\/?cat=11\" rel=\"category\">Tamaulipas<\/a>","tag_info":"Tamaulipas","comment_count":"0","jetpack_featured_media_url":"https:\/\/pornuestrolaredo.com\/wp-content\/uploads\/2022\/10\/Stereo91-20221018-2.jpg","jetpack_sharing_enabled":true,"_links":{"self":[{"href":"https:\/\/pornuestrolaredo.com\/index.php?rest_route=\/wp\/v2\/posts\/647","targetHints":{"allow":["GET"]}}],"collection":[{"href":"https:\/\/pornuestrolaredo.com\/index.php?rest_route=\/wp\/v2\/posts"}],"about":[{"href":"https:\/\/pornuestrolaredo.com\/index.php?rest_route=\/wp\/v2\/types\/post"}],"author":[{"embeddable":true,"href":"https:\/\/pornuestrolaredo.com\/index.php?rest_route=\/wp\/v2\/users\/1"}],"replies":[{"embeddable":true,"href":"https:\/\/pornuestrolaredo.com\/index.php?rest_route=%2Fwp%2Fv2%2Fcomments&post=647"}],"version-history":[{"count":1,"href":"https:\/\/pornuestrolaredo.com\/index.php?rest_route=\/wp\/v2\/posts\/647\/revisions"}],"predecessor-version":[{"id":649,"href":"https:\/\/pornuestrolaredo.com\/index.php?rest_route=\/wp\/v2\/posts\/647\/revisions\/649"}],"wp:featuredmedia":[{"embeddable":true,"href":"https:\/\/pornuestrolaredo.com\/index.php?rest_route=\/wp\/v2\/media\/648"}],"wp:attachment":[{"href":"https:\/\/pornuestrolaredo.com\/index.php?rest_route=%2Fwp%2Fv2%2Fmedia&parent=647"}],"wp:term":[{"taxonomy":"category","embeddable":true,"href":"https:\/\/pornuestrolaredo.com\/index.php?rest_route=%2Fwp%2Fv2%2Fcategories&post=647"},{"taxonomy":"post_tag","embeddable":true,"href":"https:\/\/pornuestrolaredo.com\/index.php?rest_route=%2Fwp%2Fv2%2Ftags&post=647"}],"curies":[{"name":"wp","href":"https:\/\/api.w.org\/{rel}","templated":true}]}}