{"id":6471,"date":"2025-04-07T14:29:06","date_gmt":"2025-04-07T19:29:06","guid":{"rendered":"https:\/\/pornuestrolaredo.com\/?p=6471"},"modified":"2025-04-07T14:31:08","modified_gmt":"2025-04-07T19:31:08","slug":"en-realidad-no-se-vera-rosa-se-llama-asi-en-honor-a-una-flor-silvestre-que-aparece-en-estas-fechas","status":"publish","type":"post","link":"https:\/\/pornuestrolaredo.com\/?p=6471","title":{"rendered":"Adornar\u00e1 el cielo de los dos Laredos la \u2018Luna Rosa\u2019"},"content":{"rendered":"\r\n<p class=\"wp-block-paragraph\"><strong><em>LOS DOS LAREDOS.-<\/em><\/strong> El domingo, antes de anochecer, el cielo ser\u00e1 adornado por la Luna \u201cRosa\u201d, un espect\u00e1culo que acompa\u00f1a al primer mes de la primavera y que brinda una oportunidad a los amantes de nuestro sat\u00e9lite de admirarla con gran detalle.<\/p>\r\n\r\n\r\n\r\n<p class=\"wp-block-paragraph\">No, no espere ver la Luna de color rosa\u2026 s\u00f3lo se le llama as\u00ed porque as\u00ed la bautizaron de los pueblos nativos de Am\u00e9rica del Norte. Ellos la asociaban con la floraci\u00f3n del Phlox subulata, una planta de tono rosado que cubre los campos en abril. Este t\u00e9rmino tradicional ha sido adoptado por diversas culturas como una forma po\u00e9tica de nombrar a la luna llena de abril.<\/p>\r\n\r\n\r\n\r\n<p class=\"wp-block-paragraph\">Se espera que la Luna ofrezca su m\u00e1ximo esplendor a las 5:22 de la tarde, hora de los dos Laredos, este domingo 13 de abril.<\/p>\r\n\r\n\r\n\r\n<p class=\"wp-block-paragraph\">La Luna Rosa de 2025 coincide con el Domingo de Ramos, algo que se da raras veces, dado que ambas fechas son cambiantes.<\/p>\r\n\r\n\r\n\r\n<p class=\"wp-block-paragraph\">En muchas culturas, la Luna llena en Semana Santa representa renovaci\u00f3n y esperanza.<\/p>\r\n\r\n\r\n\r\n<p class=\"wp-block-paragraph\">Para disfrutarla al m\u00e1ximo, lo ideal es planear con anticipaci\u00f3n y elegir bien el lugar donde verla. Si te encuentras en una zona urbana, considera desplazarte hacia \u00e1reas m\u00e1s abiertas o elevadas, donde la vista no est\u00e9 obstruida por edificios o \u00e1rboles. As\u00ed podr\u00e1s disfrutar del fen\u00f3meno con mayor claridad y sin interferencias. Para vivir la experiencia completa de la Luna Rosa, es clave alejarse de la contaminaci\u00f3n lum\u00ednica. Lugares como miradores, parques o zonas rurales ofrecen cielos m\u00e1s limpios y despejados, ideales para ver el brillo lunar sin distracciones. Mientras m\u00e1s oscura sea la zona, m\u00e1s impresionante se ver\u00e1 el sat\u00e9lite.<\/p>\r\n","protected":false},"excerpt":{"rendered":"<p>LOS DOS LAREDOS.- El domingo, antes de anochecer, el cielo ser\u00e1 adornado por la Luna \u201cRosa\u201d, un espect\u00e1culo<\/p>\n","protected":false},"author":1,"featured_media":6472,"comment_status":"open","ping_status":"open","sticky":false,"template":"","format":"standard","meta":{"_crdt_document":"","_jetpack_memberships_contains_paid_content":false,"footnotes":"","jetpack_publicize_message":"","jetpack_publicize_feature_enabled":true,"jetpack_social_post_already_shared":true,"jetpack_social_options":{"image_generator_settings":{"template":"highway","default_image_id":0,"font":"","enabled":false},"version":2},"_wpas_customize_per_network":false},"categories":[4],"tags":[],"class_list":["post-6471","post","type-post","status-publish","format-standard","has-post-thumbnail","hentry","category-los-dos-laredos"],"magazineBlocksPostFeaturedMedia":{"thumbnail":"https:\/\/pornuestrolaredo.com\/wp-content\/uploads\/2025\/04\/PNL-20250407-1-150x150.jpg","medium":"https:\/\/pornuestrolaredo.com\/wp-content\/uploads\/2025\/04\/PNL-20250407-1-300x211.jpg","medium_large":"https:\/\/pornuestrolaredo.com\/wp-content\/uploads\/2025\/04\/PNL-20250407-1-768x540.jpg","large":"https:\/\/pornuestrolaredo.com\/wp-content\/uploads\/2025\/04\/PNL-20250407-1-1000x703.jpg","1536x1536":"https:\/\/pornuestrolaredo.com\/wp-content\/uploads\/2025\/04\/PNL-20250407-1.jpg","2048x2048":"https:\/\/pornuestrolaredo.com\/wp-content\/uploads\/2025\/04\/PNL-20250407-1.jpg","morenews-large":"https:\/\/pornuestrolaredo.com\/wp-content\/uploads\/2025\/04\/PNL-20250407-1.jpg","morenews-medium":"https:\/\/pornuestrolaredo.com\/wp-content\/uploads\/2025\/04\/PNL-20250407-1.jpg"},"magazineBlocksPostAuthor":{"name":"Redactor","avatar":"https:\/\/pornuestrolaredo.com\/wp-content\/litespeed\/avatar\/dca1d7ec750c399f025f23b0b314f4cf.jpg?ver=1777612120"},"magazineBlocksPostCommentsNumber":false,"magazineBlocksPostExcerpt":"LOS DOS LAREDOS.- El domingo, antes de anochecer, el cielo ser\u00e1 adornado por la Luna \u201cRosa\u201d, un espect\u00e1culo","magazineBlocksPostCategories":["Los dos Laredos"],"magazineBlocksPostViewCount":118,"magazineBlocksPostReadTime":2,"magazine_blocks_featured_image_url":{"full":["https:\/\/pornuestrolaredo.com\/wp-content\/uploads\/2025\/04\/PNL-20250407-1.jpg",1280,900,false],"medium":["https:\/\/pornuestrolaredo.com\/wp-content\/uploads\/2025\/04\/PNL-20250407-1-300x211.jpg",300,211,true],"thumbnail":["https:\/\/pornuestrolaredo.com\/wp-content\/uploads\/2025\/04\/PNL-20250407-1-150x150.jpg",150,150,true]},"magazine_blocks_author":{"display_name":"Redactor","author_link":"https:\/\/pornuestrolaredo.com\/?author=1"},"magazine_blocks_comment":0,"magazine_blocks_author_image":"https:\/\/pornuestrolaredo.com\/wp-content\/litespeed\/avatar\/dca1d7ec750c399f025f23b0b314f4cf.jpg?ver=1777612120","magazine_blocks_category":"<a href=\"#\" class=\"category-link category-link-4\">Los dos Laredos<\/a>","jetpack_publicize_connections":[],"featured_image_urls":{"full":["https:\/\/pornuestrolaredo.com\/wp-content\/uploads\/2025\/04\/PNL-20250407-1.jpg",1280,900,false],"thumbnail":["https:\/\/pornuestrolaredo.com\/wp-content\/uploads\/2025\/04\/PNL-20250407-1-150x150.jpg",150,150,true],"medium":["https:\/\/pornuestrolaredo.com\/wp-content\/uploads\/2025\/04\/PNL-20250407-1-300x211.jpg",300,211,true],"medium_large":["https:\/\/pornuestrolaredo.com\/wp-content\/uploads\/2025\/04\/PNL-20250407-1-768x540.jpg",640,450,true],"large":["https:\/\/pornuestrolaredo.com\/wp-content\/uploads\/2025\/04\/PNL-20250407-1-1000x703.jpg",640,450,true],"1536x1536":["https:\/\/pornuestrolaredo.com\/wp-content\/uploads\/2025\/04\/PNL-20250407-1.jpg",1280,900,false],"2048x2048":["https:\/\/pornuestrolaredo.com\/wp-content\/uploads\/2025\/04\/PNL-20250407-1.jpg",1280,900,false],"morenews-large":["https:\/\/pornuestrolaredo.com\/wp-content\/uploads\/2025\/04\/PNL-20250407-1.jpg",818,575,false],"morenews-medium":["https:\/\/pornuestrolaredo.com\/wp-content\/uploads\/2025\/04\/PNL-20250407-1.jpg",583,410,false]},"author_info":{"info":["Redactor"]},"category_info":"<a href=\"https:\/\/pornuestrolaredo.com\/?cat=4\" rel=\"category\">Los dos Laredos<\/a>","tag_info":"Los dos Laredos","comment_count":"0","jetpack_featured_media_url":"https:\/\/pornuestrolaredo.com\/wp-content\/uploads\/2025\/04\/PNL-20250407-1.jpg","jetpack_sharing_enabled":true,"_links":{"self":[{"href":"https:\/\/pornuestrolaredo.com\/index.php?rest_route=\/wp\/v2\/posts\/6471","targetHints":{"allow":["GET"]}}],"collection":[{"href":"https:\/\/pornuestrolaredo.com\/index.php?rest_route=\/wp\/v2\/posts"}],"about":[{"href":"https:\/\/pornuestrolaredo.com\/index.php?rest_route=\/wp\/v2\/types\/post"}],"author":[{"embeddable":true,"href":"https:\/\/pornuestrolaredo.com\/index.php?rest_route=\/wp\/v2\/users\/1"}],"replies":[{"embeddable":true,"href":"https:\/\/pornuestrolaredo.com\/index.php?rest_route=%2Fwp%2Fv2%2Fcomments&post=6471"}],"version-history":[{"count":3,"href":"https:\/\/pornuestrolaredo.com\/index.php?rest_route=\/wp\/v2\/posts\/6471\/revisions"}],"predecessor-version":[{"id":6475,"href":"https:\/\/pornuestrolaredo.com\/index.php?rest_route=\/wp\/v2\/posts\/6471\/revisions\/6475"}],"wp:featuredmedia":[{"embeddable":true,"href":"https:\/\/pornuestrolaredo.com\/index.php?rest_route=\/wp\/v2\/media\/6472"}],"wp:attachment":[{"href":"https:\/\/pornuestrolaredo.com\/index.php?rest_route=%2Fwp%2Fv2%2Fmedia&parent=6471"}],"wp:term":[{"taxonomy":"category","embeddable":true,"href":"https:\/\/pornuestrolaredo.com\/index.php?rest_route=%2Fwp%2Fv2%2Fcategories&post=6471"},{"taxonomy":"post_tag","embeddable":true,"href":"https:\/\/pornuestrolaredo.com\/index.php?rest_route=%2Fwp%2Fv2%2Ftags&post=6471"}],"curies":[{"name":"wp","href":"https:\/\/api.w.org\/{rel}","templated":true}]}}