{"id":6508,"date":"2025-04-10T22:39:34","date_gmt":"2025-04-11T03:39:34","guid":{"rendered":"https:\/\/pornuestrolaredo.com\/?p=6508"},"modified":"2025-04-10T22:39:34","modified_gmt":"2025-04-11T03:39:34","slug":"cae-helicoptero-a-rio-hay-seis-victimas","status":"publish","type":"post","link":"https:\/\/pornuestrolaredo.com\/?p=6508","title":{"rendered":"Cae helic\u00f3ptero a r\u00edo; hay seis v\u00edctimas"},"content":{"rendered":"<p><strong><em>NUEVA YORK.- <\/em><\/strong>Un helic\u00f3ptero tur\u00edstico de Nueva York se parti\u00f3 en el aire el jueves y se estrell\u00f3 boca abajo en el r\u00edo Hudson, matando al piloto y a una familia de cinco turistas espa\u00f1oles en el desastre de la aviaci\u00f3n m\u00e1s reciente en Estados Unidos, seg\u00fan las autoridades.<\/p>\n<p>El alcalde neoyorquino Eric Adams dijo que el vuelo parti\u00f3 de un helipuerto del centro de la ciudad hacia las 3 de la tarde y que los muertos, incluidos tres ni\u00f1os, hab\u00edan sido recuperados y sacados del agua. El vuelo, que llev\u00f3 a la aeronave hacia el norte a lo largo del horizonte de Manhattan y luego de vuelta hacia el sur en direcci\u00f3n a la Estatua de la Libertad, dur\u00f3 menos de 18 minutos.<\/p>\n<p>El testigo Bruce Wall dijo que vio c\u00f3mo el helic\u00f3ptero \u201cse deshac\u00eda\u201d en el aire, y la cola y la h\u00e9lice se desprend\u00edan. La h\u00e9lice segu\u00eda girando sin la aeronave mientras ca\u00eda al agua, coment\u00f3.<\/p>\n<p>Dani Horbiak estaba en su casa de Jersey City, Nueva Jersey, cuando escuch\u00f3 lo que parec\u00edan \u201cvarios disparos seguidos en el aire\u201d. Mir\u00f3 por la ventana y vio el helic\u00f3ptero \u201ccaer en varios pedazos en el r\u00edo\u201d.<\/p>\n<p>El helic\u00f3ptero giraba descontroladamente con \u201cun mont\u00f3n de humo que sal\u00eda de \u00e9l\u201d hasta que se estrell\u00f3 en el agua con fuerza, se\u00f1al\u00f3 Lesly Camacho, una anfitriona en un restaurante ubicado en la orilla del r\u00edo en Hoboken, Nueva Jersey.<\/p>\n<p>Videos del incidente mostraba partes del helic\u00f3ptero cayendo por los aires hacia el agua. La aeronave volcada estaba sumergida y hab\u00eda botes de rescate rode\u00e1ndola, cerca del extremo de un largo muelle de mantenimiento de una torre de ventilaci\u00f3n que da servicio al t\u00fanel Holland, en el lado de Nueva Jersey del r\u00edo.<\/p>\n<p>El vuelo era operado por New York Helicopters, dijeron las autoridades. Nadie contest\u00f3 al tel\u00e9fono en las oficinas de la empresa en Nueva York y Nueva Jersey.<\/p>\n<p>Una persona que contest\u00f3 al tel\u00e9fono en casa del propietario de la empresa, Michael Roth, declin\u00f3 hacer comentarios. Sin embargo, Roth declar\u00f3 al New York Post que estaba devastado y que no ten\u00eda \u201cni idea\u201d de por qu\u00e9 se hab\u00eda producido el accidente.<\/p>\n<blockquote><p>Lo \u00fanico que s\u00e9 viendo un video del helic\u00f3ptero cayendo, es que las palas del rotor principal no estaban en el helic\u00f3ptero\u201d, coment\u00f3 de acuerdo con el diario. A\u00f1adi\u00f3 que no hab\u00eda visto que ocurriera algo as\u00ed durante sus 30 a\u00f1os en el negocio de los helic\u00f3pteros, pero se\u00f1al\u00f3: \u201cSon m\u00e1quinas y se rompen\u201d.<\/p><\/blockquote>\n<p>Se enviaron correos electr\u00f3nicos en busca de comentarios a los abogados que han representado a Roth en el pasado.<\/p>\n<p>La Administraci\u00f3n Federal de Aviaci\u00f3n (FAA, por sus siglas en ingl\u00e9s) identific\u00f3 el helic\u00f3ptero como un Bell 206, un modelo ampliamente utilizado en la aviaci\u00f3n comercial y gubernamental, incluidas empresas de turismo, cadenas de noticias de televisi\u00f3n y departamentos de polic\u00eda. En un principio se hab\u00eda desarrollado para el ej\u00e9rcito estadounidense, pero posteriormente fue adaptado para otros usos. Se han fabricado miles a lo largo de los a\u00f1os.<\/p>\n<p>La Junta Nacional de Seguridad en el Transporte dijeron que abrir\u00e1n una investigaci\u00f3n al respecto.<\/p>\n<p>Un video de la ca\u00edda del helic\u00f3ptero sugiere que una \u201cfalla mec\u00e1nica catastr\u00f3fica\u201d dej\u00f3 al piloto sin posibilidad de salvar la aeronave, coment\u00f3 Justin Green, abogado especializado en aviaci\u00f3n que fue piloto de helic\u00f3pteros en el Cuerpo de Infanter\u00eda de la Marina.<\/p>\n<p>Es posible que los rotores principales del helic\u00f3ptero golpearan el brazo de cola, rompi\u00e9ndolo y provocando la ca\u00edda libre de la cabina, dijo Green.<\/p>\n","protected":false},"excerpt":{"rendered":"<p>El aparato, usado para paseos tur\u00edsticos, llevaba al piloto y una familia de cinco espa\u00f1oles, incluidos tres ni\u00f1os<\/p>\n","protected":false},"author":1,"featured_media":6509,"comment_status":"closed","ping_status":"closed","sticky":false,"template":"","format":"standard","meta":{"_crdt_document":"","_jetpack_memberships_contains_paid_content":false,"footnotes":"","jetpack_publicize_message":"","jetpack_publicize_feature_enabled":true,"jetpack_social_post_already_shared":true,"jetpack_social_options":{"image_generator_settings":{"template":"highway","default_image_id":0,"font":"","enabled":false},"version":2},"_wpas_customize_per_network":false},"categories":[9],"tags":[],"class_list":["post-6508","post","type-post","status-publish","format-standard","has-post-thumbnail","hentry","category-el-mundo"],"magazineBlocksPostFeaturedMedia":{"thumbnail":"https:\/\/pornuestrolaredo.com\/wp-content\/uploads\/2025\/04\/PNL-20250410-4-1-150x150.jpg","medium":"https:\/\/pornuestrolaredo.com\/wp-content\/uploads\/2025\/04\/PNL-20250410-4-1-300x171.jpg","medium_large":"https:\/\/pornuestrolaredo.com\/wp-content\/uploads\/2025\/04\/PNL-20250410-4-1-768x438.jpg","large":"https:\/\/pornuestrolaredo.com\/wp-content\/uploads\/2025\/04\/PNL-20250410-4-1.jpg","1536x1536":"https:\/\/pornuestrolaredo.com\/wp-content\/uploads\/2025\/04\/PNL-20250410-4-1.jpg","2048x2048":"https:\/\/pornuestrolaredo.com\/wp-content\/uploads\/2025\/04\/PNL-20250410-4-1.jpg","morenews-large":"https:\/\/pornuestrolaredo.com\/wp-content\/uploads\/2025\/04\/PNL-20250410-4-1.jpg","morenews-medium":"https:\/\/pornuestrolaredo.com\/wp-content\/uploads\/2025\/04\/PNL-20250410-4-1.jpg"},"magazineBlocksPostAuthor":{"name":"Redactor","avatar":"https:\/\/pornuestrolaredo.com\/wp-content\/litespeed\/avatar\/dca1d7ec750c399f025f23b0b314f4cf.jpg?ver=1777612120"},"magazineBlocksPostCommentsNumber":false,"magazineBlocksPostExcerpt":"El aparato, usado para paseos tur\u00edsticos, llevaba al piloto y una familia de cinco espa\u00f1oles, incluidos tres ni\u00f1os","magazineBlocksPostCategories":["El Mundo"],"magazineBlocksPostViewCount":143,"magazineBlocksPostReadTime":4,"magazine_blocks_featured_image_url":{"full":["https:\/\/pornuestrolaredo.com\/wp-content\/uploads\/2025\/04\/PNL-20250410-4-1.jpg",960,548,false],"medium":["https:\/\/pornuestrolaredo.com\/wp-content\/uploads\/2025\/04\/PNL-20250410-4-1-300x171.jpg",300,171,true],"thumbnail":["https:\/\/pornuestrolaredo.com\/wp-content\/uploads\/2025\/04\/PNL-20250410-4-1-150x150.jpg",150,150,true]},"magazine_blocks_author":{"display_name":"Redactor","author_link":"https:\/\/pornuestrolaredo.com\/?author=1"},"magazine_blocks_comment":0,"magazine_blocks_author_image":"https:\/\/pornuestrolaredo.com\/wp-content\/litespeed\/avatar\/dca1d7ec750c399f025f23b0b314f4cf.jpg?ver=1777612120","magazine_blocks_category":"<a href=\"#\" class=\"category-link category-link-9\">El Mundo<\/a>","jetpack_publicize_connections":[],"featured_image_urls":{"full":["https:\/\/pornuestrolaredo.com\/wp-content\/uploads\/2025\/04\/PNL-20250410-4-1.jpg",960,548,false],"thumbnail":["https:\/\/pornuestrolaredo.com\/wp-content\/uploads\/2025\/04\/PNL-20250410-4-1-150x150.jpg",150,150,true],"medium":["https:\/\/pornuestrolaredo.com\/wp-content\/uploads\/2025\/04\/PNL-20250410-4-1-300x171.jpg",300,171,true],"medium_large":["https:\/\/pornuestrolaredo.com\/wp-content\/uploads\/2025\/04\/PNL-20250410-4-1-768x438.jpg",640,365,true],"large":["https:\/\/pornuestrolaredo.com\/wp-content\/uploads\/2025\/04\/PNL-20250410-4-1.jpg",640,365,false],"1536x1536":["https:\/\/pornuestrolaredo.com\/wp-content\/uploads\/2025\/04\/PNL-20250410-4-1.jpg",960,548,false],"2048x2048":["https:\/\/pornuestrolaredo.com\/wp-content\/uploads\/2025\/04\/PNL-20250410-4-1.jpg",960,548,false],"morenews-large":["https:\/\/pornuestrolaredo.com\/wp-content\/uploads\/2025\/04\/PNL-20250410-4-1.jpg",825,471,false],"morenews-medium":["https:\/\/pornuestrolaredo.com\/wp-content\/uploads\/2025\/04\/PNL-20250410-4-1.jpg",590,337,false]},"author_info":{"info":["Redactor"]},"category_info":"<a href=\"https:\/\/pornuestrolaredo.com\/?cat=9\" rel=\"category\">El Mundo<\/a>","tag_info":"El Mundo","comment_count":"0","jetpack_featured_media_url":"https:\/\/pornuestrolaredo.com\/wp-content\/uploads\/2025\/04\/PNL-20250410-4-1.jpg","jetpack_sharing_enabled":true,"_links":{"self":[{"href":"https:\/\/pornuestrolaredo.com\/index.php?rest_route=\/wp\/v2\/posts\/6508","targetHints":{"allow":["GET"]}}],"collection":[{"href":"https:\/\/pornuestrolaredo.com\/index.php?rest_route=\/wp\/v2\/posts"}],"about":[{"href":"https:\/\/pornuestrolaredo.com\/index.php?rest_route=\/wp\/v2\/types\/post"}],"author":[{"embeddable":true,"href":"https:\/\/pornuestrolaredo.com\/index.php?rest_route=\/wp\/v2\/users\/1"}],"replies":[{"embeddable":true,"href":"https:\/\/pornuestrolaredo.com\/index.php?rest_route=%2Fwp%2Fv2%2Fcomments&post=6508"}],"version-history":[{"count":1,"href":"https:\/\/pornuestrolaredo.com\/index.php?rest_route=\/wp\/v2\/posts\/6508\/revisions"}],"predecessor-version":[{"id":6510,"href":"https:\/\/pornuestrolaredo.com\/index.php?rest_route=\/wp\/v2\/posts\/6508\/revisions\/6510"}],"wp:featuredmedia":[{"embeddable":true,"href":"https:\/\/pornuestrolaredo.com\/index.php?rest_route=\/wp\/v2\/media\/6509"}],"wp:attachment":[{"href":"https:\/\/pornuestrolaredo.com\/index.php?rest_route=%2Fwp%2Fv2%2Fmedia&parent=6508"}],"wp:term":[{"taxonomy":"category","embeddable":true,"href":"https:\/\/pornuestrolaredo.com\/index.php?rest_route=%2Fwp%2Fv2%2Fcategories&post=6508"},{"taxonomy":"post_tag","embeddable":true,"href":"https:\/\/pornuestrolaredo.com\/index.php?rest_route=%2Fwp%2Fv2%2Ftags&post=6508"}],"curies":[{"name":"wp","href":"https:\/\/api.w.org\/{rel}","templated":true}]}}