{"id":6515,"date":"2025-04-15T22:19:08","date_gmt":"2025-04-16T03:19:08","guid":{"rendered":"https:\/\/pornuestrolaredo.com\/?p=6515"},"modified":"2025-04-15T22:19:08","modified_gmt":"2025-04-16T03:19:08","slug":"listo-el-operativo-de-semana-santa-2025","status":"publish","type":"post","link":"https:\/\/pornuestrolaredo.com\/?p=6515","title":{"rendered":"Listo, el operativo de Semana Santa 2025"},"content":{"rendered":"<p><strong><em>NUEVO LAREDO.-<\/em><\/strong> Todo est\u00e1 listo para que la ciudadan\u00eda salga a festejar el tradicional \u201cD\u00eda de la Coneja\u201d, como se le conoce al Domingo de Resurrecci\u00f3n y las autoridades mantendr\u00e1n el Operativo Semana Santa 2025 para este fin de semana para salvaguardar la integridad de los visitantes a los espacios p\u00fablicos.<\/p>\n<p>Mediante una conferencia de prensa en el Parque Viveros, la alcaldesa Carmen Lilia Canturosas Villarreal y autoridades municipales dieron a conocer los detalles del Operativo Semana Santa 2025 que busca un D\u00eda de Pascua con saldo blanco. <\/p>\n<p>Canturosas Villarreal reafirm\u00f3 que gracias al trabajo constante del Gobierno Municipal, las familias podr\u00e1n disfrutar de espacios dignos y seguros para celebrar las fiestas de pascua.<\/p>\n<blockquote><p>Queremos que estas fiestas de pascua se lleven a cabo con saldo blanco, que seamos responsables y cuidemos de nuestras familiar, sabemos que son d\u00edas de mucho movimiento entre las familias es por eso que implementamos este operativo con la participaci\u00f3n de Protecci\u00f3n Civil y Bomberos, Tr\u00e1nsito y Vialidad, quienes mantendr\u00e1n puntos de vigilancia para evitar accidente y actuar de forma inmediata ante cualquier contingencia\u201d, destac\u00f3 la presidenta.<\/p><\/blockquote>\n<p>Se\u00f1al\u00f3 que Protecci\u00f3n Civil y Bomberos instalar\u00e1n cinco centros de mando con unidades operativas, ambulancia, oficiales operativos, as\u00ed como param\u00e9dicos, bomberos, mec\u00e1nicos y Guardia Municipal en los lugares de mayor afluencia.<\/p>\n<p>En las riberas del Bravo y en el Laguito, se contar\u00e1 con un equipo de rescate acu\u00e1tico, para atender cualquier incidente de manera inmediata. <\/p>\n<p>Tambi\u00e9n se realizar\u00e1n recorridos de supervisi\u00f3n en las principales vialidades, en las carreteras Nacional, Aeropuerto, Piedras Negras, Anahuac, Bulevar Luis Donaldo Colosio, Ejido Morelos, Ejido El Carrizo.<\/p>\n<p>El operativo de vigilancia por parte de Tr\u00e1nsito y Vialidad para el d\u00eda 20 de abril ser\u00e1 de la siguiente manera: en el Parque Viveros se mantendr\u00e1n elementos en la rotonda con una patrulla y se\u00f1alamiento, para controlar el tr\u00e1fico y resguardar el cruce seguro de peatones.<\/p>\n<p>En el Patinadero habr\u00e1 elementos con dos radiopatrullas controlando el acceso a la entrada al parque con se\u00f1alamiento, adem\u00e1s la otra unidad con elementos controlando la salida e incorporaci\u00f3n con dos elementos.<\/p>\n<p>En la Pen\u00ednsula &#8221; El Laguito&#8221; se contar\u00e1 con elementos y una unidad controlando el acceso, as\u00ed mismo se desplegar\u00e1n agentes en el Parque Narciso Mendoza, en las palapas del CITEV y se contar\u00e1 con dos gr\u00faas por cualquier apoyo solicitado por la ciudadan\u00eda.<\/p>\n<p>Even Arredondo Bravo, secretario de Servicios P\u00fablicos Primarios, indic\u00f3 que los espacios ya se encuentran listos para recibir a los visitantes, adem\u00e1s los pies mojados del Parque Viveros y El Laguito estar\u00e1n disponibles para que los ni\u00f1os pasen un momento refrescante. <\/p>\n<p>Arredondo Bravo se\u00f1al\u00f3 que se instalar\u00e1n luci\u00e9rnagas, un tipo de l\u00e1mparas m\u00f3viles en los diversos espacios para que los ciudadanos disfruten de su estancia cuando ya no haya luz solar. <\/p>\n<p>La secretaria de Bienestar Social, Liliana Arjona Barocio anunci\u00f3 tambi\u00e9n el horario extendido del Zool\u00f3gico y Acuario de Nuevo Laredo con horario de 11:00 de la ma\u00f1ana a 8:00 de la noche jueves, viernes, s\u00e1bado y domingo de esta semana. <\/p>\n<p>En esta rueda de prensa tambi\u00e9n estuvieron presentes el secretario del Ayuntamiento Juan \u00c1ngel Mart\u00ednez Salazar, quien asegur\u00f3 que todos los espacios recreativos municipales contar\u00e1n con vigilancia por parte de la Guardia Municipal para evitar comportamientos inadecuados y acciones que atenten contra la seguridad de los visitantes. <\/p>\n<p>Tambi\u00e9n estuvo presente el secretario de Educaci\u00f3n Cultura y Deporte, Ernesto Ferrara Theriot, quien inform\u00f3 que los espacios como la Ciudad Deportiva y la Unidad Deportiva permanecer\u00e1n abiertos, mientras que la nueva Infoteca \u201cSor Juana In\u00e9s de la Cruz, estar\u00e1 abierta de jueves a s\u00e1bado y contar\u00e1n con taller de Cuenta Cuentos, Museo Itinerante y Taller de dibujo y pintura.<\/p>\n","protected":false},"excerpt":{"rendered":"<p>Exhorta la alcaldesa Carmen Lilia Canturosas Villarreal a celebrar la Pascua con responsabilidad <\/p>\n","protected":false},"author":1,"featured_media":6516,"comment_status":"closed","ping_status":"closed","sticky":false,"template":"","format":"standard","meta":{"_crdt_document":"","_jetpack_memberships_contains_paid_content":false,"footnotes":"","jetpack_publicize_message":"","jetpack_publicize_feature_enabled":true,"jetpack_social_post_already_shared":true,"jetpack_social_options":{"image_generator_settings":{"template":"highway","default_image_id":0,"font":"","enabled":false},"version":2},"_wpas_customize_per_network":false},"categories":[4],"tags":[],"class_list":["post-6515","post","type-post","status-publish","format-standard","has-post-thumbnail","hentry","category-los-dos-laredos"],"magazineBlocksPostFeaturedMedia":{"thumbnail":"https:\/\/pornuestrolaredo.com\/wp-content\/uploads\/2025\/04\/Stereo-20250415-2-150x150.jpg","medium":"https:\/\/pornuestrolaredo.com\/wp-content\/uploads\/2025\/04\/Stereo-20250415-2-300x162.jpg","medium_large":"https:\/\/pornuestrolaredo.com\/wp-content\/uploads\/2025\/04\/Stereo-20250415-2-768x414.jpg","large":"https:\/\/pornuestrolaredo.com\/wp-content\/uploads\/2025\/04\/Stereo-20250415-2.jpg","1536x1536":"https:\/\/pornuestrolaredo.com\/wp-content\/uploads\/2025\/04\/Stereo-20250415-2.jpg","2048x2048":"https:\/\/pornuestrolaredo.com\/wp-content\/uploads\/2025\/04\/Stereo-20250415-2.jpg","morenews-large":"https:\/\/pornuestrolaredo.com\/wp-content\/uploads\/2025\/04\/Stereo-20250415-2.jpg","morenews-medium":"https:\/\/pornuestrolaredo.com\/wp-content\/uploads\/2025\/04\/Stereo-20250415-2.jpg"},"magazineBlocksPostAuthor":{"name":"Redactor","avatar":"https:\/\/pornuestrolaredo.com\/wp-content\/litespeed\/avatar\/dca1d7ec750c399f025f23b0b314f4cf.jpg?ver=1777612120"},"magazineBlocksPostCommentsNumber":false,"magazineBlocksPostExcerpt":"Exhorta la alcaldesa Carmen Lilia Canturosas Villarreal a celebrar la Pascua con responsabilidad ","magazineBlocksPostCategories":["Los dos Laredos"],"magazineBlocksPostViewCount":158,"magazineBlocksPostReadTime":4,"magazine_blocks_featured_image_url":{"full":["https:\/\/pornuestrolaredo.com\/wp-content\/uploads\/2025\/04\/Stereo-20250415-2.jpg",850,458,false],"medium":["https:\/\/pornuestrolaredo.com\/wp-content\/uploads\/2025\/04\/Stereo-20250415-2-300x162.jpg",300,162,true],"thumbnail":["https:\/\/pornuestrolaredo.com\/wp-content\/uploads\/2025\/04\/Stereo-20250415-2-150x150.jpg",150,150,true]},"magazine_blocks_author":{"display_name":"Redactor","author_link":"https:\/\/pornuestrolaredo.com\/?author=1"},"magazine_blocks_comment":0,"magazine_blocks_author_image":"https:\/\/pornuestrolaredo.com\/wp-content\/litespeed\/avatar\/dca1d7ec750c399f025f23b0b314f4cf.jpg?ver=1777612120","magazine_blocks_category":"<a href=\"#\" class=\"category-link category-link-4\">Los dos Laredos<\/a>","jetpack_publicize_connections":[],"featured_image_urls":{"full":["https:\/\/pornuestrolaredo.com\/wp-content\/uploads\/2025\/04\/Stereo-20250415-2.jpg",850,458,false],"thumbnail":["https:\/\/pornuestrolaredo.com\/wp-content\/uploads\/2025\/04\/Stereo-20250415-2-150x150.jpg",150,150,true],"medium":["https:\/\/pornuestrolaredo.com\/wp-content\/uploads\/2025\/04\/Stereo-20250415-2-300x162.jpg",300,162,true],"medium_large":["https:\/\/pornuestrolaredo.com\/wp-content\/uploads\/2025\/04\/Stereo-20250415-2-768x414.jpg",640,345,true],"large":["https:\/\/pornuestrolaredo.com\/wp-content\/uploads\/2025\/04\/Stereo-20250415-2.jpg",640,345,false],"1536x1536":["https:\/\/pornuestrolaredo.com\/wp-content\/uploads\/2025\/04\/Stereo-20250415-2.jpg",850,458,false],"2048x2048":["https:\/\/pornuestrolaredo.com\/wp-content\/uploads\/2025\/04\/Stereo-20250415-2.jpg",850,458,false],"morenews-large":["https:\/\/pornuestrolaredo.com\/wp-content\/uploads\/2025\/04\/Stereo-20250415-2.jpg",825,445,false],"morenews-medium":["https:\/\/pornuestrolaredo.com\/wp-content\/uploads\/2025\/04\/Stereo-20250415-2.jpg",590,318,false]},"author_info":{"info":["Redactor"]},"category_info":"<a href=\"https:\/\/pornuestrolaredo.com\/?cat=4\" rel=\"category\">Los dos Laredos<\/a>","tag_info":"Los dos Laredos","comment_count":"0","jetpack_featured_media_url":"https:\/\/pornuestrolaredo.com\/wp-content\/uploads\/2025\/04\/Stereo-20250415-2.jpg","jetpack_sharing_enabled":true,"_links":{"self":[{"href":"https:\/\/pornuestrolaredo.com\/index.php?rest_route=\/wp\/v2\/posts\/6515","targetHints":{"allow":["GET"]}}],"collection":[{"href":"https:\/\/pornuestrolaredo.com\/index.php?rest_route=\/wp\/v2\/posts"}],"about":[{"href":"https:\/\/pornuestrolaredo.com\/index.php?rest_route=\/wp\/v2\/types\/post"}],"author":[{"embeddable":true,"href":"https:\/\/pornuestrolaredo.com\/index.php?rest_route=\/wp\/v2\/users\/1"}],"replies":[{"embeddable":true,"href":"https:\/\/pornuestrolaredo.com\/index.php?rest_route=%2Fwp%2Fv2%2Fcomments&post=6515"}],"version-history":[{"count":1,"href":"https:\/\/pornuestrolaredo.com\/index.php?rest_route=\/wp\/v2\/posts\/6515\/revisions"}],"predecessor-version":[{"id":6517,"href":"https:\/\/pornuestrolaredo.com\/index.php?rest_route=\/wp\/v2\/posts\/6515\/revisions\/6517"}],"wp:featuredmedia":[{"embeddable":true,"href":"https:\/\/pornuestrolaredo.com\/index.php?rest_route=\/wp\/v2\/media\/6516"}],"wp:attachment":[{"href":"https:\/\/pornuestrolaredo.com\/index.php?rest_route=%2Fwp%2Fv2%2Fmedia&parent=6515"}],"wp:term":[{"taxonomy":"category","embeddable":true,"href":"https:\/\/pornuestrolaredo.com\/index.php?rest_route=%2Fwp%2Fv2%2Fcategories&post=6515"},{"taxonomy":"post_tag","embeddable":true,"href":"https:\/\/pornuestrolaredo.com\/index.php?rest_route=%2Fwp%2Fv2%2Ftags&post=6515"}],"curies":[{"name":"wp","href":"https:\/\/api.w.org\/{rel}","templated":true}]}}