{"id":6518,"date":"2025-04-16T23:14:07","date_gmt":"2025-04-17T04:14:07","guid":{"rendered":"https:\/\/pornuestrolaredo.com\/?p=6518"},"modified":"2025-04-16T23:15:38","modified_gmt":"2025-04-17T04:15:38","slug":"6518","status":"publish","type":"post","link":"https:\/\/pornuestrolaredo.com\/?p=6518","title":{"rendered":"Cerrar\u00e1n oficinas de Comapa por Semana Santa"},"content":{"rendered":"<p><strong><em>NUEVO LAREDO.-<\/em><\/strong> Por festividades de semana santa, este jueves 17 y viernes 18 de abril, las oficinas de la Comisi\u00f3n Municipal de Agua Potable y Alcantarillado (COMAPA) de Nuevo Laredo, permanecer\u00e1n cerradas.<\/p>\n<p>Las Cajas recaudadoras Centro, ubicada en Victoria 4610, frente al parque Narciso Mendoza; Palacio, en Dr. Mier, entre Gonz\u00e1lez y Camargo, Sector Centro; Tanque Matamoros, en Luis Caballero 2002, entre Per\u00fa y Venezuela de la colonia Palacios y la nueva caja Progreso ubicada en Prometeo #502 de la Col. El Progreso, cerrar\u00e1n puertas a partir de ma\u00f1ana jueves y reanudar\u00e1n funciones hasta el lunes 21 de abril.<\/p>\n<p>La caja recaudadora ubicada dentro de Paseo Reforma, operar\u00e1 \u00fanicamente el s\u00e1bado 19 de abril en su horario sabatino habitual de 9:00 de la ma\u00f1ana a 4:00 de la tarde.<\/p>\n<p>Silvia Fern\u00e1ndez Gallardo, gerente general de COMAPA, inform\u00f3 que en cuanto a la operaci\u00f3n de las plantas y las cuadrillas especializadas en atenci\u00f3n a fugas de agua potable y drenaje, estar\u00e1n operando con personal de guardia, listos para brindar la atenci\u00f3n en caso de contingencia.<\/p>\n<p>Comapa agradece su comprensi\u00f3n y pone a su disposici\u00f3n los n\u00fameros 072, as\u00ed como sus redes sociales para atenci\u00f3n a sus reportes.<\/p>\n","protected":false},"excerpt":{"rendered":"<p>La caja recaudadora ubicada dentro de Paseo Reforma, operar\u00e1 \u00fanicamente el s\u00e1bado 19 de abril en su horario sabatino habitual de 9:00 de la ma\u00f1ana a 4:00 de la tard<\/p>\n","protected":false},"author":1,"featured_media":6519,"comment_status":"closed","ping_status":"closed","sticky":false,"template":"","format":"standard","meta":{"_crdt_document":"","_jetpack_memberships_contains_paid_content":false,"footnotes":"","jetpack_publicize_message":"","jetpack_publicize_feature_enabled":true,"jetpack_social_post_already_shared":true,"jetpack_social_options":{"image_generator_settings":{"template":"highway","default_image_id":0,"font":"","enabled":false},"version":2},"_wpas_customize_per_network":false},"categories":[4],"tags":[],"class_list":["post-6518","post","type-post","status-publish","format-standard","has-post-thumbnail","hentry","category-los-dos-laredos"],"magazineBlocksPostFeaturedMedia":{"thumbnail":"https:\/\/pornuestrolaredo.com\/wp-content\/uploads\/2025\/04\/Stereo91-20250416-2-150x150.jpg","medium":"https:\/\/pornuestrolaredo.com\/wp-content\/uploads\/2025\/04\/Stereo91-20250416-2-300x194.jpg","medium_large":"https:\/\/pornuestrolaredo.com\/wp-content\/uploads\/2025\/04\/Stereo91-20250416-2-768x497.jpg","large":"https:\/\/pornuestrolaredo.com\/wp-content\/uploads\/2025\/04\/Stereo91-20250416-2.jpg","1536x1536":"https:\/\/pornuestrolaredo.com\/wp-content\/uploads\/2025\/04\/Stereo91-20250416-2.jpg","2048x2048":"https:\/\/pornuestrolaredo.com\/wp-content\/uploads\/2025\/04\/Stereo91-20250416-2.jpg","morenews-large":"https:\/\/pornuestrolaredo.com\/wp-content\/uploads\/2025\/04\/Stereo91-20250416-2.jpg","morenews-medium":"https:\/\/pornuestrolaredo.com\/wp-content\/uploads\/2025\/04\/Stereo91-20250416-2.jpg"},"magazineBlocksPostAuthor":{"name":"Redactor","avatar":"https:\/\/pornuestrolaredo.com\/wp-content\/litespeed\/avatar\/dca1d7ec750c399f025f23b0b314f4cf.jpg?ver=1777612120"},"magazineBlocksPostCommentsNumber":false,"magazineBlocksPostExcerpt":"La caja recaudadora ubicada dentro de Paseo Reforma, operar\u00e1 \u00fanicamente el s\u00e1bado 19 de abril en su horario sabatino habitual de 9:00 de la ma\u00f1ana a 4:00 de la tard","magazineBlocksPostCategories":["Los dos Laredos"],"magazineBlocksPostViewCount":126,"magazineBlocksPostReadTime":2,"magazine_blocks_featured_image_url":{"full":["https:\/\/pornuestrolaredo.com\/wp-content\/uploads\/2025\/04\/Stereo91-20250416-2.jpg",850,550,false],"medium":["https:\/\/pornuestrolaredo.com\/wp-content\/uploads\/2025\/04\/Stereo91-20250416-2-300x194.jpg",300,194,true],"thumbnail":["https:\/\/pornuestrolaredo.com\/wp-content\/uploads\/2025\/04\/Stereo91-20250416-2-150x150.jpg",150,150,true]},"magazine_blocks_author":{"display_name":"Redactor","author_link":"https:\/\/pornuestrolaredo.com\/?author=1"},"magazine_blocks_comment":0,"magazine_blocks_author_image":"https:\/\/pornuestrolaredo.com\/wp-content\/litespeed\/avatar\/dca1d7ec750c399f025f23b0b314f4cf.jpg?ver=1777612120","magazine_blocks_category":"<a href=\"#\" class=\"category-link category-link-4\">Los dos Laredos<\/a>","jetpack_publicize_connections":[],"featured_image_urls":{"full":["https:\/\/pornuestrolaredo.com\/wp-content\/uploads\/2025\/04\/Stereo91-20250416-2.jpg",850,550,false],"thumbnail":["https:\/\/pornuestrolaredo.com\/wp-content\/uploads\/2025\/04\/Stereo91-20250416-2-150x150.jpg",150,150,true],"medium":["https:\/\/pornuestrolaredo.com\/wp-content\/uploads\/2025\/04\/Stereo91-20250416-2-300x194.jpg",300,194,true],"medium_large":["https:\/\/pornuestrolaredo.com\/wp-content\/uploads\/2025\/04\/Stereo91-20250416-2-768x497.jpg",640,414,true],"large":["https:\/\/pornuestrolaredo.com\/wp-content\/uploads\/2025\/04\/Stereo91-20250416-2.jpg",640,414,false],"1536x1536":["https:\/\/pornuestrolaredo.com\/wp-content\/uploads\/2025\/04\/Stereo91-20250416-2.jpg",850,550,false],"2048x2048":["https:\/\/pornuestrolaredo.com\/wp-content\/uploads\/2025\/04\/Stereo91-20250416-2.jpg",850,550,false],"morenews-large":["https:\/\/pornuestrolaredo.com\/wp-content\/uploads\/2025\/04\/Stereo91-20250416-2.jpg",825,534,false],"morenews-medium":["https:\/\/pornuestrolaredo.com\/wp-content\/uploads\/2025\/04\/Stereo91-20250416-2.jpg",590,382,false]},"author_info":{"info":["Redactor"]},"category_info":"<a href=\"https:\/\/pornuestrolaredo.com\/?cat=4\" rel=\"category\">Los dos Laredos<\/a>","tag_info":"Los dos Laredos","comment_count":"0","jetpack_featured_media_url":"https:\/\/pornuestrolaredo.com\/wp-content\/uploads\/2025\/04\/Stereo91-20250416-2.jpg","jetpack_sharing_enabled":true,"_links":{"self":[{"href":"https:\/\/pornuestrolaredo.com\/index.php?rest_route=\/wp\/v2\/posts\/6518","targetHints":{"allow":["GET"]}}],"collection":[{"href":"https:\/\/pornuestrolaredo.com\/index.php?rest_route=\/wp\/v2\/posts"}],"about":[{"href":"https:\/\/pornuestrolaredo.com\/index.php?rest_route=\/wp\/v2\/types\/post"}],"author":[{"embeddable":true,"href":"https:\/\/pornuestrolaredo.com\/index.php?rest_route=\/wp\/v2\/users\/1"}],"replies":[{"embeddable":true,"href":"https:\/\/pornuestrolaredo.com\/index.php?rest_route=%2Fwp%2Fv2%2Fcomments&post=6518"}],"version-history":[{"count":2,"href":"https:\/\/pornuestrolaredo.com\/index.php?rest_route=\/wp\/v2\/posts\/6518\/revisions"}],"predecessor-version":[{"id":6521,"href":"https:\/\/pornuestrolaredo.com\/index.php?rest_route=\/wp\/v2\/posts\/6518\/revisions\/6521"}],"wp:featuredmedia":[{"embeddable":true,"href":"https:\/\/pornuestrolaredo.com\/index.php?rest_route=\/wp\/v2\/media\/6519"}],"wp:attachment":[{"href":"https:\/\/pornuestrolaredo.com\/index.php?rest_route=%2Fwp%2Fv2%2Fmedia&parent=6518"}],"wp:term":[{"taxonomy":"category","embeddable":true,"href":"https:\/\/pornuestrolaredo.com\/index.php?rest_route=%2Fwp%2Fv2%2Fcategories&post=6518"},{"taxonomy":"post_tag","embeddable":true,"href":"https:\/\/pornuestrolaredo.com\/index.php?rest_route=%2Fwp%2Fv2%2Ftags&post=6518"}],"curies":[{"name":"wp","href":"https:\/\/api.w.org\/{rel}","templated":true}]}}