{"id":6522,"date":"2025-04-17T15:37:35","date_gmt":"2025-04-17T20:37:35","guid":{"rendered":"https:\/\/pornuestrolaredo.com\/?p=6522"},"modified":"2025-04-17T15:37:35","modified_gmt":"2025-04-17T20:37:35","slug":"dan-fechas-para-entrega-de-tarjetas-para-becas-municipales","status":"publish","type":"post","link":"https:\/\/pornuestrolaredo.com\/?p=6522","title":{"rendered":"Dan fechas para entrega de tarjetas para becas municipales"},"content":{"rendered":"<p><strong><em>NUEVO LAREDO.-<\/em> <\/strong>M\u00e1s de 2 mil 600 estudiantes se sumar\u00e1n este a\u00f1o al programa de becas municipales, anunci\u00f3 la presidenta municipal Carmen Lilia Canturosas Villarreal anunci\u00f3 en sesi\u00f3n de Cabildo.<\/p>\n<p>Este apoyo forma parte del universo total de aproximadamente 8 mil 200 becas que ser\u00e1n otorgadas en 2025 a estudiantes de nivel b\u00e1sico y educaci\u00f3n especial.<\/p>\n<blockquote><p>Ustedes saben que para este gobierno la educaci\u00f3n es prioridad y nuestro compromiso de mejorar la calidad de vida de las familias neolaredenses es inquebrantable, es por eso por lo que este a\u00f1o adem\u00e1s de incrementar el monto e incluir a hermanos, tambi\u00e9n aumentamos el n\u00famero de estudiantes que estar\u00e1n recibiendo este apoyo del Gobierno Municipal\u201d, explic\u00f3 la alcaldesa.<\/p><\/blockquote>\n<p>Canturosas Villarreal dio a conocer que la entrega de los pl\u00e1sticos para los nuevos beneficiarios se llevar\u00e1 a cabo del 22 al 24 de abril en el Centro C\u00edvico, en un horario de 8:30 de la ma\u00f1ana a 2:30 de la tarde.<\/p>\n<p>El martes 22 de abril se entregar\u00e1 a los beneficiarios cuyos apellidos inicien con la letra de la A a la L, el mi\u00e9rcoles 23 de abril de la M a la Z y el jueves 24 de abril se atender\u00eda a quienes no pudieron acudir cuando les correspond\u00eda. <\/p>\n<p>Para poder recibir la tarjeta, los padres de los beneficiarios deber\u00e1n presentar una identificaci\u00f3n oficial (INE) amplificada al 150 por ciento y por ambos lados y comprobante de domicilio actualizado.<\/p>\n<p>La presidenta inform\u00f3 que la inversi\u00f3n correspondiente a este programa ser\u00e1 dispersada en tres etapas, iniciando con la primera entrega el 30 de abril. La segunda dispersi\u00f3n se realizar\u00e1 en el mes de mayo, y la tercera en junio.<\/p>\n<p>Por primera vez, esta beca incluir\u00e1 tambi\u00e9n a un hijo adicional, lo que representa un apoyo a\u00fan mayor para las familias beneficiadas, ya que ambos estudiantes recibir\u00e1n el recurso de forma paralela.<\/p>\n<p>Explic\u00f3 que los padres de familia cuyos hijos ya recib\u00edan beca el ciclo escolar, podr\u00e1n continuar utilizando la misma tarjeta, mientras que, a los nuevos, deber\u00e1n presentarse los d\u00edas se\u00f1alados, para conocer dicho estatus, pueden consultarlo en la p\u00e1gina www.nld.gob.mx.<\/p>\n<p>El monto a entregar a los becados de educaci\u00f3n especial y primaria es de 5 mil 500 pesos en total y mil 500 al segundo miembro de la familia becado.<\/p>\n","protected":false},"excerpt":{"rendered":"<p>La presidenta municipal Carmen Lilia Canturosas Villarreal anunci\u00f3 en sesi\u00f3n de Cabildo que se har\u00e1 del 22 al 24 de abril en el Centro C\u00edvico<\/p>\n","protected":false},"author":1,"featured_media":6523,"comment_status":"closed","ping_status":"closed","sticky":false,"template":"","format":"standard","meta":{"_crdt_document":"","_jetpack_memberships_contains_paid_content":false,"footnotes":"","jetpack_publicize_message":"","jetpack_publicize_feature_enabled":true,"jetpack_social_post_already_shared":true,"jetpack_social_options":{"image_generator_settings":{"template":"highway","default_image_id":0,"font":"","enabled":false},"version":2},"_wpas_customize_per_network":false},"categories":[4],"tags":[],"class_list":["post-6522","post","type-post","status-publish","format-standard","has-post-thumbnail","hentry","category-los-dos-laredos"],"magazineBlocksPostFeaturedMedia":{"thumbnail":"https:\/\/pornuestrolaredo.com\/wp-content\/uploads\/2025\/04\/Stereo91-20250417-1-150x150.jpg","medium":"https:\/\/pornuestrolaredo.com\/wp-content\/uploads\/2025\/04\/Stereo91-20250417-1-300x169.jpg","medium_large":"https:\/\/pornuestrolaredo.com\/wp-content\/uploads\/2025\/04\/Stereo91-20250417-1-768x432.jpg","large":"https:\/\/pornuestrolaredo.com\/wp-content\/uploads\/2025\/04\/Stereo91-20250417-1-1000x562.jpg","1536x1536":"https:\/\/pornuestrolaredo.com\/wp-content\/uploads\/2025\/04\/Stereo91-20250417-1-1536x863.jpg","2048x2048":"https:\/\/pornuestrolaredo.com\/wp-content\/uploads\/2025\/04\/Stereo91-20250417-1.jpg","morenews-large":"https:\/\/pornuestrolaredo.com\/wp-content\/uploads\/2025\/04\/Stereo91-20250417-1.jpg","morenews-medium":"https:\/\/pornuestrolaredo.com\/wp-content\/uploads\/2025\/04\/Stereo91-20250417-1.jpg"},"magazineBlocksPostAuthor":{"name":"Redactor","avatar":"https:\/\/pornuestrolaredo.com\/wp-content\/litespeed\/avatar\/dca1d7ec750c399f025f23b0b314f4cf.jpg?ver=1777612120"},"magazineBlocksPostCommentsNumber":false,"magazineBlocksPostExcerpt":"La presidenta municipal Carmen Lilia Canturosas Villarreal anunci\u00f3 en sesi\u00f3n de Cabildo que se har\u00e1 del 22 al 24 de abril en el Centro C\u00edvico","magazineBlocksPostCategories":["Los dos Laredos"],"magazineBlocksPostViewCount":117,"magazineBlocksPostReadTime":2,"magazine_blocks_featured_image_url":{"full":["https:\/\/pornuestrolaredo.com\/wp-content\/uploads\/2025\/04\/Stereo91-20250417-1.jpg",1594,896,false],"medium":["https:\/\/pornuestrolaredo.com\/wp-content\/uploads\/2025\/04\/Stereo91-20250417-1-300x169.jpg",300,169,true],"thumbnail":["https:\/\/pornuestrolaredo.com\/wp-content\/uploads\/2025\/04\/Stereo91-20250417-1-150x150.jpg",150,150,true]},"magazine_blocks_author":{"display_name":"Redactor","author_link":"https:\/\/pornuestrolaredo.com\/?author=1"},"magazine_blocks_comment":0,"magazine_blocks_author_image":"https:\/\/pornuestrolaredo.com\/wp-content\/litespeed\/avatar\/dca1d7ec750c399f025f23b0b314f4cf.jpg?ver=1777612120","magazine_blocks_category":"<a href=\"#\" class=\"category-link category-link-4\">Los dos Laredos<\/a>","jetpack_publicize_connections":[],"featured_image_urls":{"full":["https:\/\/pornuestrolaredo.com\/wp-content\/uploads\/2025\/04\/Stereo91-20250417-1.jpg",1594,896,false],"thumbnail":["https:\/\/pornuestrolaredo.com\/wp-content\/uploads\/2025\/04\/Stereo91-20250417-1-150x150.jpg",150,150,true],"medium":["https:\/\/pornuestrolaredo.com\/wp-content\/uploads\/2025\/04\/Stereo91-20250417-1-300x169.jpg",300,169,true],"medium_large":["https:\/\/pornuestrolaredo.com\/wp-content\/uploads\/2025\/04\/Stereo91-20250417-1-768x432.jpg",640,360,true],"large":["https:\/\/pornuestrolaredo.com\/wp-content\/uploads\/2025\/04\/Stereo91-20250417-1-1000x562.jpg",640,360,true],"1536x1536":["https:\/\/pornuestrolaredo.com\/wp-content\/uploads\/2025\/04\/Stereo91-20250417-1-1536x863.jpg",1536,863,true],"2048x2048":["https:\/\/pornuestrolaredo.com\/wp-content\/uploads\/2025\/04\/Stereo91-20250417-1.jpg",1594,896,false],"morenews-large":["https:\/\/pornuestrolaredo.com\/wp-content\/uploads\/2025\/04\/Stereo91-20250417-1.jpg",825,464,false],"morenews-medium":["https:\/\/pornuestrolaredo.com\/wp-content\/uploads\/2025\/04\/Stereo91-20250417-1.jpg",590,332,false]},"author_info":{"info":["Redactor"]},"category_info":"<a href=\"https:\/\/pornuestrolaredo.com\/?cat=4\" rel=\"category\">Los dos Laredos<\/a>","tag_info":"Los dos Laredos","comment_count":"0","jetpack_featured_media_url":"https:\/\/pornuestrolaredo.com\/wp-content\/uploads\/2025\/04\/Stereo91-20250417-1.jpg","jetpack_sharing_enabled":true,"_links":{"self":[{"href":"https:\/\/pornuestrolaredo.com\/index.php?rest_route=\/wp\/v2\/posts\/6522","targetHints":{"allow":["GET"]}}],"collection":[{"href":"https:\/\/pornuestrolaredo.com\/index.php?rest_route=\/wp\/v2\/posts"}],"about":[{"href":"https:\/\/pornuestrolaredo.com\/index.php?rest_route=\/wp\/v2\/types\/post"}],"author":[{"embeddable":true,"href":"https:\/\/pornuestrolaredo.com\/index.php?rest_route=\/wp\/v2\/users\/1"}],"replies":[{"embeddable":true,"href":"https:\/\/pornuestrolaredo.com\/index.php?rest_route=%2Fwp%2Fv2%2Fcomments&post=6522"}],"version-history":[{"count":1,"href":"https:\/\/pornuestrolaredo.com\/index.php?rest_route=\/wp\/v2\/posts\/6522\/revisions"}],"predecessor-version":[{"id":6524,"href":"https:\/\/pornuestrolaredo.com\/index.php?rest_route=\/wp\/v2\/posts\/6522\/revisions\/6524"}],"wp:featuredmedia":[{"embeddable":true,"href":"https:\/\/pornuestrolaredo.com\/index.php?rest_route=\/wp\/v2\/media\/6523"}],"wp:attachment":[{"href":"https:\/\/pornuestrolaredo.com\/index.php?rest_route=%2Fwp%2Fv2%2Fmedia&parent=6522"}],"wp:term":[{"taxonomy":"category","embeddable":true,"href":"https:\/\/pornuestrolaredo.com\/index.php?rest_route=%2Fwp%2Fv2%2Fcategories&post=6522"},{"taxonomy":"post_tag","embeddable":true,"href":"https:\/\/pornuestrolaredo.com\/index.php?rest_route=%2Fwp%2Fv2%2Ftags&post=6522"}],"curies":[{"name":"wp","href":"https:\/\/api.w.org\/{rel}","templated":true}]}}